{"id":12676,"date":"2013-07-03T17:51:45","date_gmt":"2013-07-03T14:51:45","guid":{"rendered":"https:\/\/www.enerjigazetesi.ist\/?p=12676"},"modified":"2013-07-03T17:52:27","modified_gmt":"2013-07-03T14:52:27","slug":"filli-boya-yalitim-ve-wwf-daha-iyi-bir-dunya-icin-ciktigi-turkiye-turu","status":"publish","type":"post","link":"https:\/\/www.enerjigazetesi.ist\/en\/filli-boya-yalitim-ve-wwf-daha-iyi-bir-dunya-icin-ciktigi-turkiye-turu\/","title":{"rendered":"(Turkish) Filli Boya Yal\u0131t\u0131m Ve Wwf, \u201cDaha \u0130yi Bir D\u00fcnya\u201d \u0130\u00e7in \u00c7\u0131kt\u0131\u011f\u0131 T\u00fcrkiye Turu&#8230;"},"content":{"rendered":"<p class=\"qtranxs-available-languages-message qtranxs-available-languages-message-en\">Sorry, this entry is only available in <a href=\"https:\/\/www.enerjigazetesi.ist\/tr\/wp-json\/wp\/v2\/posts\/12676\" class=\"qtranxs-available-language-link qtranxs-available-language-link-tr\" title=\"Turkish\">Turkish<\/a>. For the sake of viewer convenience, the content is shown below in the alternative language. You may click the link to switch the active language.<\/p><p><\/p>\n<p style=\"text-align: left;\" align=\"center\"><strong>Filli Boya Yal\u0131t\u0131m Grubu ve WWF T\u00fcrkiye i\u015fbirli\u011fiyle ger\u00e7ekle\u015ftirilen<\/strong><strong>,<\/strong><strong> \u0130klim de\u011fi\u015fikli\u011fi ile m\u00fccadelede enerji verimlili\u011fi ve \u0131s\u0131 yal\u0131t\u0131m\u0131n\u0131n \u00f6neminin anlat\u0131ld\u0131\u011f\u0131 \u201cDAHA \u0130Y\u0130 B\u0130R D\u00dcNYA\u201d projesi \u0130zmir\u2019de ger\u00e7ekle\u015ftirilen son seminerle tamamland\u0131.<\/strong><\/p>\n<p style=\"text-align: left;\">K\u00fcresel iklim de\u011fi\u015fikli\u011fi d\u00fcnyam\u0131z\u0131 tehdit ediyor. Petrol, do\u011falgaz ve k\u00f6m\u00fcr gibi fosil\u00a0yak\u0131tlar\u0131n kullan\u0131m\u0131ndan a\u00e7\u0131\u011fa \u00e7\u0131kan sera gazlar\u0131n\u0131n atmosferde birikmesi iklim de\u011fi\u015fikli\u011fine neden oluyor. K\u00fcresel \u00f6l\u00e7ekte ortalama s\u0131cakl\u0131k ge\u00e7ti\u011fimiz y\u00fczy\u0131l i\u00e7inde 0,7 \u00b0C kadar artt\u0131. 2\u00b0C&#8217;lik art\u0131\u015f\u0131n ise gezegenimizi geri d\u00f6n\u00fc\u015f\u00fc olmayan felaketlere s\u00fcr\u00fckleyece\u011fi \u00f6ng\u00f6r\u00fcl\u00fcyor. T\u00fcrkiye ise, k\u00fcresel iklim de\u011fi\u015fikli\u011finin etkilerinden en fazla zarar g\u00f6recek \u00fclkeler aras\u0131nda yer al\u0131yor. \u0130klim de\u011fi\u015fikli\u011fi T\u00fcrkiye&#8217;yi kurakl\u0131k, tar\u0131mda ve turizmde gelir kayb\u0131, orman yang\u0131nlar\u0131nda art\u0131\u015f, biyolojik \u00e7e\u015fitlili\u011fin kayb\u0131 olarak etkileyecek. Filli Boya Yal\u0131t\u0131m, t\u00fcm bu olumsuz i\u015faretler kar\u015f\u0131s\u0131nda sessiz kalamayarak ba\u015flatt\u0131\u011f\u0131 bilin\u00e7lendirme yolculu\u011funun ilk y\u0131l\u0131n\u0131 tamamlad\u0131.<\/p>\n<p style=\"text-align: left;\"><a href=\"https:\/\/www.enerjigazetesi.ist\/wp-content\/uploads\/2013\/07\/daha-iyi-bir-dunya-projesi.jpg\"><img loading=\"lazy\" class=\"alignright size-medium wp-image-12677\" title=\"daha-iyi-bir-dunya-projesi\" src=\"https:\/\/www.enerjigazetesi.ist\/wp-content\/uploads\/2013\/07\/daha-iyi-bir-dunya-projesi-300x236.jpg\" alt=\"\" width=\"300\" height=\"236\" srcset=\"https:\/\/www.enerjigazetesi.ist\/wp-content\/uploads\/2013\/07\/daha-iyi-bir-dunya-projesi-300x236.jpg 300w, https:\/\/www.enerjigazetesi.ist\/wp-content\/uploads\/2013\/07\/daha-iyi-bir-dunya-projesi-500x393.jpg 500w, https:\/\/www.enerjigazetesi.ist\/wp-content\/uploads\/2013\/07\/daha-iyi-bir-dunya-projesi-63x50.jpg 63w, https:\/\/www.enerjigazetesi.ist\/wp-content\/uploads\/2013\/07\/daha-iyi-bir-dunya-projesi.jpg 531w\" sizes=\"(max-width: 300px) 100vw, 300px\" \/><\/a>T\u00fcm bu tehlikelere kar\u015f\u0131 ge\u00e7 olmadan harekete ge\u00e7mek ad\u0131na, Filli Boya Yal\u0131t\u0131m Grubu \u2013Capatect markas\u0131 ve WWF T\u00fcrkiye, <strong>\u201cDAHA \u0130Y\u0130 B\u0130R D\u00dcNYA\u201d<\/strong> projesini ba\u015flatt\u0131. T\u00fcrkiye\u2019yi ad\u0131m ad\u0131m gezerek,\u00a0 iklim de\u011fi\u015fikli\u011fi ve enerji verimlili\u011fi konusunda fark\u0131ndal\u0131k yaratmak, Karbon Ayak \u0130zi\u2019mizi azaltmak i\u00e7in \u0131s\u0131 yal\u0131t\u0131m\u0131 ba\u015fta olmak \u00fczere alabilece\u011fimiz \u00f6nlemler hakk\u0131nda kamuoyunu bilgilendirdi.<\/p>\n<p style=\"text-align: left;\">Proje kapsam\u0131nda son 1 y\u0131l i\u00e7erisinde Konya, Bursa, Erzurum, Isparta, Trabzon ve \u0130zmir\u2019de Belediyelerin, \u00c7evre ve \u015eehircilik Bakanl\u0131\u011f\u0131 \u0130l M\u00fcd\u00fcrl\u00fckleri\u2019nin, Mimarlar Odalar\u0131n\u0131n, Makine M\u00fchendisi, \u0130n\u015faat M\u00fchendisi ve Elektrik M\u00fchendisi Odalar\u0131n\u0131n, Sanayi ve Ticaret Odalar\u0131\u2019n\u0131n ve \u00fcniversitelerin i\u015fbirli\u011fi ile seminerler ger\u00e7ekle\u015ftirildi. Bu seminerlerde hem k\u00fcresel iklim de\u011fi\u015fikli\u011finin k\u00fcresel, ulusal ve b\u00f6lgesel \u00f6l\u00e7ekteki etkileri, hem de binalarda enerji verimlili\u011fi ve \u0131s\u0131 yal\u0131t\u0131m\u0131 gibi al\u0131nabilecek en ba\u015fl\u0131ca \u00f6nlemler tart\u0131\u015f\u0131ld\u0131.<\/p>\n<p style=\"text-align: left;\">\u00a0<strong>\u201cBinalarda Enerji Verimlili\u011fi\u201d,<\/strong> \u201c<strong>S\u00fcrd\u00fcr\u00fclebilir Bir D\u00fcnya \u0130\u00e7in Binalarda Is\u0131 Yal\u0131t\u0131m\u0131n \u00d6nemi\u201d,<\/strong> <strong>\u201cIs\u0131 Yal\u0131t\u0131m\u0131 ve \u00c7evre Koruma \u00d6nlemleri\u201d<\/strong>, \u201c<strong>\u0130klim De\u011fi\u015fiklikleri ve Enerji Tasarrufu\u201d<\/strong> gibi konular\u0131n konu\u015fuldu\u011fu \u201c<strong>Daha \u0130yi Bir D\u00fcnya<\/strong>\u201d projesiyle<strong> Filli Boya Yal\u0131t\u0131m ve WWF T\u00fcrkiye<\/strong> binlerce ki\u015fiye ula\u015ft\u0131 ve konuyla ilgili T\u00fcrkiye\u2019nin farkl\u0131 b\u00f6lgelerindeki yerel y\u00f6neticileri, sekt\u00f6r profesyonellerini, akademisyenleri ve yerel halk\u0131 bulu\u015fturdu.<\/p>\n<p style=\"text-align: left;\"><strong>Betek Pazarlama Genel M\u00fcd\u00fcr Yard\u0131mc\u0131s\u0131 G\u00fclay Dindoruk,<\/strong> ger\u00e7ekle\u015ftirdikleri bu sosyal sorumluluk projesi kapsam\u0131nda \u015funlar\u0131 s\u00f6yledi: \u201c\u00dclkemizde enerjinin %37,2\u2019sini binalarda, %32\u2019sini sanayide ve %20\u2019sini ula\u015f\u0131mda harc\u0131yoruz. Binalarda t\u00fcketilen enerjinin en b\u00fcy\u00fck pay\u0131 ise \u0131s\u0131tmadan kaynaklan\u0131yor. Konutlarda t\u00fcketilen toplam enerjinin yakla\u015f\u0131k %70\u2019i \u0131s\u0131tma i\u00e7in t\u00fcketiliyor. Bu y\u00fczden \u2018\u0131s\u0131 yal\u0131t\u0131m\u0131\u2019 enerji tasarrufu i\u00e7in en \u00f6nemli ara\u00e7lardan birisi olarak kar\u015f\u0131m\u0131za \u00e7\u0131k\u0131yor. Bunu %14 ile su \u0131s\u0131tma, %14 ile elektrikli ev aletleri ve ayd\u0131nlatma ve %4 ile yemek pi\u015firme takip ediyor. \u00c7o\u011fumuz apartmanlarda oturdu\u011fu i\u00e7in \u0131s\u0131 yal\u0131t\u0131m\u0131 i\u00e7in apartman sakinlerinin %51\u2019inin \u0131s\u0131 yal\u0131m\u0131n\u0131 yapt\u0131rmak istemesi yeterli oluyor. Is\u0131 yal\u0131t\u0131m\u0131 bu bak\u0131mdan toplu karar gerektiren ve fark\u0131ndal\u0131\u011f\u0131n artmas\u0131 ile yayg\u0131nla\u015fabilecek bir \u00f6nlem.<\/p>\n<p style=\"text-align: left;\">Asl\u0131nda bir bireyin alabilece\u011fi \u00f6nlemler aras\u0131nda da en etkili \u00f6nlem. Is\u0131 yal\u0131t\u0131m\u0131na ek olarak, g\u00fcnl\u00fck hayat\u0131m\u0131zda yapaca\u011f\u0131m\u0131z k\u00fc\u00e7\u00fck de\u011fi\u015fikliklerle, ki bu kullan\u0131m al\u0131\u015fkanl\u0131\u011f\u0131n\u0131 de\u011fi\u015ftirmek sureti ile veya verimsizi verimli ile de\u011fi\u015ftirmek sureti ile olabilir, enerji tasarrufunda \u00f6nemli kazan\u0131mlar elde edebiliriz. \u00d6rne\u011fin ya\u015fad\u0131\u011f\u0131m\u0131z ortamlar\u0131 gerekti\u011finden fazla \u0131s\u0131tmamak veya so\u011futmamak gibi. Ayr\u0131ca, di\u011fer \u00f6nemli bir husus, \u00f6zellikle klimalar\u0131n s\u0131k\u00e7a kullan\u0131ld\u0131\u011f\u0131 s\u0131cak b\u00f6lgelerde \u0131s\u0131 yal\u0131t\u0131m\u0131 olmayan binalar\u0131n cephesinin ve \u00e7at\u0131s\u0131n\u0131n a\u00e7\u0131k renge boyanmas\u0131, g\u00fcne\u015fin \u0131s\u0131s\u0131n\u0131n bina i\u00e7erisine girmesine bir nebze etkili oluyor. Ancak, binalar\u0131n \u0131s\u0131 yal\u0131t\u0131ml\u0131 olmas\u0131, binalar\u0131 yaz\u0131n s\u0131caktan korunmak i\u00e7in (k\u0131\u015f\u0131n so\u011fuktan korunmak kadar) gerekli. Is\u0131 yal\u0131t\u0131m\u0131n\u0131n sa\u011flad\u0131\u011f\u0131 tasarruf ile nas\u0131l k\u0131\u015f\u0131n evimizi \u0131s\u0131tmak i\u00e7in atmosfere sald\u0131\u011f\u0131m\u0131z sera azlar\u0131n\u0131 azalt\u0131yorsak, benzer \u015fekilde yaz\u0131n evimizi so\u011futmak i\u00e7in harcad\u0131\u011f\u0131m\u0131z elektri\u011fi azalt\u0131yoruz. T\u00fcrkiye\u2019de elektrik a\u011f\u0131rl\u0131kl\u0131 olarak termik santrallerde \u00fcretildi\u011fi i\u00e7in, evde tasarruf edilen elektrik asl\u0131nda termik santralde daha az elektrik \u00fcretimi ve elektri\u011fi evimize ta\u015f\u0131ma esnas\u0131nda daha az kay\u0131p\/ka\u00e7ak demek.<\/p>\n<p style=\"text-align: left;\">Biz, Filli Boya Yal\u0131t\u0131m olarak WWF ile beraber yapt\u0131\u011f\u0131m\u0131z Daha \u0130yi Bir D\u00fcnya ile, k\u00fcresel iklim de\u011fi\u015fikli\u011fine kar\u015f\u0131 fark\u0131ndal\u0131\u011f\u0131 artt\u0131rmak istedik. \u0130klim de\u011fi\u015fikli\u011fi hayat\u0131m\u0131z\u0131 son 10 y\u0131lda fark edilir derecede etkilemeye ba\u015flad\u0131. Bu de\u011fi\u015fimi afet art\u0131\u015f say\u0131lar\u0131ndan g\u00f6rmek m\u00fcmk\u00fcn. Haberlerde art\u0131k \u00e7ok daha s\u0131k\u00e7a sellerden, hortumlardan, kuruyan g\u00f6llerden, say\u0131lar\u0131 dengesiz bir \u015fekilde artan veya azalan bitki ve hayvan t\u00fcrlerinden, yaz\u0131n k\u0131r\u0131lacak s\u0131cakl\u0131k rekorlar\u0131n\u0131 okur izler olduk.<\/p>\n<p style=\"text-align: left;\">Bilimi insanlar\u0131n\u0131n neredeyse tamam\u0131 bu gidi\u015fat ile gelecekte kar\u015f\u0131la\u015faca\u011f\u0131m\u0131z felaketlerin \u00e7ok daha b\u00fcy\u00fck \u00f6l\u00e7ekli olaca\u011f\u0131 konusunda hemfikirken, bug\u00fcnden bir \u015feyler yapmay\u0131 biz bir opsiyon de\u011fil, zorunluluk olarak g\u00f6r\u00fcyoruz. Biz i\u015fte bu bak\u0131\u015f a\u00e7\u0131s\u0131 ile Filli Boya Yal\u0131t\u0131m olarak k\u00fcresel iklim de\u011fi\u015fikli\u011fini ile m\u00fccadele konusunu devaml\u0131 g\u00fcndemimizde tutuyor, bu konuda ki toplumsal fark\u0131ndal\u0131\u011f\u0131 artt\u0131rmak i\u00e7in \u00e7al\u0131\u015fmalar yap\u0131yoruz. Yapt\u0131\u011f\u0131m\u0131z seminerlerin yan\u0131 s\u0131ra, son 1 y\u0131lda web ortam\u0131nda yapt\u0131\u011f\u0131m\u0131z karbon denkle\u015ftirme projesi, bayi kongresi, enerji kongresi, ye\u015fil i\u015f konferans\u0131 gibi y\u00fcksek kat\u0131l\u0131ml\u0131 organizasyonlarla gerek sunum gerek stand aktiviteleri ile de 30.000 ki\u015fiye ula\u015ft\u0131k.\u201d<\/p>\n<p style=\"text-align: left;\">\u00c7evre ve s\u00fcrd\u00fcr\u00fclebilirlik politikalar\u0131yla her ge\u00e7en g\u00fcn sekt\u00f6re ve \u00fclkeye katk\u0131da bulunan Filli Boya Yal\u0131t\u0131m, \u00e7evre dostu \u00fcr\u00fcnleri ve projeleriyle daha iyi bir d\u00fcnya i\u00e7in \u00e7al\u0131\u015fmaya devam edecektir.<\/p>\n<p style=\"text-align: left;\">Yay\u0131nc\u0131: <a href=\"https:\/\/www.enerjigazetesi.ist\" target=\"_blank\">Enerji Gazetesi<\/a><\/p>\n<p><\/p>","protected":false},"excerpt":{"rendered":"<p>Sorry, this entry is only available in Turkish. For the sake of viewer convenience, the content is shown below in the alternative language. You may click the link to switch the active language. Filli Boya Yal\u0131t\u0131m Grubu ve WWF T\u00fcrkiye i\u015fbirli\u011fiyle ger\u00e7ekle\u015ftirilen, \u0130klim de\u011fi\u015fikli\u011fi ile m\u00fccadelede enerji verimlili\u011fi ve \u0131s\u0131 yal\u0131t\u0131m\u0131n\u0131n \u00f6neminin anlat\u0131ld\u0131\u011f\u0131 \u201cDAHA \u0130Y\u0130 [&hellip;]<\/p>\n","protected":false},"author":1,"featured_media":12677,"comment_status":"open","ping_status":"open","sticky":false,"template":"","format":"standard","meta":[],"categories":[53,52],"tags":[488,6567,6564,63,67,103,12,686,6019,6562,4404,380,6563,6565,6566,5034,687],"views":1892,"_links":{"self":[{"href":"https:\/\/www.enerjigazetesi.ist\/en\/wp-json\/wp\/v2\/posts\/12676"}],"collection":[{"href":"https:\/\/www.enerjigazetesi.ist\/en\/wp-json\/wp\/v2\/posts"}],"about":[{"href":"https:\/\/www.enerjigazetesi.ist\/en\/wp-json\/wp\/v2\/types\/post"}],"author":[{"embeddable":true,"href":"https:\/\/www.enerjigazetesi.ist\/en\/wp-json\/wp\/v2\/users\/1"}],"replies":[{"embeddable":true,"href":"https:\/\/www.enerjigazetesi.ist\/en\/wp-json\/wp\/v2\/comments?post=12676"}],"version-history":[{"count":3,"href":"https:\/\/www.enerjigazetesi.ist\/en\/wp-json\/wp\/v2\/posts\/12676\/revisions"}],"predecessor-version":[{"id":12680,"href":"https:\/\/www.enerjigazetesi.ist\/en\/wp-json\/wp\/v2\/posts\/12676\/revisions\/12680"}],"wp:featuredmedia":[{"embeddable":true,"href":"https:\/\/www.enerjigazetesi.ist\/en\/wp-json\/wp\/v2\/media\/12677"}],"wp:attachment":[{"href":"https:\/\/www.enerjigazetesi.ist\/en\/wp-json\/wp\/v2\/media?parent=12676"}],"wp:term":[{"taxonomy":"category","embeddable":true,"href":"https:\/\/www.enerjigazetesi.ist\/en\/wp-json\/wp\/v2\/categories?post=12676"},{"taxonomy":"post_tag","embeddable":true,"href":"https:\/\/www.enerjigazetesi.ist\/en\/wp-json\/wp\/v2\/tags?post=12676"}],"curies":[{"name":"wp","href":"https:\/\/api.w.org\/{rel}","templated":true}]}}