{"id":126744,"date":"2021-01-10T08:00:50","date_gmt":"2021-01-10T05:00:50","guid":{"rendered":"https:\/\/www.enerjigazetesi.ist\/?p=126744"},"modified":"2021-01-10T08:00:50","modified_gmt":"2021-01-10T05:00:50","slug":"oib-tedas-in-erzincandaki-arsasi-nin-agaogluna-satilmasina-karar-verdi","status":"publish","type":"post","link":"https:\/\/www.enerjigazetesi.ist\/en\/oib-tedas-in-erzincandaki-arsasi-nin-agaogluna-satilmasina-karar-verdi\/","title":{"rendered":"(Turkish) &#8217;\u00d6\u0130B&#8217; TEDA\u015e\u2019\u0131n Erzincan\u2019daki Arsas\u0131n\u0131n A\u011fao\u011flu&#8217;na Sat\u0131lmas\u0131na Karar Verdi"},"content":{"rendered":"<p class=\"qtranxs-available-languages-message qtranxs-available-languages-message-en\">Sorry, this entry is only available in <a href=\"https:\/\/www.enerjigazetesi.ist\/tr\/wp-json\/wp\/v2\/posts\/126744\" class=\"qtranxs-available-language-link qtranxs-available-language-link-tr\" title=\"Turkish\">Turkish<\/a>. For the sake of viewer convenience, the content is shown below in the alternative language. You may click the link to switch the active language.<\/p><p><\/p>\n<h1>\u00d6\u0130B taraf\u0131ndan TEDA\u015e\u2019a ait olan Erzincan\u2019da yer alan 3.337,15m<sup>2<\/sup>\u2019lik arsa A\u011fao\u011flu Toprak <img loading=\"lazy\" class=\"alignright wp-image-126748\" src=\"https:\/\/www.enerjigazetesi.ist\/wp-content\/uploads\/2021\/01\/oib-tedas-in-erzincandaki-arsasi-nin-agaogluna-satilmasina-karar-verdi.jpg\" alt=\"\" width=\"320\" height=\"195\" srcset=\"https:\/\/www.enerjigazetesi.ist\/wp-content\/uploads\/2021\/01\/oib-tedas-in-erzincandaki-arsasi-nin-agaogluna-satilmasina-karar-verdi.jpg 656w, https:\/\/www.enerjigazetesi.ist\/wp-content\/uploads\/2021\/01\/oib-tedas-in-erzincandaki-arsasi-nin-agaogluna-satilmasina-karar-verdi-300x183.jpg 300w, https:\/\/www.enerjigazetesi.ist\/wp-content\/uploads\/2021\/01\/oib-tedas-in-erzincandaki-arsasi-nin-agaogluna-satilmasina-karar-verdi-500x305.jpg 500w, https:\/\/www.enerjigazetesi.ist\/wp-content\/uploads\/2021\/01\/oib-tedas-in-erzincandaki-arsasi-nin-agaogluna-satilmasina-karar-verdi-80x50.jpg 80w\" sizes=\"(max-width: 320px) 100vw, 320px\" \/>A\u015e\u2019ye 4,34 milyon liraya sat\u0131ld\u0131.<\/h1>\n<p><strong>\u00d6zelle\u015ftirme \u0130daresi Ba\u015fkanl\u0131\u011f\u0131 (\u00d6\u0130B),<\/strong> <strong>T\u00fcrkiye Elektrik Da\u011f\u0131t\u0131m A\u015e<\/strong>\u2019ye\u00a0ait Erzincan Merkez Cumhuriyet Mahallesi <strong>2312<\/strong> ada <strong>1<\/strong> nolu parselde bulunan <strong>3.337,15m<sup>2<\/sup><\/strong> y\u00fcz\u00f6l\u00e7\u00fcml\u00fc ta\u015f\u0131nmaz\u0131 <strong>sat\u0131\u015f y\u00f6ntemiyle<\/strong> \u00f6zelle\u015ftirmek \u00fczere ihale ile ve <strong>4.434.000 TL<\/strong> bedel kar\u015f\u0131l\u0131\u011f\u0131nda <strong>A\u011fao\u011flu Toprak Sanayi Ticaret A\u015e<\/strong>\u2019ye sat\u0131lmas\u0131na y\u00f6nelik bir karar ald\u0131.<\/p>\n<p><strong>\u00d6\u0130B<\/strong>\u2019nin karar\u0131na g\u00f6re <strong>A\u011fao\u011flu Toprak A\u015e<\/strong> s\u00f6zle\u015fme imzalamaz ve(ya) di\u011fer y\u00fck\u00fcml\u00fcl\u00fcklerini yerine getirmezse bu ta\u015f\u0131nmaz\u0131n\u00a0<strong>4.322.000 TL<\/strong> bedelle en y\u00fcksek <strong>2&#8217;inci teklifi<\/strong> vermi\u015f olan Yurtpa Teknoloji \u00dcr\u00fcnleri Ticaret A\u015e\u2019ye sat\u0131\u015f\u0131 ger\u00e7ekle\u015fecektir.<\/p>","protected":false},"excerpt":{"rendered":"<p>Sorry, this entry is only available in Turkish. For the sake of viewer convenience, the content is shown below in the alternative language. You may click the link to switch the active language. \u00d6\u0130B taraf\u0131ndan TEDA\u015e\u2019a ait olan Erzincan\u2019da yer alan 3.337,15m2\u2019lik arsa A\u011fao\u011flu Toprak A\u015e\u2019ye 4,34 milyon liraya sat\u0131ld\u0131. \u00d6zelle\u015ftirme \u0130daresi Ba\u015fkanl\u0131\u011f\u0131 (\u00d6\u0130B), T\u00fcrkiye [&hellip;]<\/p>\n","protected":false},"author":1,"featured_media":126748,"comment_status":"open","ping_status":"open","sticky":false,"template":"","format":"standard","meta":[],"categories":[51,53],"tags":[84671,53114,52259,81241,84672],"views":105,"_links":{"self":[{"href":"https:\/\/www.enerjigazetesi.ist\/en\/wp-json\/wp\/v2\/posts\/126744"}],"collection":[{"href":"https:\/\/www.enerjigazetesi.ist\/en\/wp-json\/wp\/v2\/posts"}],"about":[{"href":"https:\/\/www.enerjigazetesi.ist\/en\/wp-json\/wp\/v2\/types\/post"}],"author":[{"embeddable":true,"href":"https:\/\/www.enerjigazetesi.ist\/en\/wp-json\/wp\/v2\/users\/1"}],"replies":[{"embeddable":true,"href":"https:\/\/www.enerjigazetesi.ist\/en\/wp-json\/wp\/v2\/comments?post=126744"}],"version-history":[{"count":0,"href":"https:\/\/www.enerjigazetesi.ist\/en\/wp-json\/wp\/v2\/posts\/126744\/revisions"}],"wp:featuredmedia":[{"embeddable":true,"href":"https:\/\/www.enerjigazetesi.ist\/en\/wp-json\/wp\/v2\/media\/126748"}],"wp:attachment":[{"href":"https:\/\/www.enerjigazetesi.ist\/en\/wp-json\/wp\/v2\/media?parent=126744"}],"wp:term":[{"taxonomy":"category","embeddable":true,"href":"https:\/\/www.enerjigazetesi.ist\/en\/wp-json\/wp\/v2\/categories?post=126744"},{"taxonomy":"post_tag","embeddable":true,"href":"https:\/\/www.enerjigazetesi.ist\/en\/wp-json\/wp\/v2\/tags?post=126744"}],"curies":[{"name":"wp","href":"https:\/\/api.w.org\/{rel}","templated":true}]}}