{"id":126730,"date":"2021-01-10T07:35:23","date_gmt":"2021-01-10T04:35:23","guid":{"rendered":"https:\/\/www.enerjigazetesi.ist\/?p=126730"},"modified":"2021-01-10T07:39:07","modified_gmt":"2021-01-10T04:39:07","slug":"tupras-tan-atik-su-geri-kazanim-yatirimlari-ve-su-verimliligi-calismalari","status":"publish","type":"post","link":"https:\/\/www.enerjigazetesi.ist\/en\/tupras-tan-atik-su-geri-kazanim-yatirimlari-ve-su-verimliligi-calismalari\/","title":{"rendered":"(Turkish) T\u00fcpra\u015f&#8217;tan At\u0131k Su Geri Kazan\u0131m Yat\u0131r\u0131mlar\u0131 ve Su Verimlili\u011fi \u00c7al\u0131\u015fmalar\u0131!"},"content":{"rendered":"<p class=\"qtranxs-available-languages-message qtranxs-available-languages-message-en\">Sorry, this entry is only available in <a href=\"https:\/\/www.enerjigazetesi.ist\/tr\/wp-json\/wp\/v2\/posts\/126730\" class=\"qtranxs-available-language-link qtranxs-available-language-link-tr\" title=\"Turkish\">Turkish<\/a>. For the sake of viewer convenience, the content is shown below in the alternative language. You may click the link to switch the active language.<\/p><p><\/p>\n<h1><strong>T\u00fcpra\u015f, at\u0131k su geri kazan\u0131m yat\u0131r\u0131mlar\u0131 ve su verimlili\u011fi \u00e7al\u0131\u015fmalar\u0131yla, son 5 y\u0131lda 2.5 milyon n\u00fcfuslu bir \u015fehrin y\u0131ll\u0131k su t\u00fcketimine e\u015fde\u011fer tasarruf sa\u011flad\u0131.<\/strong><\/h1>\n<h1><strong><img loading=\"lazy\" class=\"alignright size-full wp-image-126732\" src=\"https:\/\/www.enerjigazetesi.ist\/wp-content\/uploads\/2021\/01\/tupras-tan-atik-su-geri-kazanim-yatirimlari-ve-su-verimliligi-calismalari-1.jpg\" alt=\"\" width=\"325\" height=\"488\" srcset=\"https:\/\/www.enerjigazetesi.ist\/wp-content\/uploads\/2021\/01\/tupras-tan-atik-su-geri-kazanim-yatirimlari-ve-su-verimliligi-calismalari-1.jpg 325w, https:\/\/www.enerjigazetesi.ist\/wp-content\/uploads\/2021\/01\/tupras-tan-atik-su-geri-kazanim-yatirimlari-ve-su-verimliligi-calismalari-1-200x300.jpg 200w, https:\/\/www.enerjigazetesi.ist\/wp-content\/uploads\/2021\/01\/tupras-tan-atik-su-geri-kazanim-yatirimlari-ve-su-verimliligi-calismalari-1-266x400.jpg 266w, https:\/\/www.enerjigazetesi.ist\/wp-content\/uploads\/2021\/01\/tupras-tan-atik-su-geri-kazanim-yatirimlari-ve-su-verimliligi-calismalari-1-33x50.jpg 33w\" sizes=\"(max-width: 325px) 100vw, 325px\" \/><\/strong><\/h1>\n<p>T\u00fcrkiye\u2019nin enerji ihtiyac\u0131n\u0131n \u00f6nemli k\u0131sm\u0131n\u0131 kar\u015f\u0131layan, <strong>ulusal sorumluluk anlay\u0131\u015f\u0131yla<\/strong> s\u00fcrd\u00fcr\u00fclebilir ekonomiye katk\u0131da bulunmay\u0131 ilke edinen T\u00fcpra\u015f,<strong> su verimlili\u011fi<\/strong> alan\u0131ndaki \u00e7al\u0131\u015fmalar\u0131n\u0131 da kesintisiz olarak s\u00fcrd\u00fcr\u00fcyor.<\/p>\n<p>Su verimlili\u011fine y\u00f6nelik g\u00f6r\u00fc\u015flerini payla\u015fan<strong>\u00a0T\u00fcpra\u015f Genel M\u00fcd\u00fcr\u00fc \u0130brahim Yelmeno\u011flu\u00a0<\/strong><em>\u201cT\u00fcrkiye\u2019nin enerjisini \u00fcretirken, <strong>topluma<\/strong> ve<strong> \u00e7evreye<\/strong> kar\u015f\u0131 sorumluluk bilinciyle s\u00fcrd\u00fcr\u00fclebilirlik temelli \u00fcretim anlay\u0131\u015f\u0131n\u0131 benimsiyoruz. <strong>Birle\u015fmi\u015f Milletler S\u00fcrd\u00fcr\u00fclebilir Kalk\u0131nma Ama\u00e7lar\u0131<\/strong>\u2019na katk\u0131 sa\u011flama vizyonuyla hareket ederek, ya\u015fam i\u00e7in hayati \u00f6neme sahip suyun kullan\u0131m\u0131na azami \u00f6nem g\u00f6steriyoruz. Rafinerilerimizde su verimlili\u011fine ve at\u0131k su geri kazan\u0131m projelerine odaklanarak suyun geri kazan\u0131m\u0131n\u0131 ve yeniden kullan\u0131m\u0131n\u0131 sa\u011fl\u0131yoruz. \u00a0T\u00fcm rafinerilerimizde son 5 y\u0131lda <strong>102 milyon metrek\u00fcp<\/strong> at\u0131k suyu geri kazanarak yeniden kulland\u0131k. \u0130\u015fledi\u011fimiz <strong>ham petrol ba\u015f\u0131na ham su t\u00fcketimi<\/strong>ni <strong>% 23<\/strong> oran\u0131nda azaltt\u0131k. Bir ba\u015fka deyi\u015fle son be\u015f y\u0131lda <strong>2,5 milyon n\u00fcfuslu<\/strong> bir \u015fehrin y\u0131ll\u0131k su t\u00fcketimine <strong>e\u015fde\u011fer bir tasarruf<\/strong> elde ettik. Suyun her damlas\u0131na de\u011fer veren bir \u015firket olarak ola\u011fan\u00fcst\u00fc bir ko\u015ful olu\u015fmad\u0131\u011f\u0131 s\u00fcrece,<strong> \u0130zmit Rafinerimizde Sapanca G\u00f6l\u00fc\u2019<\/strong>nden end\u00fcstriyel su kullanm\u0131yor, <strong>at\u0131k su \u00fcnitemizde<\/strong> maksimum oranda<strong> geri kazan\u0131m sa\u011flayarak<\/strong> suyu yeniden kullan\u0131yoruz\u201d<\/em> dedi.<\/p>\n<h2><strong>T\u00fcpra\u015f\u2019\u0131n Su Y\u00f6netimi Hakk\u0131nda Bilgilendirme:<\/strong><\/h2>\n<p>T\u00fcpra\u015f, s\u0131n\u0131rl\u0131 bir ya\u015famsal kaynak olan suyu <strong>maksimum verimlilik<\/strong>le kullanarak, <strong>geri kazan\u0131m uygulamalar\u0131<\/strong>yla taze su kayna\u011f\u0131 t\u00fcketimini ve <strong>at\u0131k su miktar\u0131n\u0131 azaltmay\u0131<\/strong> temel yakla\u015f\u0131m olarak benimsemi\u015ftir.<\/p>\n<p><strong>\u0130zmit Rafinerisi\u2019nde<\/strong> ham su ihtiyac\u0131n\u0131n alternatif kaynaklardan kar\u015f\u0131lanmas\u0131 amac\u0131yla, \u0130SU\u2019ya (Kocaeli Su ve Kanalizasyon \u0130daresi) ait \u201c<strong>K\u00f6rfez Evsel At\u0131k Su Ar\u0131tma Tesisi ar\u0131t\u0131lm\u0131\u015f suyunun<\/strong>\u201d ileri teknolojilerle\u00a0ar\u0131t\u0131lmas\u0131n\u0131 hedefleyen \u201c<strong>Belediye Kentsel At\u0131k sular\u0131n\u0131n Sanayide Proses Suyu Olarak Kullan\u0131lmak \u00dczere Geri Kazan\u0131m\u0131<\/strong>\u201d projesini 2014 y\u0131l\u0131nda devreye alan T\u00fcpra\u015f, 2020 y\u0131l\u0131 sonu itibariyle, \u0130zmit Rafinerisi\u2019nin \u00fcretimdeki su ihtiyac\u0131n\u0131 y\u00fczde 97 oran\u0131nda geri kazan\u0131lm\u0131\u015f at\u0131k sudan kar\u015f\u0131lam\u0131\u015ft\u0131r. \u0130zmir Rafinerisi\u2019nde ise 2016 y\u0131l\u0131nda devreye al\u0131nan <strong>At\u0131k Su Geri Kazan\u0131m ve Su Haz\u0131rlama \u00dcnitesi<\/strong> ile rafineri at\u0131k suyundan geri kazan\u0131m oran\u0131 y\u00fczde 73 seviyesine ula\u015fm\u0131\u015ft\u0131r.<\/p>\n<p><strong>T\u00fcpra\u015f su y\u00f6netimi modeli<\/strong> ile rafinerilerindeki ham petrol ba\u015f\u0131na su kullan\u0131m\u0131nda, Avrupa Birli\u011fi\u2019nde ge\u00e7erli olan <strong>\u201cMevcut En \u0130yi Teknikler\u201d (Best Available Techniques \u2013 BAT)\u201d\u00a0<\/strong>belgesi baz al\u0131nd\u0131\u011f\u0131nda sekt\u00f6r\u00fcn iyi uygulamalar\u0131na paralel, referans de\u011fer aral\u0131klar\u0131nda su kullanan rafineriler aras\u0131ndad\u0131r.<\/p>\n<h2><strong>\u00d6d\u00fcll\u00fc \u00e7al\u0131\u015fmalar<\/strong><\/h2>\n<p>T\u00fcpra\u015f\u2019\u0131n <strong>\u0130zmit Rafinerisi At\u0131k Su Geri Kazan\u0131m \u00dcnitesi<\/strong>, ulusal ve uluslararas\u0131 platformlarda da \u00f6d\u00fcllerle ta\u00e7lanm\u0131\u015ft\u0131r.<\/p>\n<p>&#8211; 2016 y\u0131l\u0131nda <strong>Avrupa Birli\u011fi (AB) \u00c7evre \u00d6d\u00fclleri<\/strong> T\u00fcrkiye Program\u0131 kapsam\u0131nda, T\u00fcpra\u015f \u0130zmit Rafinerisi <strong>\u201cBelediye Kentsel At\u0131k Sular\u0131n\u0131n Sanayide Proses Suyu Olarak Kullan\u0131lmak \u00dczere Geri Kazan\u0131m\u0131 Projesi\u201d<\/strong> ile finale kalarak \u00fclkemizi temsil etmi\u015ftir. <strong>Kentsel at\u0131k sular<\/strong>\u0131n, rafineride kullan\u0131labilecek \u015fekilde <strong>geri kazan\u0131m\u0131<\/strong> i\u00e7in ara\u015ft\u0131rma s\u00fcreci ve fizibilite \u00e7al\u0131\u015fmalar\u0131 sonucunda bu teknolojiyi geli\u015ftiren T\u00fcpra\u015f, b\u00f6ylece teknolojiyi uygulamalar\u0131na entegre ederek <strong>yerel y\u00f6netimler<\/strong> ve <strong>\u00fclkemiz rafineri sekt\u00f6r\u00fc<\/strong>nde bir ilke imza atm\u0131\u015ft\u0131r.<\/p>\n<p>&#8211; 2018 y\u0131l\u0131nda ise ayn\u0131 proje <strong>S\u00fcrd\u00fcr\u00fclebilir \u0130\u015f \u00d6d\u00fclleri<\/strong>\u2019nde <strong>\u201cSu Y\u00f6netimi\u201d<\/strong> kategorisinde y\u0131l\u0131n \u015fampiyonu se\u00e7ilirken, \u0130stanbul Sanayi Odas\u0131\u2019n\u0131n <strong>\u00c7evre \u00d6d\u00fclleri<\/strong>\u2019nde <strong>2&#8217;incilik<\/strong> elde etmi\u015ftir.<\/p>","protected":false},"excerpt":{"rendered":"<p>Sorry, this entry is only available in Turkish. For the sake of viewer convenience, the content is shown below in the alternative language. You may click the link to switch the active language. T\u00fcpra\u015f, at\u0131k su geri kazan\u0131m yat\u0131r\u0131mlar\u0131 ve su verimlili\u011fi \u00e7al\u0131\u015fmalar\u0131yla, son 5 y\u0131lda 2.5 milyon n\u00fcfuslu bir \u015fehrin y\u0131ll\u0131k su t\u00fcketimine e\u015fde\u011fer [&hellip;]<\/p>\n","protected":false},"author":1,"featured_media":126733,"comment_status":"open","ping_status":"open","sticky":false,"template":"","format":"standard","meta":[],"categories":[53,44],"tags":[84664,2124,52259,26033,84667,52920,84665,84669,84668,2979,17363,35715,84666],"views":103,"_links":{"self":[{"href":"https:\/\/www.enerjigazetesi.ist\/en\/wp-json\/wp\/v2\/posts\/126730"}],"collection":[{"href":"https:\/\/www.enerjigazetesi.ist\/en\/wp-json\/wp\/v2\/posts"}],"about":[{"href":"https:\/\/www.enerjigazetesi.ist\/en\/wp-json\/wp\/v2\/types\/post"}],"author":[{"embeddable":true,"href":"https:\/\/www.enerjigazetesi.ist\/en\/wp-json\/wp\/v2\/users\/1"}],"replies":[{"embeddable":true,"href":"https:\/\/www.enerjigazetesi.ist\/en\/wp-json\/wp\/v2\/comments?post=126730"}],"version-history":[{"count":0,"href":"https:\/\/www.enerjigazetesi.ist\/en\/wp-json\/wp\/v2\/posts\/126730\/revisions"}],"wp:featuredmedia":[{"embeddable":true,"href":"https:\/\/www.enerjigazetesi.ist\/en\/wp-json\/wp\/v2\/media\/126733"}],"wp:attachment":[{"href":"https:\/\/www.enerjigazetesi.ist\/en\/wp-json\/wp\/v2\/media?parent=126730"}],"wp:term":[{"taxonomy":"category","embeddable":true,"href":"https:\/\/www.enerjigazetesi.ist\/en\/wp-json\/wp\/v2\/categories?post=126730"},{"taxonomy":"post_tag","embeddable":true,"href":"https:\/\/www.enerjigazetesi.ist\/en\/wp-json\/wp\/v2\/tags?post=126730"}],"curies":[{"name":"wp","href":"https:\/\/api.w.org\/{rel}","templated":true}]}}