{"id":126614,"date":"2021-01-07T15:26:47","date_gmt":"2021-01-07T12:26:47","guid":{"rendered":"https:\/\/www.enerjigazetesi.ist\/?p=126614"},"modified":"2021-01-07T15:29:39","modified_gmt":"2021-01-07T12:29:39","slug":"guney-kore-cam-kadar-seffaf-gunes-hucresi-gelistirdi","status":"publish","type":"post","link":"https:\/\/www.enerjigazetesi.ist\/en\/guney-kore-cam-kadar-seffaf-gunes-hucresi-gelistirdi\/","title":{"rendered":"(Turkish) &#8217;G\u00fcney Kore&#8217;den Cam Kadar \u015eeffaf G\u00fcne\u015f H\u00fccresi!"},"content":{"rendered":"<p class=\"qtranxs-available-languages-message qtranxs-available-languages-message-en\">Sorry, this entry is only available in <a href=\"https:\/\/www.enerjigazetesi.ist\/tr\/wp-json\/wp\/v2\/posts\/126614\" class=\"qtranxs-available-language-link qtranxs-available-language-link-tr\" title=\"Turkish\">Turkish<\/a>. For the sake of viewer convenience, the content is shown below in the alternative language. You may click the link to switch the active language.<\/p><p><\/p>\n<h1><strong>G\u00f6kdelenlere y\u00f6nelik \u00f6zel olarak geli\u015ftirilen \u015feffaf yap\u0131ya sahip g\u00fcne\u015f h\u00fccreleri, g\u00f6r\u00fcnmeden enerji \u00fcretecek.<\/strong><\/h1>\n<p><strong><img loading=\"lazy\" class=\"alignright wp-image-126617\" src=\"https:\/\/www.enerjigazetesi.ist\/wp-content\/uploads\/2021\/01\/guney-kore-cam-kadar-seffaf-gunes-hucresi-gelistirdi.jpg\" alt=\"\" width=\"340\" height=\"213\" srcset=\"https:\/\/www.enerjigazetesi.ist\/wp-content\/uploads\/2021\/01\/guney-kore-cam-kadar-seffaf-gunes-hucresi-gelistirdi.jpg 511w, https:\/\/www.enerjigazetesi.ist\/wp-content\/uploads\/2021\/01\/guney-kore-cam-kadar-seffaf-gunes-hucresi-gelistirdi-300x188.jpg 300w, https:\/\/www.enerjigazetesi.ist\/wp-content\/uploads\/2021\/01\/guney-kore-cam-kadar-seffaf-gunes-hucresi-gelistirdi-500x313.jpg 500w, https:\/\/www.enerjigazetesi.ist\/wp-content\/uploads\/2021\/01\/guney-kore-cam-kadar-seffaf-gunes-hucresi-gelistirdi-80x50.jpg 80w\" sizes=\"(max-width: 340px) 100vw, 340px\" \/>G\u00fcney Kore<\/strong>\u2019de bulunan <strong>Incheon Devlet \u00dcniversitesi<\/strong>\u2019nde \u015feffaf yap\u0131da ve dikkat \u00e7ekmeyen<strong> g\u00fcne\u015f h\u00fccreleri<\/strong> geli\u015ftirildi. D\u00fcnya&#8217;n\u0131n ilk \u015feffaf yap\u0131daki <strong>g\u00fcne\u015f h\u00fccrelerini<\/strong> \u00fcreten \u00fcniversitedeki ara\u015ft\u0131rmac\u0131lar, bu \u00fcr\u00fcn i\u00e7in uzun y\u0131llar \u00e7al\u0131\u015fmalar\u0131n\u0131 s\u00fcrd\u00fcrd\u00fc. <strong>G\u00fcne\u015f \u0131\u015f\u0131nlar\u0131n\u0131<\/strong> yakalayarak enerjiye d\u00f6n\u00fc\u015ft\u00fcren bu <strong>\u00f6zel sistemde yar\u0131 saydam malzemeler<\/strong> tercih ediliyor. <strong>Yar\u0131 saydam<\/strong> olan iletken tabakalar\u0131n tamamen <strong>\u015feffaf olmas\u0131yla<\/strong> kullan\u0131m alan\u0131 da <strong>geni\u015fleyecek<\/strong> ve ba\u015fta g\u00f6kdelenler olmak \u00fczere bir\u00e7ok yap\u0131da kullan\u0131labilecek.<\/p>\n<h2><strong>\u015eeffaf G\u00fcne\u015f H\u00fccreler Nas\u0131l Elde Edildi?<\/strong><\/h2>\n<p><strong>\u015eeffaf yap\u0131daki g\u00fcne\u015f h\u00fccreleri<\/strong> i\u00e7in <strong>bilim insanlar\u0131<\/strong>, \u00f6ncelikle<strong> yar\u0131 iletken<\/strong> olan <strong>titanyum dioksiti<\/strong> kulland\u0131. <strong>Toksin \u00fcretmemesi<\/strong> nedeniyle tercih edilen<strong> titanyum dioksit<\/strong>, <strong>y\u00fcksek optik \u015feffafl\u0131\u011fa<\/strong> sahip bir ba\u015fka bir <strong>yar\u0131 iletken<\/strong> olan<strong> nikel oksit<\/strong> ile birle\u015ftirildi. Bu birle\u015fmenin bir sonucu olarak, tamamen <strong>\u015feffaf yap\u0131da<\/strong> olan <strong>g\u00fcne\u015f h\u00fccreleri<\/strong> meydana geldi.<\/p>","protected":false},"excerpt":{"rendered":"<p>Sorry, this entry is only available in Turkish. For the sake of viewer convenience, the content is shown below in the alternative language. You may click the link to switch the active language. G\u00f6kdelenlere y\u00f6nelik \u00f6zel olarak geli\u015ftirilen \u015feffaf yap\u0131ya sahip g\u00fcne\u015f h\u00fccreleri, g\u00f6r\u00fcnmeden enerji \u00fcretecek. G\u00fcney Kore\u2019de bulunan Incheon Devlet \u00dcniversitesi\u2019nde \u015feffaf yap\u0131da ve [&hellip;]<\/p>\n","protected":false},"author":1,"featured_media":126617,"comment_status":"open","ping_status":"open","sticky":false,"template":"","format":"standard","meta":[],"categories":[51,53,49],"tags":[5070,52259,53157,24163,84568,84569,84565,84567,54979,84566],"views":274,"_links":{"self":[{"href":"https:\/\/www.enerjigazetesi.ist\/en\/wp-json\/wp\/v2\/posts\/126614"}],"collection":[{"href":"https:\/\/www.enerjigazetesi.ist\/en\/wp-json\/wp\/v2\/posts"}],"about":[{"href":"https:\/\/www.enerjigazetesi.ist\/en\/wp-json\/wp\/v2\/types\/post"}],"author":[{"embeddable":true,"href":"https:\/\/www.enerjigazetesi.ist\/en\/wp-json\/wp\/v2\/users\/1"}],"replies":[{"embeddable":true,"href":"https:\/\/www.enerjigazetesi.ist\/en\/wp-json\/wp\/v2\/comments?post=126614"}],"version-history":[{"count":0,"href":"https:\/\/www.enerjigazetesi.ist\/en\/wp-json\/wp\/v2\/posts\/126614\/revisions"}],"wp:featuredmedia":[{"embeddable":true,"href":"https:\/\/www.enerjigazetesi.ist\/en\/wp-json\/wp\/v2\/media\/126617"}],"wp:attachment":[{"href":"https:\/\/www.enerjigazetesi.ist\/en\/wp-json\/wp\/v2\/media?parent=126614"}],"wp:term":[{"taxonomy":"category","embeddable":true,"href":"https:\/\/www.enerjigazetesi.ist\/en\/wp-json\/wp\/v2\/categories?post=126614"},{"taxonomy":"post_tag","embeddable":true,"href":"https:\/\/www.enerjigazetesi.ist\/en\/wp-json\/wp\/v2\/tags?post=126614"}],"curies":[{"name":"wp","href":"https:\/\/api.w.org\/{rel}","templated":true}]}}