{"id":126452,"date":"2021-01-04T16:08:16","date_gmt":"2021-01-04T13:08:16","guid":{"rendered":"https:\/\/www.enerjigazetesi.ist\/?p=126452"},"modified":"2021-01-04T16:10:26","modified_gmt":"2021-01-04T13:10:26","slug":"turkiyede-birlesme-ve-satin-alma-islemleri-2020ye-meydan-okudu","status":"publish","type":"post","link":"https:\/\/www.enerjigazetesi.ist\/en\/turkiyede-birlesme-ve-satin-alma-islemleri-2020ye-meydan-okudu\/","title":{"rendered":"(Turkish) T\u00fcrkiye\u2019de Birle\u015fme ve Sat\u0131n Alma \u0130\u015flemleri 2020\u2019ye Meydan Okudu"},"content":{"rendered":"<p class=\"qtranxs-available-languages-message qtranxs-available-languages-message-en\">Sorry, this entry is only available in <a href=\"https:\/\/www.enerjigazetesi.ist\/tr\/wp-json\/wp\/v2\/posts\/126452\" class=\"qtranxs-available-language-link qtranxs-available-language-link-tr\" title=\"Turkish\">Turkish<\/a>. For the sake of viewer convenience, the content is shown below in the alternative language. You may click the link to switch the active language.<\/p><p><\/p>\n<h1><strong>KPMG T\u00fcrkiye, \u2018KPMG Perspektifinden Birle\u015fme ve Sat\u0131n Alma Trendleri 2020 Raporu\u2019nu a\u00e7\u0131klad\u0131. D\u00fcnyada ve T\u00fcrkiye\u2019deki birle\u015fme ve sat\u0131n alma i\u015flemlerinin de\u011ferlendirildi\u011fi rapor, zorlu ge\u00e7en 2020\u2019nin ekonomilere nas\u0131l yans\u0131d\u0131\u011f\u0131n\u0131 farkl\u0131 bir perspektifle ortaya koyuyor. 2020 verilerine g\u00f6re, d\u00fcnyada birle\u015fme ve sat\u0131n alma i\u015flemleri \u00f6nceki y\u0131la yak\u0131n ancak alt\u0131nda bir performans sergiledi. T\u00fcrkiye\u2019de ise hem i\u015flem hacmi hem de i\u015flem say\u0131s\u0131 art\u0131\u015f g\u00f6sterdi. De\u011feri a\u00e7\u0131klanan i\u015flemlerin toplam hacmi 6,9 milyar dolara ula\u015ft\u0131. De\u011feri a\u00e7\u0131klanmayan i\u015flemlerle birlikte tahmini toplam i\u015flem hacmi 9 milyar dolar\u0131 buldu. Ge\u00e7en y\u0131l bu rakam 4,5 milyar dolar olarak ger\u00e7ekle\u015fmi\u015fti. 2021\u2019de ekonomideki kademeli iyile\u015fme ile i\u015flem hacimlerinin artmas\u0131 bekleniyor.<\/strong><\/h1>\n<p><strong>KPMG T\u00fcrkiye Dan\u0131\u015fmanl\u0131k B\u00f6l\u00fcm\u00fc,<\/strong> bu y\u0131l <strong>2&#8217;incisini<\/strong> haz\u0131rlad\u0131\u011f\u0131 <strong>\u2018KPMG Perspektifinden Birle\u015fme ve Sat\u0131n Alma Trendleri 2020 Raporu\u2019<\/strong>nu a\u00e7\u0131klad\u0131. Rapora g\u00f6re; T\u00fcrkiye\u2019de i\u015flem hacmi ve i\u015flem say\u0131s\u0131 bir \u00f6nceki y\u0131la k\u0131yasla art\u0131\u015f kaydetti. 2021 y\u0131l\u0131 i\u00e7in<strong> iyimser beklenti<\/strong> korunuyor, ekonomide <strong>kademeli iyile\u015fme<\/strong> ile i\u015flem hacimlerinin artaca\u011f\u0131 \u00f6ng\u00f6r\u00fcl\u00fcyor.<\/p>\n<h2><strong><img loading=\"lazy\" class=\"alignright wp-image-126454\" src=\"https:\/\/www.enerjigazetesi.ist\/wp-content\/uploads\/2021\/01\/turkiyede-birlesme-ve-satin-alma-islemleri-2020ye-meydan-okudu-1.jpg\" alt=\"\" width=\"340\" height=\"227\" srcset=\"https:\/\/www.enerjigazetesi.ist\/wp-content\/uploads\/2021\/01\/turkiyede-birlesme-ve-satin-alma-islemleri-2020ye-meydan-okudu-1.jpg 732w, https:\/\/www.enerjigazetesi.ist\/wp-content\/uploads\/2021\/01\/turkiyede-birlesme-ve-satin-alma-islemleri-2020ye-meydan-okudu-1-300x200.jpg 300w, https:\/\/www.enerjigazetesi.ist\/wp-content\/uploads\/2021\/01\/turkiyede-birlesme-ve-satin-alma-islemleri-2020ye-meydan-okudu-1-500x333.jpg 500w, https:\/\/www.enerjigazetesi.ist\/wp-content\/uploads\/2021\/01\/turkiyede-birlesme-ve-satin-alma-islemleri-2020ye-meydan-okudu-1-75x50.jpg 75w, https:\/\/www.enerjigazetesi.ist\/wp-content\/uploads\/2021\/01\/turkiyede-birlesme-ve-satin-alma-islemleri-2020ye-meydan-okudu-1-450x300.jpg 450w\" sizes=\"(max-width: 340px) 100vw, 340px\" \/>Belirsizliklerin y\u0131l\u0131<\/strong><\/h2>\n<p>Geride kalan t\u00fcm y\u0131la damga vuran pandeminin yan\u0131 s\u0131ra <strong>ABD ba\u015fkanl\u0131k se\u00e7imleri, ABD<\/strong> ve<strong> Hong Kong<\/strong> ba\u015fta olmak \u00fczere d\u00fcnyan\u0131n farkl\u0131 \u00fclkelerinde ger\u00e7ekle\u015fen <strong>protesto<\/strong> ve<strong> eylemler<\/strong>, <strong>Bat\u0131 Asya<\/strong>\u2019daki \u00e7at\u0131\u015fmalar ve<strong> Brexit<\/strong>\u2019le ilgili belirsizlikler <strong>ekonomi<\/strong> ve <strong>siyaseti<\/strong> etkiledi.<\/p>\n<p>Rapora g\u00f6re, 2020 y\u0131l\u0131nda d\u00fcnyada <strong>birle\u015fme<\/strong> ve <strong>sat\u0131n alma aktivitesi<\/strong>nde \u00f6nceki y\u0131la yak\u0131n ancak alt\u0131nda bir performans ger\u00e7ekle\u015firken T\u00fcrkiye\u2019de <strong>milyar dolar<\/strong> ve<strong> \u00fczeri<\/strong> seviyede ger\u00e7ekle\u015fen i\u015flemler nedeniyle i\u015flem hacminde belirgin art\u0131\u015f kaydedildi. \u0130\u015flem adedi de 2019 y\u0131l\u0131na g\u00f6re art\u0131\u015f g\u00f6sterdi. 2020 y\u0131l\u0131nda de\u011feri a\u00e7\u0131klanan i\u015flem hacmi toplam <strong>6,9 milyar dolara<\/strong> ula\u015ft\u0131.<\/p>\n<h2><strong>Teknoloji, medya ve telekom\u00fcnikasyon sekt\u00f6r\u00fc \u00f6nde<\/strong><\/h2>\n<p>2020 y\u0131l\u0131nda k\u00fcresel trendlere paralel olarak <strong>dijitalle\u015fmenin y\u00fckselmesiyle<\/strong> hem <strong>i\u015flem say\u0131s\u0131<\/strong> hem de <strong>i\u015flem hacmi<\/strong> baz\u0131nda TMT sekt\u00f6r\u00fc \u00f6ne \u00e7\u0131kt\u0131. <strong>Teknoloji, medya<\/strong> ve <strong>telekom\u00fcnikasyon<\/strong> sekt\u00f6r\u00fcndeki en b\u00fcy\u00fck i\u015flem <strong>T\u00fcrkiye Varl\u0131k Fonu<\/strong>\u2019nun Turkcell hisselerinin <strong>% 26,2<\/strong>\u2019sini <strong>1,8 milyar ABD dolar\u0131<\/strong> bedelle sat\u0131n almas\u0131 oldu.<\/p>\n<h2><strong>3,6 milyar dolarl\u0131k i\u015flem hacmi<\/strong><\/h2>\n<p><strong>Finansal yat\u0131r\u0131mc\u0131lar<\/strong> (\u00f6zel sermaye, risk sermayesi, varl\u0131k fonlar\u0131 vb.) <strong>2019<\/strong> y\u0131l\u0131nda <strong>78<\/strong> i\u015flem ger\u00e7ekle\u015ftirirken, yaratt\u0131klar\u0131 i\u015flem hacminin toplam i\u015flem hacmindeki pay\u0131 <strong>y\u00fczde 3<\/strong> seviyesindeydi. Buna kar\u015f\u0131n, <strong>2020 y\u0131l\u0131nda<\/strong> toplam<strong> 129 i\u015flem<\/strong> ger\u00e7ekle\u015ftiren <strong>finansal yat\u0131r\u0131mc\u0131lar\u0131n i\u015flemlerinin<\/strong> toplam i\u015flem hacmindeki pay\u0131 ge\u00e7ti\u011fimiz y\u0131ldan farkl\u0131 olarak <strong>y\u00fczde 52<\/strong> seviyesinde ger\u00e7ekle\u015fti.<\/p>\n<p>Haziran 2020\u2019de Turkcell\u2019in <strong>TVF<\/strong> ve <strong>LetterOne<\/strong> taraf\u0131ndan sat\u0131n al\u0131nmas\u0131 ve Qatar Investment Authority\u2019nin Borsa \u0130stanbul\u2019un az\u0131nl\u0131k hissesini sat\u0131n almas\u0131 2020 y\u0131l\u0131ndaki \u00f6nemli <strong>finansal yat\u0131r\u0131mc\u0131<\/strong> i\u015flemlerinden oldu. Benzer \u015fekilde <strong>Actera<\/strong>\u2019n\u0131n Temmuz 2020\u2019de<strong> Vivense<\/strong>\u2019ye yapt\u0131\u011f\u0131 yat\u0131r\u0131m ve <strong>Do\u011fan Holding<\/strong>\u2019in giri\u015fim sermayesi olan<strong> \u00d6nc\u00fc Giri\u015fim<\/strong>\u2019in <strong>Sesa Ambalaj<\/strong>\u2019\u0131n <strong>% 70<\/strong> oran\u0131ndaki hissesini<strong> sat\u0131n almas\u0131<\/strong> finansal yat\u0131r\u0131mc\u0131 i\u015flemlerinde aras\u0131nda \u00f6ne \u00e7\u0131kt\u0131.<\/p>\n<h2><strong>Yerli yat\u0131r\u0131mc\u0131lar\u0131n i\u015flem hacmi yabanc\u0131lar\u0131 ge\u00e7ti\u00a0<\/strong><\/h2>\n<p>Yabanc\u0131 yat\u0131r\u0131mc\u0131lar\u0131n ger\u00e7ekle\u015ftirdi\u011fi <strong>birle\u015fme<\/strong> ve<strong> sat\u0131n alma i\u015flem say\u0131s\u0131<\/strong>, ge\u00e7mi\u015f y\u0131llarla benzer \u015fekilde 2020 y\u0131l\u0131nda toplam <strong>83<\/strong> i\u015flemle toplam i\u015flem say\u0131s\u0131n\u0131n <strong>y\u00fczde 32<\/strong>\u2019si olarak ger\u00e7ekle\u015fti. Buna kar\u015f\u0131n, <strong>2020 y\u0131l\u0131nda<\/strong> yabanc\u0131 yat\u0131r\u0131mc\u0131lar\u0131n ge\u00e7en y\u0131la k\u0131yasla yaratt\u0131klar\u0131 i\u015flem hacmi <strong>3,1 milyar ABD dolar\u0131<\/strong> olarak ger\u00e7ekle\u015fip art\u0131\u015f g\u00f6sterse de toplam i\u015flem hacminden ald\u0131\u011f\u0131 pay <strong>y\u00fczde 45<\/strong> ile yerli yat\u0131r\u0131mc\u0131lar\u0131n gerisinde kald\u0131. Ayr\u0131ca <strong>2020 y\u0131l\u0131nda<\/strong> en b\u00fcy\u00fck ilk<strong> 10<\/strong> i\u015flemin<strong> 6<\/strong>\u2019s\u0131n\u0131n yabanc\u0131 yat\u0131r\u0131mc\u0131lar taraf\u0131ndan ger\u00e7ekle\u015ftirilmesi de dikkat \u00e7eken bir di\u011fer nokta oldu.<\/p>\n<h2><strong>Hedef kamuda de\u011fer yaratmak\u00a0<\/strong><\/h2>\n<p>2018 y\u0131l\u0131 ve \u00f6ncesinde <strong>\u00f6zelle\u015ftirme s\u00fcre\u00e7leri<\/strong> ve<strong> TMSF i\u015flemleri<\/strong> vas\u0131tas\u0131yla kamu kaynakl\u0131 i\u015flemlerde ya\u015fanan hareketlilik devam etti. 2019 itibar\u0131yla <strong>Yeni Ekonomi Program\u0131<\/strong> ile \u00fcretime, ihracata ve finansal istikrara dayal\u0131 ekonomik d\u00f6n\u00fc\u015f\u00fcm kapsam\u0131nda <strong>TVF<\/strong>\u2019nin aktif rol almas\u0131yla <strong>kamuda de\u011fer yarat\u0131m\u0131<\/strong> hedeflendi. Ge\u00e7en y\u0131l bu rol\u00fc, \u00f6nemli i\u015flemler ile hayata ge\u00e7iren<strong> TVF<\/strong>, 2020\u2019de ise stratejik ve b\u00fcy\u00fck \u00f6l\u00e7ekli yat\u0131r\u0131mlar ve sat\u0131n almalarla kamuda de\u011fer yaratmaya devam etti.<\/p>\n<p>T\u00fcrkiye\u2019nin rekabet\u00e7i \u015firketlerinin desteklenmesi hedefinin bir par\u00e7as\u0131 olarak Turkcell\u2019in <strong>% 26,2<\/strong> hissesinin<strong> TVF<\/strong> taraf\u0131ndan sat\u0131n al\u0131narak \u015firketin y\u00f6netim kontrol\u00fcne sahip en b\u00fcy\u00fck hissedar\u0131 konumuna gelmesi ve \u00fclke ekonomisinin tasarruf baz\u0131n\u0131n <strong>b\u00fcy\u00fct\u00fclmesi<\/strong> ve bankac\u0131l\u0131k d\u0131\u015f\u0131 finansal sekt\u00f6r\u00fcn\u00fcn <strong>geli\u015ftirilmesi<\/strong> kapsam\u0131nda <em>kamu sigorta \u015firketleri<\/em>nin <strong>TVF &#8211; T\u00fcrkiye Sigorta \u00e7at\u0131s\u0131<\/strong> alt\u0131nda birle\u015ftirilmesi y\u0131l\u0131n dikkat \u00e7eken kamu kaynakl\u0131 i\u015flemleri aras\u0131nda yer ald\u0131. <strong>\u00c7ukurova Havaliman\u0131 Projesi i\u015fletme hakk\u0131 devri<\/strong> ihalesinin <strong>Favori \u0130\u015fletmecilik &#8211; Yako Tekstil Ortak Giri\u015fimi<\/strong> taraf\u0131ndan kazan\u0131lmas\u0131 ve <strong>Qatar Invesment Authority<\/strong> taraf\u0131ndan TVF\u2019nin<strong> Borsa \u0130stanbul<\/strong>\u2019daki az\u0131nl\u0131k hissesinin devral\u0131nmas\u0131 da dikkat \u00e7eken <strong>kamu kaynakl\u0131 i\u015flem<\/strong> olarak \u00f6ne \u00e7\u0131kt\u0131.<\/p>\n<h2><strong>2021 i\u00e7in beklentiler iyimser\u00a0<\/strong><\/h2>\n<p><em>KPMG T\u00fcrkiye Dan\u0131\u015fmanl\u0131k Hizmetleri B\u00f6l\u00fcm Ba\u015fkan\u0131<\/em> <strong>M\u00fc\u015ffik Cantekinler<\/strong>, 2021\u2019deki <strong>birle\u015fme<\/strong> ve <strong>sat\u0131n alma<\/strong> i\u015flemleriyle ilgili iyimser beklentilerin korundu\u011funu s\u00f6yledi.<\/p>\n<p>Uluslararas\u0131 <strong>birle\u015fme<\/strong> ve <strong>sat\u0131n alma<\/strong> aktivitelerini takip eden, sekt\u00f6r\u00fcn en etkili ve sayg\u0131n kurulu\u015flar\u0131ndan <strong>Mergermarket<\/strong> taraf\u0131ndan y\u0131l\u0131n dan\u0131\u015fmanl\u0131k \u015firketi se\u00e7ilen<strong> KPMG T\u00fcrkiye<\/strong> olarak \u00f6nemli i\u015flemlerin dan\u0131\u015fmanl\u0131k s\u00fcre\u00e7lerinde yer ald\u0131klar\u0131n\u0131 belirten <strong>Cantekinler<\/strong> \u015fu ba\u015fl\u0131klara <span style=\"text-decoration: underline;\">dikkat \u00e7ekti:<\/span><\/p>\n<p>&#8211; A\u015f\u0131 \u00e7al\u0131\u015fmalar\u0131 sonucu salg\u0131n\u0131n etkisinin kademeli olarak azalaca\u011f\u0131n\u0131, <strong>salg\u0131n\u0131n ekonomik etkileri<\/strong>ni azaltmak i\u00e7in de devletlerin a\u00e7\u0131klad\u0131\u011f\u0131 benzeri g\u00f6r\u00fclmemi\u015f e<strong>konomik destek<\/strong> ve<strong> te\u015fvik paketleri<\/strong> sayesinde merkez bankalar\u0131n\u0131n g<strong>eni\u015fleme politikalar\u0131<\/strong> ve <strong>para piyasalar\u0131na y\u00fcksek miktarda likidite sa\u011fland\u0131\u011f\u0131<\/strong>n\u0131, \u015firketlerin k\u00fcresel \u00e7er\u00e7evede tedarik zincirlerini tekrar de\u011ferlendirdi\u011fini g\u00f6r\u00fcyoruz. \u00a0Bu \u00e7er\u00e7evede T\u00fcrkiye&#8217;nin \u00f6zellikle <strong>end\u00fcstriyel \u00fcretim sekt\u00f6r\u00fc<\/strong> a\u00e7\u0131s\u0131ndan \u00f6n plana \u00e7\u0131kmas\u0131n\u0131,<strong> b\u00fcy\u00fcme, istihdam<\/strong> ve<strong> fiyat istikrar\u0131 hedeflerine<\/strong> ula\u015fmak i\u00e7in <strong>\u00f6ng\u00f6r\u00fclebilir para<\/strong> ve <strong>kur politikas\u0131<\/strong> kapsam\u0131nda ekonomik g\u00f6stergelerdeki <strong>dengelenme s\u00fcrecinin<\/strong> yat\u0131r\u0131mc\u0131 i\u015ftah\u0131n\u0131 art\u0131rabilecek etkenler olmas\u0131n\u0131 bekliyoruz. Di\u011fer yandan ekonomide pandemi etkisinin devam etmesi, toparlanma d\u00f6neminin uzamas\u0131, olas\u0131 <strong>ABD<\/strong> ve <strong>AB yapt\u0131r\u0131mlar\u0131<\/strong>, T\u00fcrkiye\u2019nin yak\u0131n co\u011frafyas\u0131nda ger\u00e7ekle\u015febilecek <strong>siyasi belirsizlik<\/strong> ve <strong>g\u00fcvenlik sorunlar\u0131<\/strong> da a\u015fa\u011f\u0131 y\u00f6nl\u00fc riskler olarak \u00f6ne \u00e7\u0131k\u0131yor.<\/p>\n<p>&#8211; <strong>KPMG T\u00fcrkiye<\/strong>\u2019nin haz\u0131rlad\u0131\u011f\u0131 rapora g\u00f6re, 2021 y\u0131l\u0131nda <strong>end\u00fcstriyel \u00fcretim<\/strong> ve<strong> otomotiv, teknoloji, medya<\/strong> ve<strong> telekom\u00fcnikasyon, ila\u00e7<\/strong> ve <strong>sa\u011fl\u0131k sekt\u00f6rlerinin<\/strong> \u00f6ne \u00e7\u0131kmas\u0131 bekleniyor.<\/p>\n<p>&#8211; TVF taraf\u0131ndan <strong>petrokimya, madencilik<\/strong> ve<strong> yerli kaynaklardan enerji \u00fcretim projeleri<\/strong>ne yap\u0131lacak yat\u0131r\u0131mlar, <strong>TMSF<\/strong>\u2019ye devredilen \u015firketlerin tekrar ihale s\u00fcrecine \u00e7\u0131kmas\u0131 ve<strong> \u00d6\u0130B<\/strong>&#8216;n\u0131n portf\u00f6y\u00fcnde yer alan varl\u0131klar i\u00e7in<strong> ihale s\u00fcrecine girmesi<\/strong> i\u015flem hacmini art\u0131rabilecek etkenler aras\u0131nda yer al\u0131yor.<\/p>\n<p><strong>K\u00fcresel a\u015f\u0131lama \u00e7al\u0131\u015fmalar\u0131<\/strong>n\u0131n <strong>h\u0131z kazanmas\u0131<\/strong> ve <strong>pandeminin sonra erme s\u00fcreci<\/strong>ne girmesiyle <strong>2021<\/strong> y\u0131l\u0131 i\u00e7in <strong>iyimser beklentilerimizi<\/strong> korudu\u011fumuzu ve <strong>kademeli iyile\u015fme<\/strong> ile <strong>i\u015flem adet<\/strong> ve <strong>hacminin artaca\u011f\u0131n\u0131<\/strong> \u00f6ng\u00f6r\u00fcyoruz.<\/p>","protected":false},"excerpt":{"rendered":"<p>Sorry, this entry is only available in Turkish. For the sake of viewer convenience, the content is shown below in the alternative language. You may click the link to switch the active language. KPMG T\u00fcrkiye, \u2018KPMG Perspektifinden Birle\u015fme ve Sat\u0131n Alma Trendleri 2020 Raporu\u2019nu a\u00e7\u0131klad\u0131. D\u00fcnyada ve T\u00fcrkiye\u2019deki birle\u015fme ve sat\u0131n alma i\u015flemlerinin de\u011ferlendirildi\u011fi rapor, [&hellip;]<\/p>\n","protected":false},"author":1,"featured_media":126454,"comment_status":"open","ping_status":"open","sticky":false,"template":"","format":"standard","meta":[],"categories":[51,53,52],"tags":[62464,84477,84478,52259,83571,84480,84479],"views":76,"_links":{"self":[{"href":"https:\/\/www.enerjigazetesi.ist\/en\/wp-json\/wp\/v2\/posts\/126452"}],"collection":[{"href":"https:\/\/www.enerjigazetesi.ist\/en\/wp-json\/wp\/v2\/posts"}],"about":[{"href":"https:\/\/www.enerjigazetesi.ist\/en\/wp-json\/wp\/v2\/types\/post"}],"author":[{"embeddable":true,"href":"https:\/\/www.enerjigazetesi.ist\/en\/wp-json\/wp\/v2\/users\/1"}],"replies":[{"embeddable":true,"href":"https:\/\/www.enerjigazetesi.ist\/en\/wp-json\/wp\/v2\/comments?post=126452"}],"version-history":[{"count":0,"href":"https:\/\/www.enerjigazetesi.ist\/en\/wp-json\/wp\/v2\/posts\/126452\/revisions"}],"wp:featuredmedia":[{"embeddable":true,"href":"https:\/\/www.enerjigazetesi.ist\/en\/wp-json\/wp\/v2\/media\/126454"}],"wp:attachment":[{"href":"https:\/\/www.enerjigazetesi.ist\/en\/wp-json\/wp\/v2\/media?parent=126452"}],"wp:term":[{"taxonomy":"category","embeddable":true,"href":"https:\/\/www.enerjigazetesi.ist\/en\/wp-json\/wp\/v2\/categories?post=126452"},{"taxonomy":"post_tag","embeddable":true,"href":"https:\/\/www.enerjigazetesi.ist\/en\/wp-json\/wp\/v2\/tags?post=126452"}],"curies":[{"name":"wp","href":"https:\/\/api.w.org\/{rel}","templated":true}]}}