{"id":126421,"date":"2021-01-04T12:58:56","date_gmt":"2021-01-04T09:58:56","guid":{"rendered":"https:\/\/www.enerjigazetesi.ist\/?p=126421"},"modified":"2021-01-04T13:00:54","modified_gmt":"2021-01-04T10:00:54","slug":"aralik-ayi-nda-enerji-uretiminin-maliyeti-yuzde-3-24-artis-gosterdi","status":"publish","type":"post","link":"https:\/\/www.enerjigazetesi.ist\/en\/aralik-ayi-nda-enerji-uretiminin-maliyeti-yuzde-3-24-artis-gosterdi\/","title":{"rendered":"(Turkish) Aral\u0131k Ay\u0131nda Enerji \u00dcretiminin Maliyeti % 3,24 Art\u0131\u015f G\u00f6sterdi"},"content":{"rendered":"<p class=\"qtranxs-available-languages-message qtranxs-available-languages-message-en\">Sorry, this entry is only available in <a href=\"https:\/\/www.enerjigazetesi.ist\/tr\/wp-json\/wp\/v2\/posts\/126421\" class=\"qtranxs-available-language-link qtranxs-available-language-link-tr\" title=\"Turkish\">Turkish<\/a>. For the sake of viewer convenience, the content is shown below in the alternative language. You may click the link to switch the active language.<\/p><p><\/p>\n<h1>T\u00fcrkiye\u2019nin enerji \u00fcretimde maliyet Aral\u0131k&#8217;ta bir \u00f6nceki y\u0131la k\u0131yasla yakla\u015f\u0131k <strong>% 3,24<\/strong> oran\u0131nda art\u0131\u015f g\u00f6sterdi.<\/h1>\n<p><strong>T\u00fcrkiye \u0130statistik Kurumu (T\u00dc\u0130K)<\/strong> 2020 y\u0131l\u0131\u00a0Aral\u0131k ay\u0131\u00a0<strong>Yurt \u0130\u00e7i \u00dcretici Fiyat Endeksi (Y\u0130-<img loading=\"lazy\" class=\"alignright wp-image-126425\" src=\"https:\/\/www.enerjigazetesi.ist\/wp-content\/uploads\/2021\/01\/aralik-ayinda-enerji-uretiminin-maliyeti-yuzde-3-24-artis-gosterdi.jpg\" alt=\"\" width=\"320\" height=\"180\" srcset=\"https:\/\/www.enerjigazetesi.ist\/wp-content\/uploads\/2021\/01\/aralik-ayinda-enerji-uretiminin-maliyeti-yuzde-3-24-artis-gosterdi.jpg 640w, https:\/\/www.enerjigazetesi.ist\/wp-content\/uploads\/2021\/01\/aralik-ayinda-enerji-uretiminin-maliyeti-yuzde-3-24-artis-gosterdi-300x169.jpg 300w, https:\/\/www.enerjigazetesi.ist\/wp-content\/uploads\/2021\/01\/aralik-ayinda-enerji-uretiminin-maliyeti-yuzde-3-24-artis-gosterdi-500x281.jpg 500w, https:\/\/www.enerjigazetesi.ist\/wp-content\/uploads\/2021\/01\/aralik-ayinda-enerji-uretiminin-maliyeti-yuzde-3-24-artis-gosterdi-80x45.jpg 80w\" sizes=\"(max-width: 320px) 100vw, 320px\" \/>\u00dcFE)<\/strong> verilerinden derlenen bilgiye g\u00f6re, ana sanayi gruplar\u0131ndan <strong>enerji \u00fcretim fiyatlar\u0131<\/strong> 2020 y\u0131l\u0131 Aral\u0131k ay\u0131nda bir \u00f6nceki y\u0131l\u0131n ayn\u0131 ay\u0131na k\u0131yasla\u00a0<strong>% 3,24<\/strong>\u00a0artarken, bir \u00f6nceki aya g\u00f6re ise\u00a0<strong>% 2,86<\/strong> artt\u0131.<\/p>\n<h2><strong>Elektrik ve Gaz Sekt\u00f6r\u00fcnde Maliyetler % 0,25 Art\u0131\u015f G\u00f6sterdi<\/strong><\/h2>\n<p><strong>T\u00dc\u0130K Yurt i\u00e7i \u00fcretici fiyat endeksi<\/strong>ne g\u00f6re<strong> (Y\u0130-\u00dcFE)<\/strong> Aral\u0131k&#8217;ta sanayinin 4 sekt\u00f6r\u00fcnden biri olan <strong>elektrik, gaz \u00fcretim<\/strong> ve <strong>da\u011f\u0131t\u0131m\u0131<\/strong> sekt\u00f6r\u00fcnde <strong>\u00fcretim maliyetleri<\/strong> bir \u00f6nceki y\u0131l\u0131n Aral\u0131k ay\u0131na g\u00f6re <strong>% 0,25<\/strong>\u00a0 artarken, bir \u00f6nceki aya g\u00f6re <strong>% 1,21<\/strong> azald\u0131.<\/p>","protected":false},"excerpt":{"rendered":"<p>Sorry, this entry is only available in Turkish. For the sake of viewer convenience, the content is shown below in the alternative language. You may click the link to switch the active language. T\u00fcrkiye\u2019nin enerji \u00fcretimde maliyet Aral\u0131k&#8217;ta bir \u00f6nceki y\u0131la k\u0131yasla yakla\u015f\u0131k % 3,24 oran\u0131nda art\u0131\u015f g\u00f6sterdi. T\u00fcrkiye \u0130statistik Kurumu (T\u00dc\u0130K) 2020 y\u0131l\u0131\u00a0Aral\u0131k ay\u0131\u00a0Yurt [&hellip;]<\/p>\n","protected":false},"author":1,"featured_media":126425,"comment_status":"open","ping_status":"open","sticky":false,"template":"","format":"standard","meta":[],"categories":[46,51,53],"tags":[68,53114,52259,84453,56147,84454,54690,84455,66309],"views":92,"_links":{"self":[{"href":"https:\/\/www.enerjigazetesi.ist\/en\/wp-json\/wp\/v2\/posts\/126421"}],"collection":[{"href":"https:\/\/www.enerjigazetesi.ist\/en\/wp-json\/wp\/v2\/posts"}],"about":[{"href":"https:\/\/www.enerjigazetesi.ist\/en\/wp-json\/wp\/v2\/types\/post"}],"author":[{"embeddable":true,"href":"https:\/\/www.enerjigazetesi.ist\/en\/wp-json\/wp\/v2\/users\/1"}],"replies":[{"embeddable":true,"href":"https:\/\/www.enerjigazetesi.ist\/en\/wp-json\/wp\/v2\/comments?post=126421"}],"version-history":[{"count":1,"href":"https:\/\/www.enerjigazetesi.ist\/en\/wp-json\/wp\/v2\/posts\/126421\/revisions"}],"predecessor-version":[{"id":126422,"href":"https:\/\/www.enerjigazetesi.ist\/en\/wp-json\/wp\/v2\/posts\/126421\/revisions\/126422"}],"wp:featuredmedia":[{"embeddable":true,"href":"https:\/\/www.enerjigazetesi.ist\/en\/wp-json\/wp\/v2\/media\/126425"}],"wp:attachment":[{"href":"https:\/\/www.enerjigazetesi.ist\/en\/wp-json\/wp\/v2\/media?parent=126421"}],"wp:term":[{"taxonomy":"category","embeddable":true,"href":"https:\/\/www.enerjigazetesi.ist\/en\/wp-json\/wp\/v2\/categories?post=126421"},{"taxonomy":"post_tag","embeddable":true,"href":"https:\/\/www.enerjigazetesi.ist\/en\/wp-json\/wp\/v2\/tags?post=126421"}],"curies":[{"name":"wp","href":"https:\/\/api.w.org\/{rel}","templated":true}]}}