{"id":126409,"date":"2021-01-04T12:28:31","date_gmt":"2021-01-04T09:28:31","guid":{"rendered":"https:\/\/www.enerjigazetesi.ist\/?p=126409"},"modified":"2021-01-04T12:33:37","modified_gmt":"2021-01-04T09:33:37","slug":"gyoder-cozum-platformu-nda-pandemide-yasanan-degisim-konusulacak","status":"publish","type":"post","link":"https:\/\/www.enerjigazetesi.ist\/en\/gyoder-cozum-platformu-nda-pandemide-yasanan-degisim-konusulacak\/","title":{"rendered":"(Turkish) \u2018GYODER&#8217; Pandemide Ya\u015fanan De\u011fi\u015fimi Konu\u015facak!"},"content":{"rendered":"<p class=\"qtranxs-available-languages-message qtranxs-available-languages-message-en\">Sorry, this entry is only available in <a href=\"https:\/\/www.enerjigazetesi.ist\/tr\/wp-json\/wp\/v2\/posts\/126409\" class=\"qtranxs-available-language-link qtranxs-available-language-link-tr\" title=\"Turkish\">Turkish<\/a>. For the sake of viewer convenience, the content is shown below in the alternative language. You may click the link to switch the active language.<\/p><p><\/p>\n<h1><strong>T\u00fcrkiye gayrimenkul sekt\u00f6r\u00fcn\u00fcn \u00e7at\u0131 \u00f6rg\u00fct\u00fc\u00a0GYODER, mevcut sorunlara \u00e7\u00f6z\u00fcm bulmak amac\u0131yla hayata ge\u00e7irdi\u011fi \u2018GYODER \u00c7\u00f6z\u00fcm Platformu, bu sene Alka\u015f i\u015f birli\u011fi ile \u00a0sekt\u00f6r\u00fcn g\u00fcndemindeki konular\u0131 de\u011ferlendirmeye devam ediyor. Gayrimenkul sekt\u00f6r\u00fc ve i\u015f d\u00fcnyas\u0131ndan deneyimli isimlerin konu\u015fmac\u0131 olarak kat\u0131laca\u011f\u0131 \u00c7\u00f6z\u00fcm Platformu toplant\u0131s\u0131nda\u00a0<\/strong>\u2018<strong>Pandemi sonras\u0131nda nas\u0131l bir d\u00fcnya? Ofis ve Al\u0131\u015fveri\u015f Merkezleri\u2019 ba\u015fl\u0131\u011f\u0131 alt\u0131nda son geli\u015fmeler ele al\u0131nacak.<\/strong><\/h1>\n<h2><strong><img loading=\"lazy\" class=\"alignright size-full wp-image-126411\" src=\"https:\/\/www.enerjigazetesi.ist\/wp-content\/uploads\/2021\/01\/gyoder-cozum-platformu-nda-pandemide-yasanan-degisim-konusulacak-2.jpg\" alt=\"\" width=\"356\" height=\"488\" srcset=\"https:\/\/www.enerjigazetesi.ist\/wp-content\/uploads\/2021\/01\/gyoder-cozum-platformu-nda-pandemide-yasanan-degisim-konusulacak-2.jpg 356w, https:\/\/www.enerjigazetesi.ist\/wp-content\/uploads\/2021\/01\/gyoder-cozum-platformu-nda-pandemide-yasanan-degisim-konusulacak-2-219x300.jpg 219w, https:\/\/www.enerjigazetesi.ist\/wp-content\/uploads\/2021\/01\/gyoder-cozum-platformu-nda-pandemide-yasanan-degisim-konusulacak-2-292x400.jpg 292w, https:\/\/www.enerjigazetesi.ist\/wp-content\/uploads\/2021\/01\/gyoder-cozum-platformu-nda-pandemide-yasanan-degisim-konusulacak-2-36x50.jpg 36w\" sizes=\"(max-width: 356px) 100vw, 356px\" \/><\/strong><\/h2>\n<p>A\u00e7\u0131l\u0131\u015f\u0131n\u0131 GYODER Y\u00f6netim Kurulu Ba\u015fkan\u0131 <strong>Mehmet Kalyoncu<\/strong>, moderat\u00f6rl\u00fc\u011f\u00fcn\u00fc GYODER Y\u00f6netim Kurulu \u00dcyesi, <strong>PwC T\u00fcrkiye<\/strong> Orta\u011f\u0131 <strong>Ersun Bayraktaro\u011flu<\/strong>\u2019nun yapaca\u011f\u0131 \u2018<strong>GYODER \u00c7\u00f6z\u00fcm Platformu<\/strong>\u2019 toplant\u0131s\u0131nda, gayrimenkul ve i\u015f d\u00fcnyas\u0131ndan deneyimli isimler g\u00f6r\u00fc\u015flerini payla\u015facak.\u00a0GYODER\u2019in <strong>5&#8217;inci kez<\/strong> d\u00fczenleyece\u011fi \u2018<strong>\u00c7\u00f6z\u00fcm Platformu<\/strong>\u2019 toplant\u0131s\u0131,\u00a0<strong>7 Ocak Per\u015fembe<\/strong>\u00a0g\u00fcn\u00fc\u00a0<strong>14:00\u00a0<\/strong>&#8211;\u00a0<strong>16:35<\/strong>\u00a0saatleri aras\u0131nda<strong>\u00a0Digital Network Alka\u015f\u00a0platformu<\/strong>nda<strong>\u00a0<\/strong>online olarak yap\u0131lacak.<\/p>\n<h2><strong>Pandemide ofis ve AVM\u2019lerde neler ya\u015fand\u0131?<\/strong><\/h2>\n<p>Toplant\u0131n\u0131n konu\u015fmac\u0131lar\u0131ndan Ipsos T\u00fcrkiye CCO\u2019su <strong>Yasemin \u00d6zen G\u00fcrelli<\/strong>, \u2018<strong>Covid s\u00fcrecinde de\u011fi\u015fen al\u0131\u015fkanl\u0131k ve davran\u0131\u015flar\u2019<\/strong> konusunu mercek alt\u0131na alacak. <strong>\u2018Ofis ve al\u0131\u015fveri\u015f merkezlerinde pandemi s\u00fcreci: Neler ya\u015fand\u0131, nas\u0131l etkilendik, m\u00fccadelede ne a\u015famaday\u0131z?\u2019\u00a0<\/strong>ba\u015fl\u0131kl\u0131 oturumda Migros Ticaret A.\u015e. E-Ticaret \u0130\u015f Birimi Direkt\u00f6r\u00fc <strong>Or\u00e7un Onat,\u00a0<\/strong>GYODER \u0130cra Kurulu \u00dcyesi, Sinpa\u015f GYO Genel M\u00fcd\u00fcr\u00fc <strong>Seba Gacemer<\/strong>, MediaMarktSaturn COO ve MediaMarktT\u00fcrkiye CEO\u2019su <strong>Yenal G\u00f6ky\u0131ld\u0131r\u0131m,\u00a0<\/strong>F\u0130BA Commercial Properties Y\u00f6netim Kurulu \u00dcyesi ve CEO\u2019su <strong>Yurdaer Kahraman,\u00a0<\/strong>de\u011ferlendirmelerini aktaracak. <strong>\u00a0<\/strong><\/p>\n<h2><strong>Yeni d\u00fcnyaya nas\u0131l uyum sa\u011flayaca\u011f\u0131z?<\/strong><\/h2>\n<p><strong>\u2018Pandemi sonras\u0131 yeni d\u00fcnya, yeni d\u00f6neme nas\u0131l h\u0131zl\u0131 uyum sa\u011flayaca\u011f\u0131z? G\u00f6r\u00fc\u015fler, umutlar, \u00e7\u00f6z\u00fcm \u00f6nerileri\u2019\u00a0<\/strong>ba\u015fl\u0131kl\u0131 oturumun konu\u015fmac\u0131lar\u0131; Alka\u015f Y\u00f6netim Kurulu Ba\u015fkan\u0131, AYD Ba\u015fkan Yard\u0131mc\u0131s\u0131<strong>\u00a0Avi Alka\u015f,\u00a0<\/strong>Pamir&amp;Soyuer Y\u00f6netici Ortak, ULI T\u00fcrkiye \u0130cra Kurulu \u00dcyesi <strong>Firuz Soyuer,\u00a0<\/strong>Yirmibirgram Marka Ajans\u0131 Kurucu Orta\u011f\u0131 <strong>Onur Yan\u0131k,\u00a0<\/strong>Avc\u0131 Architects Kurucu Orta\u011f\u0131 Mimar <strong>Sel\u00e7uk Avc\u0131\u00a0<\/strong>ise yeni d\u00fcnyaya y\u00f6nelik beklenti ve \u00f6ng\u00f6r\u00fclerini payla\u015facak.<\/p>\n<p><strong>Sorunlar\u0131n<\/strong> ve <strong>gelece\u011fe y\u00f6nelik<\/strong> \u00f6nerilerin konu\u015fulaca\u011f\u0131 oturumlar\u0131 internet \u00fczerinden rahatl\u0131kla izleyebilecek <strong>kat\u0131l\u0131mc\u0131lar,<\/strong> sorular\u0131n\u0131 ileterek <strong>konu\u015fmac\u0131lar\u0131n g\u00f6r\u00fc\u015flerini<\/strong> alabilecek.<\/p>\n<p><strong>GYODER<\/strong>\u2019in <strong>1&#8217;incisini<\/strong> 2019 y\u0131l\u0131 nisan ay\u0131nda <strong>y\u00fcz y\u00fcze toplant\u0131yla<\/strong> ba\u015flatt\u0131\u011f\u0131 <strong>\u2018\u00c7\u00f6z\u00fcm Platformu\u2019,<\/strong> \u00a0art\u0131k online olarak devam edecek.<\/p>","protected":false},"excerpt":{"rendered":"<p>Sorry, this entry is only available in Turkish. For the sake of viewer convenience, the content is shown below in the alternative language. You may click the link to switch the active language. T\u00fcrkiye gayrimenkul sekt\u00f6r\u00fcn\u00fcn \u00e7at\u0131 \u00f6rg\u00fct\u00fc\u00a0GYODER, mevcut sorunlara \u00e7\u00f6z\u00fcm bulmak amac\u0131yla hayata ge\u00e7irdi\u011fi \u2018GYODER \u00c7\u00f6z\u00fcm Platformu, bu sene Alka\u015f i\u015f birli\u011fi ile \u00a0sekt\u00f6r\u00fcn [&hellip;]<\/p>\n","protected":false},"author":1,"featured_media":126412,"comment_status":"open","ping_status":"open","sticky":false,"template":"","format":"standard","meta":[],"categories":[53],"tags":[84441,84444,52259,66607,84445,84442,84443,57125],"views":82,"_links":{"self":[{"href":"https:\/\/www.enerjigazetesi.ist\/en\/wp-json\/wp\/v2\/posts\/126409"}],"collection":[{"href":"https:\/\/www.enerjigazetesi.ist\/en\/wp-json\/wp\/v2\/posts"}],"about":[{"href":"https:\/\/www.enerjigazetesi.ist\/en\/wp-json\/wp\/v2\/types\/post"}],"author":[{"embeddable":true,"href":"https:\/\/www.enerjigazetesi.ist\/en\/wp-json\/wp\/v2\/users\/1"}],"replies":[{"embeddable":true,"href":"https:\/\/www.enerjigazetesi.ist\/en\/wp-json\/wp\/v2\/comments?post=126409"}],"version-history":[{"count":0,"href":"https:\/\/www.enerjigazetesi.ist\/en\/wp-json\/wp\/v2\/posts\/126409\/revisions"}],"wp:featuredmedia":[{"embeddable":true,"href":"https:\/\/www.enerjigazetesi.ist\/en\/wp-json\/wp\/v2\/media\/126412"}],"wp:attachment":[{"href":"https:\/\/www.enerjigazetesi.ist\/en\/wp-json\/wp\/v2\/media?parent=126409"}],"wp:term":[{"taxonomy":"category","embeddable":true,"href":"https:\/\/www.enerjigazetesi.ist\/en\/wp-json\/wp\/v2\/categories?post=126409"},{"taxonomy":"post_tag","embeddable":true,"href":"https:\/\/www.enerjigazetesi.ist\/en\/wp-json\/wp\/v2\/tags?post=126409"}],"curies":[{"name":"wp","href":"https:\/\/api.w.org\/{rel}","templated":true}]}}