{"id":126211,"date":"2020-12-30T15:09:54","date_gmt":"2020-12-30T12:09:54","guid":{"rendered":"https:\/\/www.enerjigazetesi.ist\/?p=126211"},"modified":"2020-12-30T15:36:49","modified_gmt":"2020-12-30T12:36:49","slug":"en-cok-sevdiklerimize-doyasiya-sarilmayi-ozledik","status":"publish","type":"post","link":"https:\/\/www.enerjigazetesi.ist\/en\/en-cok-sevdiklerimize-doyasiya-sarilmayi-ozledik\/","title":{"rendered":"(Turkish) En \u00c7ok Sevdiklerimize Doyas\u0131ya Sar\u0131lmay\u0131 \u00d6zledik!"},"content":{"rendered":"<p class=\"qtranxs-available-languages-message qtranxs-available-languages-message-en\">Sorry, this entry is only available in <a href=\"https:\/\/www.enerjigazetesi.ist\/tr\/wp-json\/wp\/v2\/posts\/126211\" class=\"qtranxs-available-language-link qtranxs-available-language-link-tr\" title=\"Turkish\">Turkish<\/a>. For the sake of viewer convenience, the content is shown below in the alternative language. You may click the link to switch the active language.<\/p><p><\/p>\n<h1><strong>Yap\u0131lan \u201c2021 Y\u0131l\u0131 Beklentileri\u201d ara\u015ft\u0131rmas\u0131, T\u00fcrk halk\u0131n\u0131n 2021 y\u0131l\u0131na girerken hayata bak\u0131\u015f\u0131n\u0131, umutlar\u0131n\u0131, hayallerini ve ald\u0131klar\u0131 yeni kararlar\u0131 ortaya koydu.\u00a0<\/strong><strong>T\u00fcrk halk\u0131 2021\u2019den umutlu. Her 10 ki\u015fiden 6\u2019s\u0131 yeni y\u0131la umutla girdi\u011fini s\u00f6ylerken her 10 ki\u015fiden 5\u2019i, 2021\u2019in 2020\u2019den \u00e7ok daha iyi bir y\u0131l olaca\u011f\u0131n\u0131 d\u00fc\u015f\u00fcn\u00fcyor. Bu umudun ye\u015fermesinin en \u00f6nemli nedeni olarak kat\u0131l\u0131mc\u0131lar\u0131n y\u00fczde 56\u2019s\u0131, a\u015f\u0131n\u0131n bulunmas\u0131n\u0131 g\u00f6steriyor. Pandemi\u2019de her 5 ki\u015fiden 3\u2019\u00fcyse en \u00e7ok sevdiklerine s\u0131k\u0131 s\u0131k\u0131 sar\u0131lmay\u0131 \u00f6zledi\u011fini ifade ediyor. Ara\u015ft\u0131rma ayr\u0131ca 2020\u2019nin pandemi kelimesiyle hat\u0131rlanaca\u011f\u0131n\u0131, 2021\u2019den en \u00f6nemli beklentininse sa\u011fl\u0131k oldu\u011funu ortaya koyuyor.<\/strong><\/h1>\n<p>D\u00fcnya, bu zamana kadar her <strong>100 y\u0131lda<\/strong> bir g\u00f6r\u00fclen pandemiye, <strong>\u0130spanyol Gribi<\/strong>\u2019nin \u00fczerinden tam 100 y\u0131l <img loading=\"lazy\" class=\"alignright wp-image-126213\" src=\"https:\/\/www.enerjigazetesi.ist\/wp-content\/uploads\/2020\/12\/en-cok-sevdiklerimize-doyasiya-sarilmayi-ozledik.jpg\" alt=\"\" width=\"320\" height=\"213\" srcset=\"https:\/\/www.enerjigazetesi.ist\/wp-content\/uploads\/2020\/12\/en-cok-sevdiklerimize-doyasiya-sarilmayi-ozledik.jpg 640w, https:\/\/www.enerjigazetesi.ist\/wp-content\/uploads\/2020\/12\/en-cok-sevdiklerimize-doyasiya-sarilmayi-ozledik-300x200.jpg 300w, https:\/\/www.enerjigazetesi.ist\/wp-content\/uploads\/2020\/12\/en-cok-sevdiklerimize-doyasiya-sarilmayi-ozledik-500x334.jpg 500w, https:\/\/www.enerjigazetesi.ist\/wp-content\/uploads\/2020\/12\/en-cok-sevdiklerimize-doyasiya-sarilmayi-ozledik-75x50.jpg 75w, https:\/\/www.enerjigazetesi.ist\/wp-content\/uploads\/2020\/12\/en-cok-sevdiklerimize-doyasiya-sarilmayi-ozledik-450x300.jpg 450w\" sizes=\"(max-width: 320px) 100vw, 320px\" \/>ge\u00e7tikten sonra 2020\u2019de yakaland\u0131. Felaketler y\u0131l\u0131 olarak an\u0131lan <strong>2020\u2019nin<\/strong> bir an \u00f6nce sona ermesine dair dilekler, aylard\u0131r sosyal medyan\u0131n g\u00fcndemini en \u00e7ok me\u015fgul eden ba\u015fl\u0131klar aras\u0131ndayd\u0131. 2021\u2019e say\u0131l\u0131 g\u00fcnler kala <strong>\u201c2021 Y\u0131l\u0131 Beklentileri\u201d ara\u015ft\u0131rmas\u0131<\/strong>n\u0131 ger\u00e7ekle\u015ftiren <strong>DORinsight<\/strong>, T\u00fcrk halk\u0131n\u0131n \u00f6zlemlerinden al\u0131\u015fveri\u015f al\u0131\u015fkanl\u0131klar\u0131na, tatil planlar\u0131ndan ekonomiye bak\u0131\u015flar\u0131na, <strong>2021<\/strong>\u2019e dair umut ve beklentilerini ortaya koydu. Ara\u015ft\u0131rmayla birlikte ayr\u0131ca <strong>T\u00fcrk halk\u0131n\u0131n<\/strong> adeta <strong>2021<\/strong>\u2019de salg\u0131n \u00f6ncesi g\u00fcnlere d\u00f6nme umuduyla ger\u00e7ekle\u015ftirdi\u011fi <strong>Yap\u0131lacaklar Listesi<\/strong> de g\u00fcn \u0131\u015f\u0131\u011f\u0131na \u00e7\u0131kt\u0131.<\/p>\n<h2><strong>2021\u2019den beklenti y\u00fcksek<\/strong><\/h2>\n<p><strong>Hitay Holding<\/strong> grup \u015firketlerinden T\u00fcrkiye\u2019nin en b\u00fcy\u00fck izinli veri taban\u0131na sahip online ara\u015ft\u0131rma \u015firketi <strong>DORinsight<\/strong> <strong>\u201c2021 Y\u0131l\u0131 Beklentileri\u201d konulu<\/strong> online ara\u015ft\u0131rmas\u0131n\u0131, Aral\u0131k 2020\u2019nin ikinci yar\u0131s\u0131nda ger\u00e7ekle\u015ftirdi. <strong>Ara\u015ft\u0131rmaya<\/strong> T\u00fcrkiye temsili<strong> A-B-C1-C2-D<\/strong> sosyo-ekonomik segmente mensup <strong>5.106 ki\u015fi<\/strong> kat\u0131ld\u0131.<\/p>\n<p>Ara\u015ft\u0131rmada \u00f6ncelikle <strong>2021 y\u0131l\u0131na<\/strong> girerken kat\u0131l\u0131mc\u0131lar\u0131n <strong>2020\u2019ye<\/strong> g\u00f6re daha iyi bir y\u0131l beklentisi i\u00e7inde olup olmad\u0131klar\u0131 ve yeni y\u0131l\u0131 kutlama konusundaki d\u00fc\u015f\u00fcnceleri sorguland\u0131. Buna g\u00f6re kat\u0131l\u0131mc\u0131lar\u0131n <strong>% 46<\/strong>\u2019s\u0131 2021\u2019in <strong>2020\u2019den<\/strong> daha iyi bir y\u0131l olaca\u011f\u0131n\u0131, <strong>% 31<\/strong>\u2019iyse yeni y\u0131l\u0131 kutlamay\u0131 planlad\u0131\u011f\u0131n\u0131 belirtti.<\/p>\n<p>2020, bir\u00e7ok a\u00e7\u0131dan \u00e7ok zor bir y\u0131l oldu. Salg\u0131n y\u00fcz\u00fcnden pek \u00e7ok hayat yar\u0131m kal\u0131rken <strong>i\u015f, e\u011fitim, \u00fcretim<\/strong> ve <strong>ticaret<\/strong> a\u00e7\u0131s\u0131ndan da <strong>kay\u0131p y\u0131l olarak<\/strong> geride kal\u0131yor. \u0130\u015fte bu ortamda ger\u00e7ekle\u015ftirilen DORinsight\u2019\u0131n <strong>\u201c2021 Y\u0131l\u0131 Beklentileri\u201d ara\u015ft\u0131rmas\u0131n\u0131n<\/strong> sonu\u00e7lar\u0131, toplum psikolojisi a\u00e7\u0131s\u0131ndan \u00f6nemli ipu\u00e7lar\u0131 i\u00e7eriyor. Ara\u015ft\u0131rmaya kat\u0131lanlar\u0131n b\u00fcy\u00fck \u00e7o\u011funlu\u011funu olu\u015fturan <strong>% 64<\/strong>\u2019l\u00fck dilimi \u2018Evet, yeni y\u0131la umutla girece\u011fim\u2019 derken sadece <strong>10<\/strong> ki\u015fiden <strong>2<\/strong>\u2019si \u2018umutsuz\u2019 oldu\u011funu ifade ediyor.<\/p>\n<p style=\"text-align: center;\"><img loading=\"lazy\" class=\"aligncenter wp-image-126218\" src=\"https:\/\/www.enerjigazetesi.ist\/wp-content\/uploads\/2020\/12\/01-4.jpg\" alt=\"\" width=\"525\" height=\"490\" srcset=\"https:\/\/www.enerjigazetesi.ist\/wp-content\/uploads\/2020\/12\/01-4.jpg 523w, https:\/\/www.enerjigazetesi.ist\/wp-content\/uploads\/2020\/12\/01-4-300x280.jpg 300w, https:\/\/www.enerjigazetesi.ist\/wp-content\/uploads\/2020\/12\/01-4-429x400.jpg 429w, https:\/\/www.enerjigazetesi.ist\/wp-content\/uploads\/2020\/12\/01-4-54x50.jpg 54w, https:\/\/www.enerjigazetesi.ist\/wp-content\/uploads\/2020\/12\/01-4-500x467.jpg 500w\" sizes=\"(max-width: 525px) 100vw, 525px\" \/><\/p>\n<h2><strong>A\u015f\u0131 en \u00f6nemli umut kayna\u011f\u0131<\/strong><\/h2>\n<p>2021 y\u0131l\u0131ndan umutlu olmay\u0131 sa\u011flayan en \u00f6nemli geli\u015fmeyse <strong>COVID-19 a\u015f\u0131s\u0131<\/strong>n\u0131n y\u0131l\u0131n ba\u015f\u0131nda kullan\u0131lmaya ba\u015flanaca\u011f\u0131 haberleri. Buna g\u00f6re kat\u0131l\u0131mc\u0131lar\u0131n <strong>% 56<\/strong>\u2019s\u0131 <strong>2021\u2019e<\/strong> umutla girmesini sa\u011flayan nedenin \u2018a\u015f\u0131n\u0131n uygulanmaya ba\u015flanacak olmas\u0131\u2019 oldu\u011funu s\u00f6yl\u00fcyor. Pandemi nedeniyle<strong> \u2018aile ve arkada\u015fl\u0131k ili\u015fkilerinin de\u011ferinin daha iyi anla\u015f\u0131lmas\u0131\u2019<\/strong> ise kat\u0131l\u0131mc\u0131lar\u0131n <strong>% 42<\/strong>\u2019si taraf\u0131ndan en \u00e7ok umut veren geli\u015fmelerden biri olarak belirtiliyor.<\/p>\n<p>Yine \u2018<strong>COVID-19<\/strong>\u2019a kar\u015f\u0131 koruyucu sa\u011fl\u0131k \u00fcr\u00fcnlerinin geli\u015ftirilmesi ve \u00fcretimine ba\u015flanmas\u0131\u2019, \u2018ya\u015fam\u0131n de\u011ferini anlayan insanl\u0131\u011f\u0131n daha insanc\u0131l olaca\u011f\u0131 d\u00fc\u015f\u00fcncesi\u2019, \u2018bilim ve teknoloji alan\u0131ndaki geli\u015fmelerin h\u0131zlanmas\u0131\u2019, \u2018<strong>COVID-19<\/strong> ge\u00e7irenlerin say\u0131s\u0131n\u0131n artmas\u0131yla <strong>s\u00fcr\u00fc ba\u011f\u0131\u015f\u0131kl\u0131\u011f\u0131 kazan\u0131laca\u011f\u0131<\/strong> ve 2021\u2019de salg\u0131n\u0131n bu sayede sona erece\u011fi ihtimali\u2019 ve \u2018ya\u015fanan salg\u0131nda dayan\u0131\u015fma ruhunun \u00f6ne \u00e7\u0131kmas\u0131\u2019 umut veren en \u00f6nemli d\u00fc\u015f\u00fcnceler aras\u0131nda yer al\u0131yor.<\/p>\n<p>Ara\u015ft\u0131rmaya kat\u0131lanlar\u0131n <strong>2021\u2019den<\/strong> en <strong>\u00f6nemli pozitif beklentileri<\/strong> aras\u0131ndaysa her <strong>2<\/strong> ki\u015fiden <strong>1<\/strong>\u2019inin telaffuz etti\u011fi <strong>\u2018Aile ya\u015fam\u0131, i\u015f ya\u015fam\u0131 ve ekonomik gelir durumunda pozitif de\u011fi\u015fiklikler\u2019<\/strong> \u00f6ne \u00e7\u0131k\u0131yor.<\/p>\n<h2><strong>Yeni y\u0131l\u0131n dile\u011fi sa\u011fl\u0131k<\/strong><\/h2>\n<p>Ara\u015ft\u0131rmada kat\u0131l\u0131mc\u0131lar\u0131n <strong>2020 y\u0131l\u0131n\u0131<\/strong> hangi kelimelerle hat\u0131rlayacaklar\u0131 ve yeni y\u0131ldan en \u00f6nemli beklentileri de sorguland\u0131. Buna g\u00f6re her <strong>2<\/strong> ki\u015fiden <strong>1<\/strong>\u2019i <strong>2020<\/strong>\u2019yi \u2018pandemi\u2019 kelimesiyle hat\u0131rlayaca\u011f\u0131n\u0131 s\u00f6yledi. Di\u011fer kelimlerse <em>vir\u00fcs (%16), huzursuzluk (%11), sa\u011fl\u0131k (%4), maske (%4), sosyal mesafe (%4), ev hapsi (%2), hijyen (%1)<\/em> olarak telaffuz edildi.<\/p>\n<p>T\u00fcrk halk\u0131n\u0131n yeni y\u0131ldan en b\u00fcy\u00fck beklentisi ba\u015fka bir ifadeyle yeni y\u0131l dile\u011fiyse <strong>% 58<\/strong> oran\u0131yla a\u00e7\u0131k ara sa\u011fl\u0131k oldu. Yine kat\u0131l\u0131mc\u0131lar\u0131n <strong>% 12<\/strong>\u2019si 2021\u2019de para, <strong>% 9<\/strong>\u2019u huzur, <strong>% 6<\/strong>\u2019s\u0131 kavgas\u0131z toplum, <strong>% 6<\/strong>\u2019s\u0131 mutluluk, <strong>% 3<\/strong>\u2019\u00fc a\u015fk, <strong>% 3<\/strong>\u2019\u00fc kariyer, <strong>% 2<\/strong>\u2019siyse ba\u015far\u0131 beklediklerini s\u00f6yledi.<\/p>\n<h2><strong>En \u00e7ok sar\u0131lmay\u0131 \u00f6zledik<\/strong><\/h2>\n<p>Ara\u015ft\u0131rma, kat\u0131l\u0131mc\u0131lar\u0131n ya\u015fam ko\u015fullar\u0131 salg\u0131n \u00f6ncesine d\u00f6nerse en \u00e7ok neleri yapmak istediklerini yani en b\u00fcy\u00fck \u00f6zlemlerini de ortaya koyuyor. Buna g\u00f6re her <strong>10<\/strong> kat\u0131l\u0131mc\u0131dan <strong>6\u2019s\u0131<\/strong> ilk \u00f6nce sevdiklerine s\u0131k\u0131 s\u0131k\u0131 sar\u0131laca\u011f\u0131n\u0131 ifade etti. Ard\u0131ndan s\u0131ras\u0131yla pandemi sonras\u0131 yap\u0131lacaklar <span style=\"text-decoration: underline;\">listesi \u015f\u00f6yle olu\u015ftu:<\/span> <em>\u2018Arkada\u015f, dost, aile b\u00fcy\u00fckleriyle yak\u0131n temas kurarak g\u00f6r\u00fc\u015fmek, al\u0131\u015fveri\u015fe \u00e7\u0131kmak, sevilen restoranlarda yemek yemek, yar\u0131m kalan tedavilere g\u00f6n\u00fcl rahatl\u0131\u011f\u0131yla devam etmek, bayramlarda tatile de\u011fil b\u00fcy\u00fckleri ziyarete gitmek, konser ve festivallere kat\u0131lmak, yurt d\u0131\u015f\u0131na seyahat etmek, sinemaya gitmek, spor salonuna d\u00f6nmek, ma\u00e7\u0131 stadyumda izlemek.\u201d<\/em><\/p>\n<h2><strong>Tatil konusunda temkin s\u00fcr\u00fcyor<\/strong><\/h2>\n<p><strong>2020 yaz\u0131nda<\/strong> her ne kadar dolu ve sosyal mesafenin korunamad\u0131\u011f\u0131 tatil manzaralar\u0131 ekrana gelse de asl\u0131nda \u00fclkenin b\u00fcy\u00fck bir \u00e7o\u011funlu\u011fu tatile \u00e7\u0131kmad\u0131. <strong>2021 yaz\u0131nda<\/strong> tatil planlar\u0131n\u0131n olup olmad\u0131\u011f\u0131n\u0131n sorguland\u0131\u011f\u0131 ara\u015ft\u0131rmada kat\u0131l\u0131mc\u0131lar\u0131n sadece<strong> y\u00fczde 32<\/strong>\u2019sinin tatil plan\u0131 yapt\u0131\u011f\u0131 ortaya \u00e7\u0131kt\u0131. Buna g\u00f6re tatil plan\u0131 yapan her <strong>10<\/strong> ki\u015fiden <strong>6<\/strong>\u2019s\u0131, tatilini yurt i\u00e7indeki sahil beldelerinde ge\u00e7irecek ve tatil yapacak her <strong>10<\/strong> ki\u015fiden<strong> 7<\/strong>\u2019si yeni normal kurallar\u0131na g\u00f6re <strong>mesafeli<\/strong> ve <strong>temass\u0131zl\u0131\u011fa dikkat ederek<\/strong> tatil yapacak.<\/p>\n<h2><strong>Hijyen ve sosyal mesafe korunacak<\/strong><\/h2>\n<p>Peki T\u00fcrk halk\u0131 <strong>pandemi d\u00f6neminde<\/strong> hayat\u0131na giren hangi <strong>yeni al\u0131\u015fkanl\u0131klar\u0131 kaybetmek istemiyor?<\/strong> Ara\u015ft\u0131rman\u0131n sonu\u00e7lar\u0131na g\u00f6re<strong> \u2018Hijyene daha fazla dikkat\u2019<\/strong> ve<strong> \u2018sosyal mesafe\u2019<\/strong> kaybedilmek istenmeyen iki yeni al\u0131\u015fkanl\u0131k. Her <strong>10<\/strong> ki\u015fiden <strong>4<\/strong>\u2019\u00fc hijyene daha fazla dikkat edece\u011fini, her <strong>10<\/strong> ki\u015fiden <strong>3<\/strong>\u2019\u00fcyse sosyal mesafeyi hayatlar\u0131ndan \u00e7\u0131karmak istemediklerini belirtiyor.<\/p>\n<h2><strong>\u00d6nce kalite sonra fiyat<\/strong><\/h2>\n<p>2021 y\u0131l\u0131nda t\u00fcketicilerin markalarla ili\u015fkisinin gelece\u011fi de en \u00e7ok merak edilen konular\u0131n ba\u015f\u0131nda geliyor. Ara\u015ft\u0131rma bu konuda da \u00e7arp\u0131c\u0131 verileri ortaya koyuyor.<\/p>\n<p>Buna g\u00f6re kat\u0131l\u0131mc\u0131lar\u0131n en \u00f6nemli sat\u0131n alma kriterleri aras\u0131nda s\u0131ras\u0131yla <strong>kalite<\/strong> (%73), <strong>fiyat<\/strong> (%68), <strong>sa\u011fl\u0131\u011fa zarar verip vermemesi<\/strong> (%57), <strong>sat\u0131\u015f sonras\u0131 hizmetler ve m\u00fc\u015fteri ili\u015fkileri<\/strong> (%42), <strong>topluma ve gezegene katk\u0131s\u0131<\/strong> (%29), <strong>ge\u00e7mi\u015f deneyimler<\/strong> (%27) ve<strong> yerel olmas\u0131<\/strong> (%26) yer al\u0131yor.<\/p>\n<h2><strong>G\u00f6n\u00fcll\u00fcl\u00fck art\u0131yor<\/strong><\/h2>\n<p><strong>2020 y\u0131l\u0131nda<\/strong> pandemiyle birlikte dayan\u0131\u015fma ruhunun artmas\u0131 T\u00fcrk halk\u0131n\u0131 g\u00f6n\u00fcll\u00fcl\u00fc\u011fe bak\u0131\u015f anlam\u0131nda da etkilemi\u015f gibi g\u00f6r\u00fcn\u00fcyor. \u00c7\u00fcnk\u00fc daha \u00f6nce yap\u0131lan ara\u015ft\u0131rmalarda <strong>18 ya\u015f <\/strong>ve <strong>\u00fcst\u00fcnde<\/strong> sadece <strong>% 6<\/strong> olan g\u00f6n\u00fcll\u00fcl\u00fck oran\u0131 bu ara\u015ft\u0131rmada en az\u0131ndan niyet d\u00fczeyinde olsa da <strong>% 54<\/strong>\u2019e \u00e7\u0131km\u0131\u015f g\u00f6r\u00fcn\u00fcyor.<\/p>\n<p>Ankete g\u00f6re kat\u0131l\u0131mc\u0131lar\u0131n <strong>% 54<\/strong>\u2019\u00fc 2021\u2019de g\u00f6n\u00fcll\u00fc olarak topluma fayda sa\u011flama amac\u0131yla<strong> sivil toplum kurulu\u015flar\u0131<\/strong> i\u00e7in \u00e7al\u0131\u015fabilece\u011fini belirtiyor. Evcil hayvan sahiplenme konusundaysa toplumun y\u00fczde 51\u2019i olumsuz g\u00f6r\u00fc\u015f bildirirken her <strong>10<\/strong> ki\u015fiden <strong>3<\/strong>\u2019\u00fc evcil hayvan sahiplenmeyi d\u00fc\u015f\u00fcnd\u00fc\u011f\u00fcn\u00fc ifade ediyor.<\/p>","protected":false},"excerpt":{"rendered":"<p>Sorry, this entry is only available in Turkish. For the sake of viewer convenience, the content is shown below in the alternative language. You may click the link to switch the active language. Yap\u0131lan \u201c2021 Y\u0131l\u0131 Beklentileri\u201d ara\u015ft\u0131rmas\u0131, T\u00fcrk halk\u0131n\u0131n 2021 y\u0131l\u0131na girerken hayata bak\u0131\u015f\u0131n\u0131, umutlar\u0131n\u0131, hayallerini ve ald\u0131klar\u0131 yeni kararlar\u0131 ortaya koydu.\u00a0T\u00fcrk halk\u0131 2021\u2019den [&hellip;]<\/p>\n","protected":false},"author":1,"featured_media":126213,"comment_status":"open","ping_status":"open","sticky":false,"template":"","format":"standard","meta":[],"categories":[51,53,52],"tags":[84338,45716,52259],"views":176,"_links":{"self":[{"href":"https:\/\/www.enerjigazetesi.ist\/en\/wp-json\/wp\/v2\/posts\/126211"}],"collection":[{"href":"https:\/\/www.enerjigazetesi.ist\/en\/wp-json\/wp\/v2\/posts"}],"about":[{"href":"https:\/\/www.enerjigazetesi.ist\/en\/wp-json\/wp\/v2\/types\/post"}],"author":[{"embeddable":true,"href":"https:\/\/www.enerjigazetesi.ist\/en\/wp-json\/wp\/v2\/users\/1"}],"replies":[{"embeddable":true,"href":"https:\/\/www.enerjigazetesi.ist\/en\/wp-json\/wp\/v2\/comments?post=126211"}],"version-history":[{"count":0,"href":"https:\/\/www.enerjigazetesi.ist\/en\/wp-json\/wp\/v2\/posts\/126211\/revisions"}],"wp:featuredmedia":[{"embeddable":true,"href":"https:\/\/www.enerjigazetesi.ist\/en\/wp-json\/wp\/v2\/media\/126213"}],"wp:attachment":[{"href":"https:\/\/www.enerjigazetesi.ist\/en\/wp-json\/wp\/v2\/media?parent=126211"}],"wp:term":[{"taxonomy":"category","embeddable":true,"href":"https:\/\/www.enerjigazetesi.ist\/en\/wp-json\/wp\/v2\/categories?post=126211"},{"taxonomy":"post_tag","embeddable":true,"href":"https:\/\/www.enerjigazetesi.ist\/en\/wp-json\/wp\/v2\/tags?post=126211"}],"curies":[{"name":"wp","href":"https:\/\/api.w.org\/{rel}","templated":true}]}}