{"id":126063,"date":"2020-12-29T10:16:25","date_gmt":"2020-12-29T07:16:25","guid":{"rendered":"https:\/\/www.enerjigazetesi.ist\/?p=126063"},"modified":"2020-12-29T10:17:12","modified_gmt":"2020-12-29T07:17:12","slug":"2inci-sosyal-uygunluk-ve-surdurulebilirlik-zirvesi-susz20-duzenlendi","status":"publish","type":"post","link":"https:\/\/www.enerjigazetesi.ist\/en\/2inci-sosyal-uygunluk-ve-surdurulebilirlik-zirvesi-susz20-duzenlendi\/","title":{"rendered":"(Turkish) 2&#8217;inci Sosyal Uygunluk ve S\u00fcrd\u00fcr\u00fclebilirlik Zirvesi (SUSZ\u201920) D\u00fczenlendi"},"content":{"rendered":"<p class=\"qtranxs-available-languages-message qtranxs-available-languages-message-en\">Sorry, this entry is only available in <a href=\"https:\/\/www.enerjigazetesi.ist\/tr\/wp-json\/wp\/v2\/posts\/126063\" class=\"qtranxs-available-language-link qtranxs-available-language-link-tr\" title=\"Turkish\">Turkish<\/a>. For the sake of viewer convenience, the content is shown below in the alternative language. You may click the link to switch the active language.<\/p><p><\/p>\n<h1>Ge\u00e7ti\u011fimiz sene Taksim Dan\u0131\u015fmanl\u0131k Hizmetlerinin organizasyonunu \u00fcstlendi\u011fi ve T\u00fcrkiye\u2019de ilk kez d\u00fczenlenen \u201cSosyal Uygunluk Denetimleri Zirvesi\u2019nin (SUDZ\u201919) ikincisi, \u201cSosyal Uygunluk ve S\u00fcrd\u00fcr\u00fclebilirlik Zirvesi (SUSZ\u201920)\u201d ismiyle 19 Aral\u0131k 2020 tarihinde online olarak d\u00fczenlendi. \u0130lginin olduk\u00e7a y\u00fcksek oldu\u011fu zirveye farkl\u0131 sekt\u00f6rlerden bir\u00e7ok profesyonel kat\u0131l\u0131rken; her biri alan\u0131nda uzman konu\u015fmac\u0131lar, sosyal uygunluk ve s\u00fcrd\u00fcr\u00fclebilirlikle ilgili farkl\u0131 konular hakk\u0131nda bilgilendirici a\u00e7\u0131klamalarda bulundu.<\/h1>\n<p><strong>SUSZ\u201920<\/strong>, halihaz\u0131rda <strong>ihracat<\/strong> yapan veya<strong> ihracat hedefi<\/strong> bulunan firmalar\u0131n<strong> sosyal uygunluk denetimleri<\/strong> hakk\u0131nda \u00e7al\u0131\u015fmalar y\u00fcr\u00fcten ki\u015fi ve kurumlar\u0131 bir araya getirdi. Zirve, denetim s\u00fcre\u00e7lerinin anla\u015f\u0131lmas\u0131 i\u00e7in her sekt\u00f6rden firman\u0131n do\u011fru bilgilere ula\u015fmas\u0131n\u0131 sa\u011flad\u0131. Kat\u0131l\u0131mc\u0131lar; <strong>ECOVADIS, BSCI, <img loading=\"lazy\" class=\"alignright wp-image-126066\" src=\"https:\/\/www.enerjigazetesi.ist\/wp-content\/uploads\/2020\/12\/2inci-sosyal-uygunluk-ve-surdurulebilirlik-zirvesi-susz20-duzenlendi-2.jpg\" alt=\"\" width=\"340\" height=\"203\" srcset=\"https:\/\/www.enerjigazetesi.ist\/wp-content\/uploads\/2020\/12\/2inci-sosyal-uygunluk-ve-surdurulebilirlik-zirvesi-susz20-duzenlendi-2.jpg 816w, https:\/\/www.enerjigazetesi.ist\/wp-content\/uploads\/2020\/12\/2inci-sosyal-uygunluk-ve-surdurulebilirlik-zirvesi-susz20-duzenlendi-2-300x179.jpg 300w, https:\/\/www.enerjigazetesi.ist\/wp-content\/uploads\/2020\/12\/2inci-sosyal-uygunluk-ve-surdurulebilirlik-zirvesi-susz20-duzenlendi-2-768x459.jpg 768w, https:\/\/www.enerjigazetesi.ist\/wp-content\/uploads\/2020\/12\/2inci-sosyal-uygunluk-ve-surdurulebilirlik-zirvesi-susz20-duzenlendi-2-500x299.jpg 500w, https:\/\/www.enerjigazetesi.ist\/wp-content\/uploads\/2020\/12\/2inci-sosyal-uygunluk-ve-surdurulebilirlik-zirvesi-susz20-duzenlendi-2-80x48.jpg 80w\" sizes=\"(max-width: 340px) 100vw, 340px\" \/>SEDEX, WRAP, URSA, INDITEX, FAMA<\/strong> ve <strong>di\u011fer sosyal uygunluk<\/strong> ve <strong>marka\/etik denetim programlar\u0131<\/strong>n\u0131n gereklilikleri hakk\u0131ndaki a\u00e7\u0131klamalar\u0131 konunun uzmanlar\u0131ndan dinleme f\u0131rsat\u0131 buldu. <strong>SUSZ\u201920<\/strong> b\u00f6ylelikle, <strong>sosyal uygunluk<\/strong> ve<strong> kurumsal s\u00fcrd\u00fcr\u00fclebilirlik kavramlar\u0131n\u0131n<\/strong> yayg\u0131nla\u015fmas\u0131na; \u00fclkemizde ger\u00e7ekle\u015ftirilen i\u015f s\u00fcre\u00e7lerinin kalitesinin ve performans\u0131n\u0131n art\u0131r\u0131lmas\u0131na katk\u0131da bulundu.<\/p>\n<p>SUSZ\u201920, etkinli\u011fin organizat\u00f6r\u00fc olan <strong>Taksim Dan\u0131\u015fmanl\u0131k Hizmetleri<\/strong>\u2019nin kurucu genel m\u00fcd\u00fcr\u00fc ve ayn\u0131 zaman global raporlama uzman\u0131 olan <strong>Dilek A\u015fan<\/strong>\u2019\u0131n <em>\u201cKurumsal S\u00fcrd\u00fcr\u00fclebilirlik ve Ecovadis \u00d6d\u00fclleri\u201d ve \u201cKurumsal Sosyal Sorumluluk Projeleri\u201d<\/em> hakk\u0131ndaki konu\u015fmas\u0131 ile ba\u015flad\u0131. <strong>Dilek A\u015fan<\/strong>, Taksim Dan\u0131\u015fmanl\u0131k Hizmetleri\u2019nin 2020 y\u0131l\u0131nda kurumsal sosyal sorumluluk uygulamalar\u0131 kapsam\u0131nda &#8220;Ask\u0131da E\u011fitim&#8221; projesiyle \u00f6\u011frenci ve i\u015f arayan yeni mezunlara \u00fccretsiz olarak e\u011fitimler verdi\u011fini ve 2021 y\u0131l\u0131nda da <strong>&#8220;Ask\u0131da E\u011fitim&#8221; projesine<\/strong> devam edece\u011fini duyurdu. Ayr\u0131ca bir di\u011fer kurumsal sosyal sorumluluk projesinden bahseden Dilek A\u015fan, Taksim Dan\u0131\u015fmanl\u0131k Hizmetleri olarak ekolojik ayak izlerini artt\u0131rmak amac\u0131yla <strong>kurak arazileri a\u011fa\u00e7land\u0131r\u0131lmas\u0131yla ilgili proje kapsam\u0131<\/strong>nda 2021 y\u0131l\u0131nda ye\u015fillendirilecek alanlar\u0131 ve dikecekleri a\u011fa\u00e7 say\u0131s\u0131n\u0131 vurgulad\u0131. Sadece Taksim Dan\u0131\u015fmanl\u0131k Hizmetleri de\u011fil t\u00fcm firmalar\u0131n<strong> kurumsal sosyal sorumluluklar\u0131n\u0131<\/strong> yerine getirmesi gerekti\u011fini hat\u0131rlatan Dilek A\u015fan bu konuda firmalara gerekli bilgi deste\u011fini sa\u011flayabileceklerini de dile getirdi.<\/p>\n<p>Kat\u0131l\u0131mc\u0131lar, daha sonra kurumsal sosyal sorumluluk k\u0131demli dan\u0131\u015fman\u0131 ve e\u011fitmen Ay\u00e7a Aksoy\u2019un <strong>\u201cSosyal Uygunluk Denetimlerinin S\u00fcrd\u00fcr\u00fclebilir Y\u00f6netim Sistemlerine Katk\u0131lar\u0131\u201d<\/strong> konulu konu\u015fmas\u0131n\u0131 dinlediler. Bir sonraki konu\u015fmac\u0131 ise Taksim Dan\u0131\u015fmanl\u0131k Hizmetleri b\u00fcnyesinde \u00e7al\u0131\u015fan ve A s\u0131n\u0131f\u0131 i\u015f g\u00fcvenli\u011fi uzman\u0131 olan <strong>Fatma S\u00f6nmezler<\/strong> idi. S\u00f6nmezler, konu\u015fmas\u0131nda<strong> \u201cS\u00fcrd\u00fcr\u00fclebilir \u0130\u015f Eti\u011fi \u0130lkeleri ve Eme\u011fin De\u011ferlile\u015ftirilmesi\u201d<\/strong> konusunu ele ald\u0131.<\/p>\n<p><strong>Fatma S\u00d6NMEZLER\u2019<\/strong> den sonra s\u00f6z alan ARMA \u00c7evre Genel M\u00fcd\u00fcr\u00fc <strong>Orkun G\u00fcm\u00fc\u015ftekin<\/strong>, <strong>\u201cS\u00fcrd\u00fcr\u00fclebilir \u00c7evre ve Eko-Verimlilik\u201d<\/strong> ile ilgili bilgiler aktard\u0131. <strong>\u00c7evresel s\u00fcrd\u00fcr\u00fclebilirli\u011fin<\/strong> ge\u00e7mi\u015ften bug\u00fcne yolculu\u011funu ve neden bu kadar \u00f6nemli oldu\u011funu anlatan G\u00fcm\u00fc\u015ftekin, yapt\u0131\u011f\u0131 sunumda <strong>temiz \u00fcretim,<\/strong> <strong>karbon ayak izi, su ayak izi, biyo\u00e7e\u015fitlilik<\/strong> gibi \u00f6nemli konulara de\u011findi.<\/p>\n<p>Zirvenin birinci oturumunda son konu\u015fmac\u0131 ise <strong>T\u00fcrkiye \u0130hracat\u00e7\u0131lar Meclisi (T\u0130M)<\/strong> Afrika Masas\u0131 Ba\u015fkan\u0131 Tar\u0131k Bozbey oldu. Konu\u015fmas\u0131nda<strong> kurumsal s\u00fcrd\u00fcr\u00fclebilirlik<\/strong> ve <strong>sosyal uygunluk<\/strong> i\u00e7in en \u00f6nemli ilkelerden biri olan hesap verebilirlik ve \u015feffaf y\u00f6netim konular\u0131na de\u011finen Bozbey, bu konular\u0131n pratikteki kar\u015f\u0131l\u0131\u011f\u0131n\u0131n nas\u0131l olmas\u0131n\u0131 gerekti\u011fini \u00f6rnekler ile a\u00e7\u0131klad\u0131.<\/p>\n<p>Sosyal Uygunluk ve S\u00fcrd\u00fcr\u00fclebilirlik Zirvesi\u2019nin <strong>2&#8217;inci<\/strong> oturumu<strong> INNOSA Bili\u015fim Teknolojileri<\/strong> \u015firketinde \u0130\u015f Geli\u015ftirme ve \u0130nsan Kaynaklar\u0131 Y\u00f6neticili\u011fi g\u00f6revlerini y\u00fcr\u00fcten ve ayn\u0131 zamanda S\u00fcrd\u00fcr\u00fclebilir Kentsel Geli\u015fim A\u011f\u0131 \u0130zmir Kurul \u00dcyesi olan Dr. Ladin YILDIRAN\u2019\u0131n konu\u015fmas\u0131 ile ba\u015flad\u0131. Y\u0131ld\u0131ran, konu\u015fmas\u0131nda genel olarak <strong>\u201cS\u00fcrd\u00fcr\u00fclebilir \u015eehirler ve Topluluklar\u201d<\/strong> konusuna de\u011findi ve bu konuyla ilgili \u00e7e\u015fitli \u00f6rnekler verdi.<\/p>\n<p>Zirvenin 2&#8217;inci oturumundaki ikinci konu\u015fmac\u0131 ise ara\u015ft\u0131rmac\u0131-yazar <strong>Dr. Asl\u0131 VAROL<\/strong> oldu. Kat\u0131l\u0131mc\u0131lara<strong> \u201cKurumsal Sosyal Raporlama\u201d<\/strong> konusunda ayr\u0131nt\u0131l\u0131 a\u00e7\u0131klamalarda bulunan Varol, yapt\u0131\u011f\u0131 sunumda; raporlaman\u0131n \u00f6nemine, tarihsel s\u00fcrecine, raporlamada dikkat edilmesi gereken hususlara ve bu konudaki yeni trendlere de\u011findi. Varol ayr\u0131ca, <em>K\u00fcresel Raporlama Giri\u015fimi (GRI), AA1000, SA8000 ve ISO 14001 standartlar\u0131, Dow Jones S\u00fcrd\u00fcr\u00fclebilirlik Endeksi (DJSI), FTSE4Good Endeksi ve ISO 26000 Sosyal Sorumluluk Standard\u0131<\/em> gibi kurumsal sosyal raporlama ara\u00e7lar\u0131n\u0131 anlatt\u0131.<\/p>\n<p>Sa\u011fl\u0131k ve Medikal Ba\u015f Denet\u00e7isi <strong>Teoman ALPAY<\/strong>, <strong>Asl\u0131 VAROL<\/strong>\u2019dan sonra konu\u015fan isimdi. Sa\u011fl\u0131k alan\u0131nda s\u00fcrd\u00fcr\u00fclebilirli\u011fin nas\u0131l sa\u011flanmas\u0131 gerekti\u011fini t\u00fcm y\u00f6nleriyle anlatan Alpay, halk sa\u011fl\u0131\u011f\u0131nda benimsenmesi gereken temel ilkelerden bahsetti. <strong>T\u0131bbi cihazlar<\/strong> i\u00e7in <strong>s\u00fcrd\u00fcr\u00fclebilirlik uygulamalar\u0131na<\/strong> da de\u011finen Alpay, kat\u0131l\u0131mc\u0131lara sa\u011fl\u0131k alan\u0131ndaki s\u00fcrd\u00fcr\u00fclebilir kalk\u0131nma hedefleri ve T.C Kalk\u0131nma Bakanl\u0131\u011f\u0131\u2019n\u0131n <strong>\u201cSa\u011fl\u0131k Hizmet Kalitesi ve Mali S\u00fcrd\u00fcr\u00fclebilirlik\u201d<\/strong> konulu <strong>11. Kalk\u0131nma Plan\u0131<\/strong> ile ilgili bilgiler aktard\u0131.<\/p>\n<p>Zirvenin bir sonraki konu\u015fmac\u0131s\u0131 <em>Polisan Holding Y\u00f6netim Sistemleri ve S\u00fcrd\u00fcr\u00fclebilirlik M\u00fcd\u00fcr\u00fc<\/em> <strong>Dilek SARIASLAN<\/strong> oldu. Polisan\u2019\u0131n kurumsal s\u00fcrd\u00fcr\u00fclebilirlik \u00e7al\u0131\u015fmalar\u0131ndan bahseden Sar\u0131aslan, \u015firketin \u00fcretti\u011fi \u00e7evre dostu \u00fcr\u00fcnlerin tan\u0131t\u0131m\u0131n\u0131 yapt\u0131. Polisan\u2019\u0131n <strong>Ecovadis s\u00fcrd\u00fcr\u00fclebilirlik de\u011ferlendirmeleri<\/strong> sonucu ald\u0131\u011f\u0131 \u00f6d\u00fcllere ve \u00f6d\u00fcllerin kazan\u0131lmas\u0131na giden s\u00fcrece de de\u011finen Sar\u0131aslan, s\u00fcrd\u00fcr\u00fclebilir tedarik\u00e7i zinciri faaliyetlerini ve tedarik\u00e7ilerden beklentilerini anlatarak konu\u015fmas\u0131n\u0131 tamamlad\u0131.<\/p>\n<p><strong>Taksim Dan\u0131\u015fmanl\u0131k<\/strong>\u2019\u0131n bu sene ikincisini organize etti\u011fi <strong>Sosyal Uygunluk<\/strong> ve<strong> S\u00fcrd\u00fcr\u00fclebilirlik Zirvesi<\/strong>\u2019nin son konu\u015fmac\u0131s\u0131, \u00fclkemizin \u00f6nemli tekstil \u015firketlerinden biri olan Bossa\u2019da strateji ve i\u015f geli\u015ftirme direkt\u00f6r\u00fc olarak g\u00f6rev yapan <strong>Besim \u00d6ZEK<\/strong> oldu. Konu\u015fmas\u0131nda genel olarak <strong>s\u00fcrd\u00fcr\u00fclebilirlik, \u015feffafl\u0131k<\/strong> ve<strong> izlenebilirlik<\/strong> konular\u0131ndan bahseden \u00d6zek, \u00f6zellikle tekstil sekt\u00f6r\u00fcndeki s\u00fcrd\u00fcr\u00fclebilirlik \u00e7al\u0131\u015fmalar\u0131n\u0131n nas\u0131l olmas\u0131 gerekti\u011fini anlatt\u0131. <strong>Geri d\u00f6n\u00fc\u015ft\u00fcr\u00fclm\u00fc\u015f \u00fcr\u00fcn kullan\u0131m\u0131<\/strong> ve<strong> organik pamuk izlenebilirli\u011fi<\/strong> konular\u0131n\u0131 ele alan \u00d6zek, Bossa\u2019n\u0131n s\u00fcrd\u00fcr\u00fclebilirlik \u00e7al\u0131\u015fmalar\u0131ndan ve \u015feffafl\u0131k ilkelerinden bahsetti.<\/p>\n<p>Kat\u0131l\u0131mc\u0131lar\u0131n <strong>sosyal uygunluk<\/strong> ve <strong>s\u00fcrd\u00fcr\u00fclebilirlik<\/strong> konular\u0131yla ilgili farkl\u0131 sekt\u00f6rdeki \u00e7al\u0131\u015fmalar\u0131, do\u011frudan konunun uzmanlar\u0131ndan dinleme \u015fans\u0131 buldu\u011fu etkinlik, zirve ile ilgili <strong>g\u00f6r\u00fc\u015f<\/strong> ve <strong>\u00f6nerilerin<\/strong> payla\u015f\u0131lmas\u0131 ve sorulan sorular\u0131n yan\u0131tlanmas\u0131 ile son buldu.<\/p>","protected":false},"excerpt":{"rendered":"<p>Sorry, this entry is only available in Turkish. For the sake of viewer convenience, the content is shown below in the alternative language. You may click the link to switch the active language. Ge\u00e7ti\u011fimiz sene Taksim Dan\u0131\u015fmanl\u0131k Hizmetlerinin organizasyonunu \u00fcstlendi\u011fi ve T\u00fcrkiye\u2019de ilk kez d\u00fczenlenen \u201cSosyal Uygunluk Denetimleri Zirvesi\u2019nin (SUDZ\u201919) ikincisi, \u201cSosyal Uygunluk ve S\u00fcrd\u00fcr\u00fclebilirlik [&hellip;]<\/p>\n","protected":false},"author":1,"featured_media":126067,"comment_status":"open","ping_status":"open","sticky":false,"template":"","format":"standard","meta":[],"categories":[53],"tags":[84238,52259,84236,84239,57125,84237,84235],"views":115,"_links":{"self":[{"href":"https:\/\/www.enerjigazetesi.ist\/en\/wp-json\/wp\/v2\/posts\/126063"}],"collection":[{"href":"https:\/\/www.enerjigazetesi.ist\/en\/wp-json\/wp\/v2\/posts"}],"about":[{"href":"https:\/\/www.enerjigazetesi.ist\/en\/wp-json\/wp\/v2\/types\/post"}],"author":[{"embeddable":true,"href":"https:\/\/www.enerjigazetesi.ist\/en\/wp-json\/wp\/v2\/users\/1"}],"replies":[{"embeddable":true,"href":"https:\/\/www.enerjigazetesi.ist\/en\/wp-json\/wp\/v2\/comments?post=126063"}],"version-history":[{"count":0,"href":"https:\/\/www.enerjigazetesi.ist\/en\/wp-json\/wp\/v2\/posts\/126063\/revisions"}],"wp:featuredmedia":[{"embeddable":true,"href":"https:\/\/www.enerjigazetesi.ist\/en\/wp-json\/wp\/v2\/media\/126067"}],"wp:attachment":[{"href":"https:\/\/www.enerjigazetesi.ist\/en\/wp-json\/wp\/v2\/media?parent=126063"}],"wp:term":[{"taxonomy":"category","embeddable":true,"href":"https:\/\/www.enerjigazetesi.ist\/en\/wp-json\/wp\/v2\/categories?post=126063"},{"taxonomy":"post_tag","embeddable":true,"href":"https:\/\/www.enerjigazetesi.ist\/en\/wp-json\/wp\/v2\/tags?post=126063"}],"curies":[{"name":"wp","href":"https:\/\/api.w.org\/{rel}","templated":true}]}}