{"id":126039,"date":"2020-12-29T01:11:16","date_gmt":"2020-12-28T22:11:16","guid":{"rendered":"https:\/\/www.enerjigazetesi.ist\/?p=126039"},"modified":"2020-12-29T01:13:50","modified_gmt":"2020-12-28T22:13:50","slug":"kredi-karti-ile-bile-gunese-yatirim-yapabilmek-artik-mumkun","status":"publish","type":"post","link":"https:\/\/www.enerjigazetesi.ist\/en\/kredi-karti-ile-bile-gunese-yatirim-yapabilmek-artik-mumkun\/","title":{"rendered":"(Turkish) Kredi Kart\u0131 ile Bile G\u00fcne\u015f&#8217;e Yat\u0131r\u0131m Yapabilmek Art\u0131k M\u00fcmk\u00fcn!"},"content":{"rendered":"<p class=\"qtranxs-available-languages-message qtranxs-available-languages-message-en\">Sorry, this entry is only available in <a href=\"https:\/\/www.enerjigazetesi.ist\/tr\/wp-json\/wp\/v2\/posts\/126039\" class=\"qtranxs-available-language-link qtranxs-available-language-link-tr\" title=\"Turkish\">Turkish<\/a>. For the sake of viewer convenience, the content is shown below in the alternative language. You may click the link to switch the active language.<\/p><p><\/p>\n<h1>Prosumer 2020: \u00dcreten T\u00fcketiciler Konferans\u0131&#8217;nda a\u00e7\u0131klamalarda bulunan <em>Yap\u0131 Kredi Leasing Genel M\u00fcd\u00fcr Yard\u0131mc\u0131s\u0131<\/em> Burcu \u015eirin, Yap\u0131 Kredi Leasing\u2019in enerji portf\u00f6y\u00fcne y\u00f6nelik bilgiler payla\u015ft\u0131.<\/h1>\n<p>\u201c<strong>Yap\u0131 Kredi<\/strong> Leasing sekt\u00f6r\u00fcn en k\u00f6kl\u00fc ve en b\u00fcy\u00fck leasing \u015firketi. Pek \u00e7ok bankadan bile daha b\u00fcy\u00fck bir bilan\u00e7o y\u00f6netiyoruz. Toplam da <strong>500 MW<\/strong>\u2019l\u0131k <em>yenilenebilir enerji portf\u00f6y\u00fcm\u00fcz<\/em> var. Bu sadece T\u00fcrkiye i\u00e7in de\u011fil d\u00fcnya i\u00e7in yenilenebilir enerji sekt\u00f6r\u00fcnde \u00e7ok ciddi bir portf\u00f6y. Bunun<strong> 236 MW<\/strong>\u2019\u0131 da g\u00fcne\u015f <img loading=\"lazy\" class=\"alignright wp-image-126041\" src=\"https:\/\/www.enerjigazetesi.ist\/wp-content\/uploads\/2020\/12\/kredi-karti-ile-gunese-yatirim-yapmak-artik-mumkun.jpg\" alt=\"\" width=\"340\" height=\"207\" srcset=\"https:\/\/www.enerjigazetesi.ist\/wp-content\/uploads\/2020\/12\/kredi-karti-ile-gunese-yatirim-yapmak-artik-mumkun.jpg 597w, https:\/\/www.enerjigazetesi.ist\/wp-content\/uploads\/2020\/12\/kredi-karti-ile-gunese-yatirim-yapmak-artik-mumkun-300x182.jpg 300w, https:\/\/www.enerjigazetesi.ist\/wp-content\/uploads\/2020\/12\/kredi-karti-ile-gunese-yatirim-yapmak-artik-mumkun-500x304.jpg 500w, https:\/\/www.enerjigazetesi.ist\/wp-content\/uploads\/2020\/12\/kredi-karti-ile-gunese-yatirim-yapmak-artik-mumkun-80x50.jpg 80w\" sizes=\"(max-width: 340px) 100vw, 340px\" \/>enerjisi.\u201d <strong>\u00c7at\u0131s\u0131na<\/strong> ilk defa <strong>GES kuracak<\/strong> olan bir yat\u0131r\u0131mc\u0131n\u0131n <strong>Yap\u0131 Kredi Leasing<\/strong>\u2019le \u00e7al\u0131\u015ft\u0131\u011f\u0131nda kar\u015f\u0131la\u015faca\u011f\u0131 s\u00fcre\u00e7le ilgili detaylar <span style=\"text-decoration: underline;\">veren \u015eirin;<\/span><\/p>\n<p>\u201cSon bir senedir, daha \u00e7ok<strong> sanayi tipi \u00e7at\u0131 \u00fcst\u00fc GES<\/strong> talebi al\u0131yoruz. Gelen talepler <strong>EPC firmalar\u0131<\/strong> \u00fczerinden veya <strong>Yap\u0131 Kredi m\u00fc\u015fterilerinden<\/strong> olabiliyor. Genellikle<strong> g\u00fcne\u015f enerjisi yat\u0131r\u0131m\u0131<\/strong> yapmaya karar veren m\u00fc\u015fteriler asl\u0131nda ilk \u00f6nce <strong>EPC<\/strong> firmas\u0131yla anla\u015f\u0131yor, bizim kar\u015f\u0131m\u0131za bir projeyle geliyor. <strong>\u00c7at\u0131 \u00fcst\u00fc GES yat\u0131r\u0131m\u0131<\/strong> yapacak m\u00fc\u015fteriden, yat\u0131r\u0131m\u0131n <strong>%21<\/strong>\u2019ini \u00f6n \u00f6deme olarak pe\u015fin al\u0131yoruz. Ondan sonra her ay kiralar\u0131n\u0131 <strong>elektrik gideri<\/strong> olarak ne kadar \u00f6d\u00fcyorsa bize de o kadar \u00f6d\u00fcyor. K\u0131sacas\u0131 yat\u0131r\u0131mc\u0131n\u0131n cebinden<strong> \u00f6n \u00f6deme d\u0131\u015f\u0131nda<\/strong> bir \u00f6deme \u00e7\u0131km\u0131yor. Bu ger\u00e7ekten \u00e7ok avantajl\u0131.<strong> 7-8 y\u0131l sonra da<\/strong> yat\u0131r\u0131m kendini <strong>amorti<\/strong> ediyor ve <strong>bedava elektrik kullanmaya<\/strong> ba\u015fl\u0131yorlar. E\u011fer bizim gitti\u011fimiz anlatt\u0131\u011f\u0131m\u0131z ve daha sonras\u0131nda bu yat\u0131r\u0131mla ilgilenen m\u00fc\u015fterimiz olursa da bildi\u011fimiz <strong>EPC firmalar\u0131<\/strong> var, m\u00fc\u015fterimizi bu <strong>EPC firmalar\u0131na<\/strong> y\u00f6nlendiriyoruz. \u00d6ncelikle <strong>projeye \u00e7al\u0131\u015fs\u0131nlar<\/strong> istiyoruz, bizim <strong>kendi i\u00e7imizde m\u00fchendislerden<\/strong> olu\u015fan bu i\u015flerle ilgilenen bir ekibimiz var onlar da <strong>bu projenin sa\u011flamas\u0131n\u0131<\/strong> yap\u0131yor.\u201d ifadelerine yer verdi.<\/p>\n<p>Yat\u0131r\u0131mlar esnas\u0131nda \u00f6zellikle dikkat ettikleri noktalar\u0131n alt\u0131n\u0131 \u00e7izen \u015eirin, <em>\u201cNormal g\u00fcne\u015f enerjisi projelerinde \u00f6zellikle dikkat etti\u011fimiz konular kurulacak <strong>GES<\/strong>\u2019in <strong>verimlili\u011fi<\/strong> ve <strong>yat\u0131r\u0131mc\u0131n\u0131n<\/strong> g\u00fcc\u00fc. Ancak <strong>\u00e7at\u0131 \u00fcst\u00fc GES<\/strong>\u2019lerde bir \u015feye daha dikkat ediyoruz. \u00c7at\u0131 \u00fcst\u00fc GES\u2019in verimli olabilmesi i\u00e7in kendi elektri\u011fini daha \u00e7ok kullanmas\u0131 gerekiyor. Bu sebeple \u00e7at\u0131s\u0131na GES kurulacak olan firman\u0131n i\u015flerinin nas\u0131l gitti\u011fi<strong> 2-3 y\u0131ll\u0131k<\/strong> projeksiyonlarla takip ediliyor. T\u00fcm bu s\u00fcre\u00e7lerden sonra bir <strong>fiyatlama yap\u0131yoruz<\/strong> ve <strong>ka\u00e7 sene de amorti edecekse<\/strong> ona bir fiyat teklifi veriyoruz. M\u00fc\u015fteri kabul ederse de incelemesini yap\u0131p kredilere aktar\u0131yoruz. Kredilerde de onaylan\u0131rsa s\u00f6zle\u015fmemizi yap\u0131p <strong>EPC\u2019ye \u00f6demelerimizi<\/strong> yap\u0131p <strong>m\u00fc\u015fteriye bunu finansman<\/strong> olarak sunabiliyoruz.\u201d<\/em> dedi.<\/p>\n<p>Oturumun devam\u0131nda <strong>Yap\u0131 Kredi Leasing<\/strong>\u2019in yeni \u00fcr\u00fcn\u00fcn\u00fcn tan\u0131t\u0131m\u0131n\u0131 yapan \u015eirin, \u201c<em>Bir senedir tabana yay\u0131lmak istiyoruz, k\u00fc\u00e7\u00fck taleplere cevap vermek istiyoruz ama bu m\u00fcmk\u00fcn de\u011fildi. Fakat biz birka\u00e7 y\u0131l \u00f6nce bir <strong>kredi kart\u0131 leasing<\/strong> i\u015fine girdik. Bu d\u00fcnyada da yap\u0131lmam\u0131\u015f bir \u015fey asl\u0131nda. <strong>E ticaret<\/strong> gibi kredi kart\u0131yla, hi\u00e7 kredilere g\u00f6ndermeden ara i\u015flemler hi\u00e7 olmadan ve otomatik olarak ekrana d\u00fc\u015fen s\u00f6zle\u015fmeyle talepleri kar\u015f\u0131l\u0131yoruz. Yakla\u015f\u0131k <strong>3 senedir<\/strong> \u00fczerinde \u00e7al\u0131\u015f\u0131yoruz ve yakla\u015f\u0131k<strong> 1.5 senedir<\/strong> de bu i\u015fi yap\u0131yoruz ve i\u015flerimizin <strong>%10<\/strong>\u2019u art\u0131k <strong>kredi kart\u0131yla<\/strong> ve altyap\u0131m\u0131z\u0131 da yapt\u0131k. Yani art\u0131k ger\u00e7ekten bir <strong>e-ticaret deneyimi<\/strong>ne do\u011fru gidiyor. T\u00fcm bu kredi kart\u0131 i\u015fini <strong>g\u00fcne\u015f enerjisine<\/strong> de uygulayal\u0131m istedik. <strong>2,5 kW<\/strong>\u2019dan <strong>20 kW<\/strong>\u2019a kadar olan yat\u0131r\u0131mlar bizim hedefimiz.<strong> K\u00fc\u00e7\u00fck at\u00f6lyeler, evler petrol ofisleri gibi pek \u00e7ok k\u00fc\u00e7\u00fck yat\u0131r\u0131m i<\/strong>\u00e7in hepsi i\u00e7inde paketler \u00fczerinde \u00e7al\u0131\u015f\u0131yoruz. K\u00fc\u00e7\u00fck projelerinizde <strong>ayda 2000 TL\u2019den<\/strong> ba\u015flayan<strong> kredi kart\u0131 \u00f6demeleri<\/strong>nizle bu yat\u0131r\u0131mlar\u0131 yapabileceksiniz.\u201d<\/em> ifadelerini kulland\u0131.<\/p>","protected":false},"excerpt":{"rendered":"<p>Sorry, this entry is only available in Turkish. For the sake of viewer convenience, the content is shown below in the alternative language. You may click the link to switch the active language. Prosumer 2020: \u00dcreten T\u00fcketiciler Konferans\u0131&#8217;nda a\u00e7\u0131klamalarda bulunan Yap\u0131 Kredi Leasing Genel M\u00fcd\u00fcr Yard\u0131mc\u0131s\u0131 Burcu \u015eirin, Yap\u0131 Kredi Leasing\u2019in enerji portf\u00f6y\u00fcne y\u00f6nelik bilgiler [&hellip;]<\/p>\n","protected":false},"author":1,"featured_media":126043,"comment_status":"open","ping_status":"open","sticky":false,"template":"","format":"standard","meta":[],"categories":[51,53,49],"tags":[84212,45519,84219,66548,84220,34990,53157,431,84223,84215,84222,84221,84216,67679,84217,81603,84213,54979,84218,18193,84214],"views":156,"_links":{"self":[{"href":"https:\/\/www.enerjigazetesi.ist\/en\/wp-json\/wp\/v2\/posts\/126039"}],"collection":[{"href":"https:\/\/www.enerjigazetesi.ist\/en\/wp-json\/wp\/v2\/posts"}],"about":[{"href":"https:\/\/www.enerjigazetesi.ist\/en\/wp-json\/wp\/v2\/types\/post"}],"author":[{"embeddable":true,"href":"https:\/\/www.enerjigazetesi.ist\/en\/wp-json\/wp\/v2\/users\/1"}],"replies":[{"embeddable":true,"href":"https:\/\/www.enerjigazetesi.ist\/en\/wp-json\/wp\/v2\/comments?post=126039"}],"version-history":[{"count":0,"href":"https:\/\/www.enerjigazetesi.ist\/en\/wp-json\/wp\/v2\/posts\/126039\/revisions"}],"wp:featuredmedia":[{"embeddable":true,"href":"https:\/\/www.enerjigazetesi.ist\/en\/wp-json\/wp\/v2\/media\/126043"}],"wp:attachment":[{"href":"https:\/\/www.enerjigazetesi.ist\/en\/wp-json\/wp\/v2\/media?parent=126039"}],"wp:term":[{"taxonomy":"category","embeddable":true,"href":"https:\/\/www.enerjigazetesi.ist\/en\/wp-json\/wp\/v2\/categories?post=126039"},{"taxonomy":"post_tag","embeddable":true,"href":"https:\/\/www.enerjigazetesi.ist\/en\/wp-json\/wp\/v2\/tags?post=126039"}],"curies":[{"name":"wp","href":"https:\/\/api.w.org\/{rel}","templated":true}]}}