{"id":126020,"date":"2020-12-28T15:52:11","date_gmt":"2020-12-28T12:52:11","guid":{"rendered":"https:\/\/www.enerjigazetesi.ist\/?p=126020"},"modified":"2020-12-28T15:52:11","modified_gmt":"2020-12-28T12:52:11","slug":"akkuyu-ngs-insaat-sahasi-nda-iki-kilit-asama-daha-tamamlandi","status":"publish","type":"post","link":"https:\/\/www.enerjigazetesi.ist\/en\/akkuyu-ngs-insaat-sahasi-nda-iki-kilit-asama-daha-tamamlandi\/","title":{"rendered":"(Turkish) &#8217;Akkuyu NGS&#8217; \u0130n\u015faat Sahas\u0131nda \u0130ki Kilit A\u015fama Daha Tamamland\u0131"},"content":{"rendered":"<p class=\"qtranxs-available-languages-message qtranxs-available-languages-message-en\">Sorry, this entry is only available in <a href=\"https:\/\/www.enerjigazetesi.ist\/tr\/wp-json\/wp\/v2\/posts\/126020\" class=\"qtranxs-available-language-link qtranxs-available-language-link-tr\" title=\"Turkish\">Turkish<\/a>. For the sake of viewer convenience, the content is shown below in the alternative language. You may click the link to switch the active language.<\/p><p><\/p>\n<h1>T\u00fcrkiye\u2019nin ilk n\u00fckleer g\u00fc\u00e7 santrali Akkuyu NGS\u2019nin 2&#8217;inci g\u00fc\u00e7 \u00fcnitesinde \u00f6nemli bir a\u015fama daha tamamland\u0131. \u00dcnitenin i\u00e7 koruma binas\u0131nda yap\u0131lan i\u015flemle, 1&#8217;inci katman monte edildi. Bunun yan\u0131 s\u0131ra, santralin 1&#8217;inci g\u00fc\u00e7 \u00fcnitesinde bulunan reakt\u00f6r \u015faft\u0131 ekipman\u0131n\u0131n en \u00f6nemli elemanlar\u0131ndan biri olan ta\u015f\u0131y\u0131c\u0131 kiri\u015fin kurulumu da ger\u00e7ekle\u015ftirildi. Bu iki \u00f6nemli a\u015faman\u0131n da ge\u00e7ilmesiyle, Akkuyu NGS in\u015faat sahas\u0131nda 2020 y\u0131l\u0131 i\u00e7in \u00f6ng\u00f6r\u00fclen t\u00fcm s\u00fcre\u00e7ler eksiksiz olarak tamamlanm\u0131\u015f oldu.<\/h1>\n<p>Kule vin\u00e7ler kullan\u0131larak ger\u00e7ekle\u015ftirilen <strong>i\u00e7 koruma binas\u0131 birinci katman\u0131<\/strong>n\u0131n montaj\u0131<strong> 7 g\u00fcn<\/strong> s\u00fcrd\u00fc. Bir kaplama levhas\u0131ndan ve yap\u0131sal sa\u011flaml\u0131\u011f\u0131n olu\u015fturulmas\u0131 i\u00e7in tasarlanm\u0131\u015f karkastan olu\u015fan b\u00f6l\u00fcmler, ayr\u0131 ayr\u0131 montajland\u0131. Bu i\u015flemlerle, her biri <strong>5,7 metre<\/strong> y\u00fcksekli\u011finde ve yakla\u015f\u0131k <strong>7,5 ton<\/strong> <img loading=\"lazy\" class=\"alignright wp-image-126022\" src=\"https:\/\/www.enerjigazetesi.ist\/wp-content\/uploads\/2020\/12\/akkuyu-ngs-insaat-sahasi-nda-iki-kilit-asama-daha-tamamlandi-2.jpg\" alt=\"\" width=\"320\" height=\"240\" srcset=\"https:\/\/www.enerjigazetesi.ist\/wp-content\/uploads\/2020\/12\/akkuyu-ngs-insaat-sahasi-nda-iki-kilit-asama-daha-tamamlandi-2.jpg 640w, https:\/\/www.enerjigazetesi.ist\/wp-content\/uploads\/2020\/12\/akkuyu-ngs-insaat-sahasi-nda-iki-kilit-asama-daha-tamamlandi-2-300x225.jpg 300w, https:\/\/www.enerjigazetesi.ist\/wp-content\/uploads\/2020\/12\/akkuyu-ngs-insaat-sahasi-nda-iki-kilit-asama-daha-tamamlandi-2-500x375.jpg 500w, https:\/\/www.enerjigazetesi.ist\/wp-content\/uploads\/2020\/12\/akkuyu-ngs-insaat-sahasi-nda-iki-kilit-asama-daha-tamamlandi-2-67x50.jpg 67w\" sizes=\"(max-width: 320px) 100vw, 320px\" \/>a\u011f\u0131rl\u0131\u011f\u0131nda olan toplam <strong>10 b\u00f6lmenin montaj\u0131<\/strong> yap\u0131lm\u0131\u015f oldu. Montaj\u0131n tamamlanmas\u0131yla <strong>2&#8217;inci g\u00fc\u00e7 \u00fcnitesi<\/strong> reakt\u00f6r korunak binas\u0131n\u0131n y\u00fcksekli\u011fi <strong>+4,950 metre kotuna<\/strong> y\u00fckseldi. Bir sonraki a\u015famada ise, 1&#8217;inci katmandaki b\u00f6l\u00fcmler birbirine kaynak edilerek sabitlenecek.<\/p>\n<p><strong>\u0130\u00e7 koruma binas\u0131<\/strong>, reakt\u00f6r b\u00f6l\u00fcm\u00fc g\u00fcvenlik sisteminin kilit elemanlar\u0131ndan biri olma \u00f6zelli\u011fini ta\u015f\u0131yor. Bu yap\u0131, n\u00fckleer santralin reakt\u00f6r binas\u0131n\u0131n her t\u00fcrl\u00fc \u00e7al\u0131\u015fma ko\u015fulunda<strong> \u201cs\u0131zd\u0131rmaz\u201d<\/strong> olmas\u0131n\u0131 sa\u011fl\u0131yor.<\/p>\n<p>Birinci g\u00fc\u00e7 \u00fcnitesinde yap\u0131lan i\u015flem ise, \u00f6zel bile\u015fimli betonla doldurulan<strong> radyal kiri\u015flerden<\/strong> olu\u015fan <strong>145 tonluk<\/strong> kaynakl\u0131 bir metal yap\u0131 olan<strong> ta\u015f\u0131y\u0131c\u0131 kiri\u015finin montaj\u0131n\u0131n tamamlanmas\u0131<\/strong> oldu. Montajda, <strong>Liebherr LR 13000<\/strong> a\u011f\u0131r paletli vin\u00e7 kullan\u0131ld\u0131. D\u0131\u015f \u00e7ap\u0131 9,16 metre olan kiri\u015f, karbon \u00e7eli\u011finden \u00fcretildi. Kiri\u015f, reakt\u00f6r\u00fcn beton \u015faft i\u00e7inde g\u00fcvenli bir \u015fekilde sabitlenmesi i\u00e7in tasarland\u0131. Reakt\u00f6r\u00fc NGS\u2019nin t\u00fcm i\u015fletme ko\u015fullar\u0131nda her t\u00fcrl\u00fc<strong> a\u011f\u0131r<\/strong> ve <strong>sismik y<\/strong>\u00fcklerden <strong>koruma kapasitesine<\/strong> sahip olan kiri\u015fin montaj\u0131, toplam<strong> 6 hafta<\/strong> s\u00fcrd\u00fc. Bunun<strong> 3 haftas\u0131nda<\/strong>, yap\u0131n\u0131n <strong>\u015fantiye montaj\u0131<\/strong> ger\u00e7ekle\u015ftirildi. Sonraki a\u015famada ise, <strong>birinci g\u00fc\u00e7 \u00fcnitesi<\/strong> reakt\u00f6r \u015faft\u0131nda,<strong> +16,500 metre kotuna<\/strong> kadar beton d\u00f6kme \u00e7al\u0131\u015fmalar\u0131n\u0131n yap\u0131lmas\u0131 ve reakt\u00f6r kazan\u0131n\u0131n \u00fcst taraftan sabitlenmesi i\u00e7in tasarlanan bask\u0131 kiri\u015finin monte edilmesi planlan\u0131yor.<\/p>\n<p>Konuya ili\u015fkin a\u00e7\u0131klama yapan <strong>Akkuyu N\u00fckleer A.\u015e.<\/strong> <em>Genel M\u00fcd\u00fcr Birinci Yard\u0131mc\u0131s\u0131<\/em> ve <em>NGS Yap\u0131 \u0130\u015fleri Direkt\u00f6r\u00fc<\/em> <strong>Sergei Butckikh<\/strong>, \u015funlar\u0131 s\u00f6yledi:<\/p>\n<p>\u201c<em>Bu y\u0131l Akkuyu NGS in\u015faat program\u0131nda planlanan t\u00fcm kilit s\u00fcre\u00e7leri tamamlad\u0131\u011f\u0131m\u0131z\u0131 belirtmekten memnuniyet duyuyorum. Santralin <strong>2\u2019nci g\u00fc\u00e7 \u00fcnitesi<\/strong>nde <strong>i\u00e7 koruma binas\u0131<\/strong> <strong>birinci katman\u0131<\/strong>n\u0131n ve <strong>1\u2019nci g\u00fc\u00e7 \u00fcnitesi<\/strong>nde<strong> ta\u015f\u0131y\u0131c\u0131 kiri\u015fin montaj i\u015fleri<\/strong> \u00f6ng\u00f6r\u00fclen \u015fartlarda yap\u0131ld\u0131.<\/em><em>\u00a0Montaj personelinin \u00e7al\u0131\u015fmalar\u0131 ile ilgili herhangi bir eksiklik bulunmamakla birlikte, i\u015flerin kalitesi, montaj i\u015flerinin kabul\u00fcn\u00fc ger\u00e7ekle\u015ftiren \u00f6zel bir komisyon taraf\u0131ndan kabul edildi. \u00d6n\u00fcm\u00fczdeki y\u0131l tempomuzu kaybetmeden ilerlemeye devam edece\u011fimizden eminim.\u201d\u00a0<\/em><\/p>","protected":false},"excerpt":{"rendered":"<p>Sorry, this entry is only available in Turkish. For the sake of viewer convenience, the content is shown below in the alternative language. You may click the link to switch the active language. T\u00fcrkiye\u2019nin ilk n\u00fckleer g\u00fc\u00e7 santrali Akkuyu NGS\u2019nin 2&#8217;inci g\u00fc\u00e7 \u00fcnitesinde \u00f6nemli bir a\u015fama daha tamamland\u0131. \u00dcnitenin i\u00e7 koruma binas\u0131nda yap\u0131lan i\u015flemle, 1&#8217;inci [&hellip;]<\/p>\n","protected":false},"author":1,"featured_media":126023,"comment_status":"open","ping_status":"open","sticky":false,"template":"","format":"standard","meta":[],"categories":[51,53,43],"tags":[42302,84203,20867,5070,52259,84202,53348,72483,84204],"views":88,"_links":{"self":[{"href":"https:\/\/www.enerjigazetesi.ist\/en\/wp-json\/wp\/v2\/posts\/126020"}],"collection":[{"href":"https:\/\/www.enerjigazetesi.ist\/en\/wp-json\/wp\/v2\/posts"}],"about":[{"href":"https:\/\/www.enerjigazetesi.ist\/en\/wp-json\/wp\/v2\/types\/post"}],"author":[{"embeddable":true,"href":"https:\/\/www.enerjigazetesi.ist\/en\/wp-json\/wp\/v2\/users\/1"}],"replies":[{"embeddable":true,"href":"https:\/\/www.enerjigazetesi.ist\/en\/wp-json\/wp\/v2\/comments?post=126020"}],"version-history":[{"count":0,"href":"https:\/\/www.enerjigazetesi.ist\/en\/wp-json\/wp\/v2\/posts\/126020\/revisions"}],"wp:featuredmedia":[{"embeddable":true,"href":"https:\/\/www.enerjigazetesi.ist\/en\/wp-json\/wp\/v2\/media\/126023"}],"wp:attachment":[{"href":"https:\/\/www.enerjigazetesi.ist\/en\/wp-json\/wp\/v2\/media?parent=126020"}],"wp:term":[{"taxonomy":"category","embeddable":true,"href":"https:\/\/www.enerjigazetesi.ist\/en\/wp-json\/wp\/v2\/categories?post=126020"},{"taxonomy":"post_tag","embeddable":true,"href":"https:\/\/www.enerjigazetesi.ist\/en\/wp-json\/wp\/v2\/tags?post=126020"}],"curies":[{"name":"wp","href":"https:\/\/api.w.org\/{rel}","templated":true}]}}