{"id":125947,"date":"2020-12-28T10:38:33","date_gmt":"2020-12-28T07:38:33","guid":{"rendered":"https:\/\/www.enerjigazetesi.ist\/?p=125947"},"modified":"2020-12-28T10:40:34","modified_gmt":"2020-12-28T07:40:34","slug":"hastanin-onayi-olmadan-tedavi-ya-da-mudahale-yapilamaz","status":"publish","type":"post","link":"https:\/\/www.enerjigazetesi.ist\/en\/hastanin-onayi-olmadan-tedavi-ya-da-mudahale-yapilamaz\/","title":{"rendered":"(Turkish) Hastan\u0131n Onay\u0131 Olmadan Tedavi ya da M\u00fcdahale Yap\u0131lamaz!"},"content":{"rendered":"<p class=\"qtranxs-available-languages-message qtranxs-available-languages-message-en\">Sorry, this entry is only available in <a href=\"https:\/\/www.enerjigazetesi.ist\/tr\/wp-json\/wp\/v2\/posts\/125947\" class=\"qtranxs-available-language-link qtranxs-available-language-link-tr\" title=\"Turkish\">Turkish<\/a>. For the sake of viewer convenience, the content is shown below in the alternative language. You may click the link to switch the active language.<\/p><p><\/p>\n<h1><strong>\u00dclkemizde de ya\u015fanan salg\u0131n\u0131n etkisi ile ciddi bir yo\u011funlu\u011fun ya\u015fand\u0131\u011f\u0131 hastanelerdeki hasta haklar\u0131m\u0131z konusunda son derece \u00f6nemli olan bilgileri sizler i\u00e7in derledik. Kanunlar\u0131m\u0131zla s\u0131n\u0131rlar\u0131 \u00e7izilen, bilgi edinme hakk\u0131 ile ba\u015flayan, t\u0131bbi m\u00fcdahale, tedavi hakk\u0131, hasta mahremiyeti, tedavi esnas\u0131ndaki hatalardan do\u011fan sorumluluk konular\u0131 hakk\u0131ndaki sorular\u0131m\u0131z\u0131 Prof Hukuk B\u00fcrosu Avukatlar\u0131ndan Av. Emre Av\u015far cevapland\u0131rd\u0131.<\/strong><\/h1>\n<p style=\"text-align: center;\"><img loading=\"lazy\" class=\"aligncenter size-full wp-image-125949\" src=\"https:\/\/www.enerjigazetesi.ist\/wp-content\/uploads\/2020\/12\/01-on.jpg\" alt=\"\" width=\"580\" height=\"347\" srcset=\"https:\/\/www.enerjigazetesi.ist\/wp-content\/uploads\/2020\/12\/01-on.jpg 580w, https:\/\/www.enerjigazetesi.ist\/wp-content\/uploads\/2020\/12\/01-on-300x179.jpg 300w, https:\/\/www.enerjigazetesi.ist\/wp-content\/uploads\/2020\/12\/01-on-500x299.jpg 500w, https:\/\/www.enerjigazetesi.ist\/wp-content\/uploads\/2020\/12\/01-on-80x48.jpg 80w\" sizes=\"(max-width: 580px) 100vw, 580px\" \/><\/p>\n<h2><strong>Hasta Haklar\u0131m\u0131zdan k\u0131saca bahsedebilir misiniz?<\/strong><\/h2>\n<p><strong>Hukukumuzda en \u00e7ok merak edilen<\/strong>, bilinmesi gereken alanlardan biri de <strong>sa\u011fl\u0131k hukuku<\/strong> \u00e7er\u00e7evesinde hasta haklar\u0131d\u0131r. Vazge\u00e7ilmez haklardan olan ya\u015fama hakk\u0131n\u0131n bir tezah\u00fcr\u00fc bir kapsam olarak ele alabilece\u011fimiz, hak olarak bu hakk\u0131 <strong>sa\u011fl\u0131kl\u0131 ya\u015fama hakk\u0131<\/strong> olarak da ifade edebiliriz.<\/p>\n<p>Herkesin bu hakka ihtiya\u00e7 duydu\u011fu anlar olmakta ve bu haklardan <strong>bihaber olunmas\u0131<\/strong> sonucu ki\u015filerin <strong>hayat \u015fartlar\u0131n\u0131 etkileyecek<\/strong> sonu\u00e7lar\u0131n do\u011fmas\u0131 muhtemeldir. <strong>Bir hastanede<\/strong> veya buna benzer <strong>sa\u011fl\u0131k kurulu\u015funda hizmet alan<\/strong> ki\u015fiye hasta denilmektedir.<\/p>\n<p style=\"text-align: center;\"><img loading=\"lazy\" class=\"aligncenter size-full wp-image-125950\" src=\"https:\/\/www.enerjigazetesi.ist\/wp-content\/uploads\/2020\/12\/01-2.jpg\" alt=\"\" width=\"580\" height=\"386\" srcset=\"https:\/\/www.enerjigazetesi.ist\/wp-content\/uploads\/2020\/12\/01-2.jpg 580w, https:\/\/www.enerjigazetesi.ist\/wp-content\/uploads\/2020\/12\/01-2-300x200.jpg 300w, https:\/\/www.enerjigazetesi.ist\/wp-content\/uploads\/2020\/12\/01-2-500x333.jpg 500w, https:\/\/www.enerjigazetesi.ist\/wp-content\/uploads\/2020\/12\/01-2-75x50.jpg 75w, https:\/\/www.enerjigazetesi.ist\/wp-content\/uploads\/2020\/12\/01-2-450x300.jpg 450w\" sizes=\"(max-width: 580px) 100vw, 580px\" \/><\/p>\n<h2><strong>Peki bir hastan\u0131n haklar\u0131 neleri kapsamaktad\u0131r?\u00a0<\/strong><\/h2>\n<p>\u00d6ncelikli olarak hastan\u0131n <strong>bilgi edinme hakk\u0131<\/strong> mevcuttur. <strong>Hasta t\u0131bbi s\u00fcre\u00e7te<\/strong>, kendine uygulanacak tedaviler, konulan te\u015fhisler, tedavi s\u0131ras\u0131nda olabilecek <strong>riskler<\/strong> ve<strong> t\u0131bbi m\u00fcdahale<\/strong> ile ilgili di\u011fer her \u015fey hakk\u0131nda bilgi edinme hakk\u0131na sahiptir.<\/p>\n<p>Bu talebi m\u00fcdahalede bulunacak<strong> sa\u011fl\u0131k personelinden edinme<\/strong> hakk\u0131na sahiptir. Bunu geni\u015f yorumlarsak hastan\u0131n <strong>sa\u011fl\u0131k personeliyle<\/strong> dil fark\u0131 olsa dahi bu hakk\u0131ndan yararlanmak i\u00e7in \u00fcst\u00fcn yarar\u0131 gere\u011fi bir <strong>terc\u00fcman e\u015fli\u011finde<\/strong> dahi olsa kendine bilgi verilmek zorundad\u0131r.<\/p>\n<h2><strong>Bu haklar\u0131ndan haberdar olmayan ki\u015filer var ama?<\/strong><\/h2>\n<p>Evet do\u011fru, ki\u015fi bazen bu haklar\u0131nda bihaber oldu\u011fu i\u00e7in bilgi edinmek ad\u0131na soru sormaktan imtina etse dahi <strong>t\u0131bbi m\u00fcdahalede<\/strong> bulunan<strong> sa\u011fl\u0131k personelinin bilgi edinme hakk\u0131<\/strong> \u00e7er\u00e7evesinde hastaya<strong> re \u2018sen (kendili\u011finden)<\/strong> bilgi vermesi beklenmektedir.<\/p>\n<h2><strong>T\u0131bbi m\u00fcdahale yap\u0131lmadan \u00f6nce hastaya da bilgi verilmek zorunda m\u0131?<\/strong><\/h2>\n<p>Elbette, uygulanacak t\u0131bbi m\u00fcdahale \u00e7er\u00e7evesinde <strong>hastan\u0131n onay\u0131n\u0131n al\u0131nmas\u0131 gerekmektedir.\u00a0<\/strong>Buna da k\u0131saca \u201c<strong>onay hakk\u0131<\/strong>\u201d diyebiliriz. T\u0131bb\u0131 m\u00fcdahale i\u00e7erisinde ameliyat, muayene ve asl\u0131nda hukuki anlamda v\u00fccut b\u00fct\u00fcnl\u00fc\u011f\u00fcn\u00fc ihlal edecek nitelikte \u00f6nlemler bulunmaktad\u0131r. Bu sebeple <strong>\u00f6nceden bilgilendirildi\u011fi bir t\u0131bbi m\u00fcdahale i\u00e7in hasta, onay\u0131n\u0131n al\u0131nmas\u0131 hakk\u0131na sahiptir.\u00a0<\/strong><\/p>\n<h2><strong>Bir de tedavi durumu var, tedavi konusunda da ayn\u0131 \u015feyi s\u00f6yleyebilir miyiz?<\/strong><\/h2>\n<p>Hastan\u0131n bir di\u011fer hakk\u0131 da <strong>Tedavi Hakk\u0131d\u0131r.\u00a0<\/strong>Hasta her ne \u015fart alt\u0131nda olursa olsun,<strong> dil, din, \u0131rk, cinsel kimlik fark\u0131<\/strong> g\u00f6zetilmeksizin tedavi hakk\u0131na sahiptir. <strong>Sa\u011fl\u0131k personeli<\/strong> ge\u00e7erli bir sebebi olmad\u0131\u011f\u0131 s\u00fcrece de tedaviden ka\u00e7\u0131namaz. <strong>Hastan\u0131n tedaviyi uygulayacak<\/strong> sa\u011fl\u0131k personelini se\u00e7me hakk\u0131 bulunmaktad\u0131r. Hastan\u0131n tedaviyi isteme hakk\u0131 oldu\u011fu gibi tedaviyi \u201c<strong>reddetme hakk\u0131<\/strong>\u201d da bulunmaktad\u0131r. Ayr\u0131ca hastan\u0131n s\u0131ra t\u0131bbi <strong>tedaviye eri\u015fim hakk\u0131<\/strong> da mevcuttur. \u00d6zellikle <strong>acil m\u00fcdahale<\/strong> gerektiren durumlarda hastan\u0131n tedaviye eri\u015fmek i\u00e7in saatlerce belki de g\u00fcnlerce beklemesi beklenemeyecektir.<\/p>\n<h2><strong>Hasta kendisine ait bilgileri hastaneden saklamas\u0131n\u0131 isteyebilir mi?<\/strong><\/h2>\n<p>Yukar\u0131da bahsetti\u011fimiz gibi <strong>hasta tedavi olurken<\/strong> baz\u0131 bilgileri de <strong>sa\u011fl\u0131k personeli<\/strong> ile payla\u015fmaktad\u0131r. Bunun i\u00e7erisinde kimlik bilgileri, telefon bilgileri, hastal\u0131\u011f\u0131 ile ilgili bilgiler de yer almaktad\u0131r. Bu bilgilerin hastal\u0131\u011f\u0131n takibi ve di\u011fer sa\u011fl\u0131k durumlar\u0131 sebebiyle temin edildi\u011fi bilinmektedir. Ancak <strong>hasta mahremiyeti gere\u011fi<\/strong>, hastan\u0131n bu bilgilerin korunmas\u0131n\u0131 isteme hakk\u0131 mevcuttur. Bu bilgiler ilgili <strong>sa\u011fl\u0131k personeli<\/strong> hari\u00e7 herhangi bir ki\u015fiyle ya da kurumla payla\u015f\u0131lamaz. E\u011fer b\u00f6yle bir durum ortaya \u00e7\u0131karsa <strong>ki\u015fisel verilerin korunmas\u0131 kanunu<\/strong>na ayk\u0131r\u0131l\u0131k sebebiyle, bir su\u00e7 durumu olu\u015facakt\u0131r.<\/p>\n<h2><strong>Av. Emre Av\u015far sorular\u0131m\u0131za cevap verirken, en \u00e7ok merak edilen ve kar\u015f\u0131la\u015f\u0131lan konulardan biri de tedavi s\u0131ras\u0131ndaki hatadan do\u011fan sorumluluk konusudur. Bu konudaki sorular\u0131m\u0131z\u0131 da kendisine sorduk.<\/strong><\/h2>\n<p style=\"text-align: center;\"><img loading=\"lazy\" class=\"aligncenter size-full wp-image-125951\" src=\"https:\/\/www.enerjigazetesi.ist\/wp-content\/uploads\/2020\/12\/02-1.jpg\" alt=\"\" width=\"580\" height=\"386\" srcset=\"https:\/\/www.enerjigazetesi.ist\/wp-content\/uploads\/2020\/12\/02-1.jpg 580w, https:\/\/www.enerjigazetesi.ist\/wp-content\/uploads\/2020\/12\/02-1-300x200.jpg 300w, https:\/\/www.enerjigazetesi.ist\/wp-content\/uploads\/2020\/12\/02-1-500x333.jpg 500w, https:\/\/www.enerjigazetesi.ist\/wp-content\/uploads\/2020\/12\/02-1-75x50.jpg 75w, https:\/\/www.enerjigazetesi.ist\/wp-content\/uploads\/2020\/12\/02-1-450x300.jpg 450w\" sizes=\"(max-width: 580px) 100vw, 580px\" \/><\/p>\n<h2><strong>Say\u0131n Av\u015far, tedavi esnas\u0131nda olu\u015fan hatalardaki sorumluluk kime aittir? Bu konuda hasta haklar\u0131 \u00e7er\u00e7evesinde neler yap\u0131labilir? Nereye ba\u015fvurulabilir?<\/strong><\/h2>\n<p>Yukar\u0131da bahsetti\u011fimiz \u00fczere, t\u0131bbi tedavi ayn\u0131 zamanda<strong> hukuksal anlamda<\/strong> v\u00fccut b\u00fct\u00fcnl\u00fc\u011f\u00fcn\u00fcn ihlalini i\u00e7erse de<strong> hastan\u0131n \u00fcst\u00fcn yarar\u0131 sebebiyle<\/strong> ihlal su\u00e7unu olu\u015fturmamaktad\u0131r. Ancak bu her durumda do\u011fru de\u011fildir. \u00d6zellikle <strong>a\u00e7\u0131k ameliyat<\/strong> i\u00e7erikli t\u0131bbi tedavilerin baz\u0131lar\u0131 riskli olabilmekte, hatta hastan\u0131n hayat\u0131na dahi mal olmaktad\u0131r. Peki bu durumda <strong>kamunun<\/strong> ve <strong>sa\u011fl\u0131k personelinin sorumlulu\u011fu<\/strong> ne \u00f6l\u00e7\u00fcdedir.<\/p>\n<p>Tabi ki sa\u011fl\u0131k personellerinin \u00f6zelinde d\u00fc\u015f\u00fcnd\u00fc\u011f\u00fcm\u00fczde, \u00f6zellikle doktorlar\u0131n i\u015flerinin<strong> stresli<\/strong> ve <strong>yo\u011fun<\/strong> olmas\u0131 dolay\u0131s\u0131yla bir de her ko\u015fulda s\u0131n\u0131rs\u0131z bir<strong> sorumluluk y\u00fcklenmesi, i\u015f g\u00fcvenli\u011fi<\/strong> a\u00e7\u0131s\u0131ndan da <strong>olumlu<\/strong> ve <strong>sa\u011fl\u0131kl\u0131<\/strong> sonu\u00e7lar do\u011furmayacakt\u0131r. Ancak t\u0131bbi m\u00fcdahalede bulunan personelin <strong>a\u011f\u0131r kusuru, kasta yakla\u015facak derecede kusuru ve kast\u0131\u00a0<\/strong>olmas\u0131 durumunda, v\u00fccut b\u00fct\u00fcnl\u00fc\u011f\u00fcn\u00fcn ihlalinden s\u00f6z edilebilecektir.<\/p>\n<p>S\u0131k\u00e7a kar\u015f\u0131la\u015f\u0131lan durumlara \u00f6rnek olarak, <strong>yanl\u0131\u015f tedavi uygulanmas\u0131, ameliyat an\u0131nda hastan\u0131n v\u00fccudunda yabanc\u0131 maddeler unutulmas\u0131<\/strong> ve<strong> \u00f6rne\u011fini art\u0131raca\u011f\u0131m\u0131z bir\u00e7ok durumda<\/strong>, hastan\u0131n hayati durumu, v\u00fccut b\u00fct\u00fcnl\u00fc\u011f\u00fc,<strong> \u201cyani genel anlamda sa\u011fl\u0131\u011f\u0131n\u0131n sekteye u\u011framas\u0131\u201d<\/strong> durumunda sorumluluk do\u011fmaktad\u0131r. <strong>Cezai sorumlulu\u011fun<\/strong> yan\u0131 s\u0131ra, <strong>maddi-manevi tazminat<\/strong> sorumlulu\u011fu da olu\u015fmaktad\u0131r.<\/p>\n<p>Sa\u011fl\u0131k \u00e7al\u0131\u015fanlar\u0131, Bakanl\u0131\u011fa ba\u011fl\u0131 olarak i\u015f g\u00f6rmekte oldu\u011fundan buradaki sorumluluk direkt olarak <strong>KAMUNUN SORUMLULU\u011eUDUR.\u00a0<\/strong>Yani asl\u0131nda vatanda\u015f\u0131m\u0131z hasta olarak o tedaviyi al\u0131p kamuya g\u00fcvenmekte oldu\u011funuzdan, Kamu da sizin haklar\u0131n\u0131z\u0131 korumak zorunda oldu\u011fundan, bu durumdan kaynaklanan tazminat sorumlulu\u011fu do\u011fmaktad\u0131r. B\u00f6yle bir durumla kar\u015f\u0131la\u015f\u0131ld\u0131\u011f\u0131 takdirde idare mahkemesinde dava a\u00e7arak zarar\u0131n kar\u015f\u0131lanmas\u0131n\u0131 talep edilebilir.<\/p>\n<p><em>Av. Emre Av\u015far\u2019a yapt\u0131\u011f\u0131 bilgilendirmeler i\u00e7in te\u015fekk\u00fcr ediyoruz. Anl\u0131yoruz ki, <strong>hasta olmak<\/strong> ve <strong>hastanelerde tedavi olmak<\/strong> ayn\u0131 zamanda <strong>hasta haklar\u0131m\u0131z<\/strong> konusunda bilgi sahibi olmam\u0131z\u0131 da beraberinde getiriyor, bu bilgileri de <strong>sa\u011fl\u0131kl\u0131 kulland\u0131\u011f\u0131m\u0131z<\/strong> ve <strong>ileti\u015fimimizi g\u00fc\u00e7l\u00fc tuttu\u011fumuz<\/strong> takdirde de hem <strong>sa\u011fl\u0131kl\u0131 bir tedaviye<\/strong> hem de<strong> haklar\u0131m\u0131za<\/strong> rahat\u00e7a ula\u015fm\u0131\u015f oluruz&#8230;<\/em><\/p>","protected":false},"excerpt":{"rendered":"<p>Sorry, this entry is only available in Turkish. For the sake of viewer convenience, the content is shown below in the alternative language. You may click the link to switch the active language. \u00dclkemizde de ya\u015fanan salg\u0131n\u0131n etkisi ile ciddi bir yo\u011funlu\u011fun ya\u015fand\u0131\u011f\u0131 hastanelerdeki hasta haklar\u0131m\u0131z konusunda son derece \u00f6nemli olan bilgileri sizler i\u00e7in derledik. [&hellip;]<\/p>\n","protected":false},"author":1,"featured_media":125950,"comment_status":"open","ping_status":"open","sticky":false,"template":"","format":"standard","meta":[],"categories":[51,53,52],"tags":[84146,52259,84147,84145,84150,84151,84149,84148],"views":143,"_links":{"self":[{"href":"https:\/\/www.enerjigazetesi.ist\/en\/wp-json\/wp\/v2\/posts\/125947"}],"collection":[{"href":"https:\/\/www.enerjigazetesi.ist\/en\/wp-json\/wp\/v2\/posts"}],"about":[{"href":"https:\/\/www.enerjigazetesi.ist\/en\/wp-json\/wp\/v2\/types\/post"}],"author":[{"embeddable":true,"href":"https:\/\/www.enerjigazetesi.ist\/en\/wp-json\/wp\/v2\/users\/1"}],"replies":[{"embeddable":true,"href":"https:\/\/www.enerjigazetesi.ist\/en\/wp-json\/wp\/v2\/comments?post=125947"}],"version-history":[{"count":0,"href":"https:\/\/www.enerjigazetesi.ist\/en\/wp-json\/wp\/v2\/posts\/125947\/revisions"}],"wp:featuredmedia":[{"embeddable":true,"href":"https:\/\/www.enerjigazetesi.ist\/en\/wp-json\/wp\/v2\/media\/125950"}],"wp:attachment":[{"href":"https:\/\/www.enerjigazetesi.ist\/en\/wp-json\/wp\/v2\/media?parent=125947"}],"wp:term":[{"taxonomy":"category","embeddable":true,"href":"https:\/\/www.enerjigazetesi.ist\/en\/wp-json\/wp\/v2\/categories?post=125947"},{"taxonomy":"post_tag","embeddable":true,"href":"https:\/\/www.enerjigazetesi.ist\/en\/wp-json\/wp\/v2\/tags?post=125947"}],"curies":[{"name":"wp","href":"https:\/\/api.w.org\/{rel}","templated":true}]}}