{"id":125843,"date":"2020-12-25T14:06:11","date_gmt":"2020-12-25T11:06:11","guid":{"rendered":"https:\/\/www.enerjigazetesi.ist\/?p=125843"},"modified":"2020-12-25T14:06:11","modified_gmt":"2020-12-25T11:06:11","slug":"erzincan-daki-6mw-lik-gunes-santrali-3600-haneye-denk-enerji-uretiyor","status":"publish","type":"post","link":"https:\/\/www.enerjigazetesi.ist\/en\/erzincan-daki-6mw-lik-gunes-santrali-3600-haneye-denk-enerji-uretiyor\/","title":{"rendered":"(Turkish) Erzincan&#8217;daki 6MW&#8217;l\u0131k G\u00fcne\u015f Santrali 3600 Haneye Denk Enerji \u00dcretiyor"},"content":{"rendered":"<p class=\"qtranxs-available-languages-message qtranxs-available-languages-message-en\">Sorry, this entry is only available in <a href=\"https:\/\/www.enerjigazetesi.ist\/tr\/wp-json\/wp\/v2\/posts\/125843\" class=\"qtranxs-available-language-link qtranxs-available-language-link-tr\" title=\"Turkish\">Turkish<\/a>. For the sake of viewer convenience, the content is shown below in the alternative language. You may click the link to switch the active language.<\/p><p><\/p>\n<h1><strong>Erzincan\u2019da M\u00fchendis \u0130lker Ta\u015ftan, tar\u0131ma elveri\u015fsiz 100 d\u00f6n\u00fcml\u00fck arazi \u00fczerine kurdu\u011fu g\u00fcne\u015f panelleriyle 3 bin 600 <img loading=\"lazy\" class=\"alignright wp-image-125846\" src=\"https:\/\/www.enerjigazetesi.ist\/wp-content\/uploads\/2020\/12\/erzincan-daki-6mw-lik-gunes-santrali-3600-haneye-denk-enerji-uretiyor.jpg\" alt=\"\" width=\"340\" height=\"192\" srcset=\"https:\/\/www.enerjigazetesi.ist\/wp-content\/uploads\/2020\/12\/erzincan-daki-6mw-lik-gunes-santrali-3600-haneye-denk-enerji-uretiyor.jpg 640w, https:\/\/www.enerjigazetesi.ist\/wp-content\/uploads\/2020\/12\/erzincan-daki-6mw-lik-gunes-santrali-3600-haneye-denk-enerji-uretiyor-300x170.jpg 300w, https:\/\/www.enerjigazetesi.ist\/wp-content\/uploads\/2020\/12\/erzincan-daki-6mw-lik-gunes-santrali-3600-haneye-denk-enerji-uretiyor-500x283.jpg 500w, https:\/\/www.enerjigazetesi.ist\/wp-content\/uploads\/2020\/12\/erzincan-daki-6mw-lik-gunes-santrali-3600-haneye-denk-enerji-uretiyor-80x45.jpg 80w\" sizes=\"(max-width: 340px) 100vw, 340px\" \/>hanenin ihtiyac\u0131n\u0131 kar\u015f\u0131layacak miktarda elektrik \u00fcretiliyor.<\/strong><\/h1>\n<p><strong>Erzincan&#8217;\u0131n \u00dcz\u00fcml\u00fc<\/strong> il\u00e7esindeki <strong>Pi\u015fkida\u011f k\u00f6y\u00fc<\/strong> yak\u0131nlar\u0131nda <strong>100 d\u00f6n\u00fcml\u00fck<\/strong> tar\u0131ma elveri\u015fsiz araziye yakla\u015f\u0131k <strong>8 milyon dolarl\u0131k<\/strong> yat\u0131r\u0131m bedeli ile <strong>kurulan g\u00fcne\u015f santrali<\/strong> sa\u011flad\u0131\u011f\u0131\u00a0<strong>y\u00fcksek verimle<\/strong> \u00f6nemli <strong>G\u00fcne\u015f Enerji Sistemi (GES) projeleri<\/strong> aras\u0131nda yerini ald\u0131.<\/p>\n<p><strong>\u00dcretti\u011fi elektri\u011fi<\/strong> Erzincan <strong>EDA\u015e<\/strong> arac\u0131l\u0131\u011f\u0131yla <strong>ulusal \u015febekeye ileten<\/strong> santral y\u0131lda yakla\u015f\u0131k ortalama <strong>10 milyon 500 bin kilovatsaat<\/strong> enerji \u00fcretimiyle<strong>\u00a03 bin 600 evin<\/strong> elektrik ihtiyac\u0131na denk \u00fcretim yaparken bulundu\u011fu lokasyon ise T\u00fcrkiye\u2019de g\u00fcne\u015ften <strong>en \u00e7ok verim<\/strong> al\u0131nan<strong> ilk 5 il<\/strong> aras\u0131ndad\u0131r.<\/p>","protected":false},"excerpt":{"rendered":"<p>Sorry, this entry is only available in Turkish. For the sake of viewer convenience, the content is shown below in the alternative language. You may click the link to switch the active language. Erzincan\u2019da M\u00fchendis \u0130lker Ta\u015ftan, tar\u0131ma elveri\u015fsiz 100 d\u00f6n\u00fcml\u00fck arazi \u00fczerine kurdu\u011fu g\u00fcne\u015f panelleriyle 3 bin 600 hanenin ihtiyac\u0131n\u0131 kar\u015f\u0131layacak miktarda elektrik \u00fcretiliyor. [&hellip;]<\/p>\n","protected":false},"author":1,"featured_media":125846,"comment_status":"open","ping_status":"open","sticky":false,"template":"","format":"standard","meta":[],"categories":[51,53,49],"tags":[5070,52259,84066,84065,84067,53157,39384,84064,54979],"views":237,"_links":{"self":[{"href":"https:\/\/www.enerjigazetesi.ist\/en\/wp-json\/wp\/v2\/posts\/125843"}],"collection":[{"href":"https:\/\/www.enerjigazetesi.ist\/en\/wp-json\/wp\/v2\/posts"}],"about":[{"href":"https:\/\/www.enerjigazetesi.ist\/en\/wp-json\/wp\/v2\/types\/post"}],"author":[{"embeddable":true,"href":"https:\/\/www.enerjigazetesi.ist\/en\/wp-json\/wp\/v2\/users\/1"}],"replies":[{"embeddable":true,"href":"https:\/\/www.enerjigazetesi.ist\/en\/wp-json\/wp\/v2\/comments?post=125843"}],"version-history":[{"count":0,"href":"https:\/\/www.enerjigazetesi.ist\/en\/wp-json\/wp\/v2\/posts\/125843\/revisions"}],"wp:featuredmedia":[{"embeddable":true,"href":"https:\/\/www.enerjigazetesi.ist\/en\/wp-json\/wp\/v2\/media\/125846"}],"wp:attachment":[{"href":"https:\/\/www.enerjigazetesi.ist\/en\/wp-json\/wp\/v2\/media?parent=125843"}],"wp:term":[{"taxonomy":"category","embeddable":true,"href":"https:\/\/www.enerjigazetesi.ist\/en\/wp-json\/wp\/v2\/categories?post=125843"},{"taxonomy":"post_tag","embeddable":true,"href":"https:\/\/www.enerjigazetesi.ist\/en\/wp-json\/wp\/v2\/tags?post=125843"}],"curies":[{"name":"wp","href":"https:\/\/api.w.org\/{rel}","templated":true}]}}