{"id":125792,"date":"2020-12-25T00:26:31","date_gmt":"2020-12-24T21:26:31","guid":{"rendered":"https:\/\/www.enerjigazetesi.ist\/?p=125792"},"modified":"2020-12-25T00:26:31","modified_gmt":"2020-12-24T21:26:31","slug":"masdaf-metal-sanayi-buyuk-olcekli-isletme-odulune-layik-goruldu","status":"publish","type":"post","link":"https:\/\/www.enerjigazetesi.ist\/en\/masdaf-metal-sanayi-buyuk-olcekli-isletme-odulune-layik-goruldu\/","title":{"rendered":"(Turkish) Masdaf &#8216;Metal Sanayi B\u00fcy\u00fck \u00d6l\u00e7ekli \u0130\u015fletme&#8217; \u00d6d\u00fcl\u00fcne Lay\u0131k G\u00f6r\u00fcld\u00fc"},"content":{"rendered":"<p class=\"qtranxs-available-languages-message qtranxs-available-languages-message-en\">Sorry, this entry is only available in <a href=\"https:\/\/www.enerjigazetesi.ist\/tr\/wp-json\/wp\/v2\/posts\/125792\" class=\"qtranxs-available-language-link qtranxs-available-language-link-tr\" title=\"Turkish\">Turkish<\/a>. For the sake of viewer convenience, the content is shown below in the alternative language. You may click the link to switch the active language.<\/p><p><\/p>\n<h1><strong>T\u00fcrkiye pompa sekt\u00f6r\u00fcn\u00fcn lider markas\u0131 Masdaf,\u00a0Kocaeli Sanayi Odas\u0131\u2019n\u0131n ev sahipli\u011finde \u00a0d\u00fczenlenen 13&#8217;\u00fcnc\u00fc Sekt\u00f6rel Performans De\u011ferlendirme \u00d6d\u00fcl T\u00f6reni\u2019nde\u00a0Marmara B\u00f6lgesi\u2019nde faaliyet g\u00f6steren b\u00fcy\u00fck \u00f6l\u00e7ekli kurulu\u015flar aras\u0131nda; AR-GE, inovasyon ve markala\u015fmaya yapt\u0131\u011f\u0131 yat\u0131r\u0131mlarla \u201cMetal Sanayi B\u00fcy\u00fck \u00d6l\u00e7ekli \u0130\u015fletme\u201d kategorisinde \u00f6d\u00fcle lay\u0131k g\u00f6r\u00fcld\u00fc.<\/strong><\/h1>\n<p><strong>Marmara B\u00f6lgesi<\/strong>\u2019ndeki ba\u015far\u0131l\u0131 sanayi kurulu\u015flar\u0131n\u0131 \u00f6d\u00fcllendirmek amac\u0131yla, Kocaeli Sanayi Odas\u0131 ve Price Waterhouse Coopers T\u00fcrkiye taraf\u0131ndan \u00a0d\u00fczenlenen <strong>13&#8217;\u00fcnc\u00fc Sekt\u00f6rel Performans <img loading=\"lazy\" class=\"alignright wp-image-125795\" src=\"https:\/\/www.enerjigazetesi.ist\/wp-content\/uploads\/2020\/12\/masdaf-metal-sanayi-buyuk-olcekli-isletme-odulune-layik-goruldu.jpg\" alt=\"\" width=\"340\" height=\"212\" srcset=\"https:\/\/www.enerjigazetesi.ist\/wp-content\/uploads\/2020\/12\/masdaf-metal-sanayi-buyuk-olcekli-isletme-odulune-layik-goruldu.jpg 781w, https:\/\/www.enerjigazetesi.ist\/wp-content\/uploads\/2020\/12\/masdaf-metal-sanayi-buyuk-olcekli-isletme-odulune-layik-goruldu-300x187.jpg 300w, https:\/\/www.enerjigazetesi.ist\/wp-content\/uploads\/2020\/12\/masdaf-metal-sanayi-buyuk-olcekli-isletme-odulune-layik-goruldu-768x480.jpg 768w, https:\/\/www.enerjigazetesi.ist\/wp-content\/uploads\/2020\/12\/masdaf-metal-sanayi-buyuk-olcekli-isletme-odulune-layik-goruldu-500x312.jpg 500w, https:\/\/www.enerjigazetesi.ist\/wp-content\/uploads\/2020\/12\/masdaf-metal-sanayi-buyuk-olcekli-isletme-odulune-layik-goruldu-80x50.jpg 80w\" sizes=\"(max-width: 340px) 100vw, 340px\" \/>De\u011ferlendirme \u00d6d\u00fcl T\u00f6reni<\/strong>, 25 Kas\u0131m 2020 tarihinde Kocaeli Valisi \u00a0Seddar Yavuz, TOBB. Y\u00f6netim Kurulu Ba\u015fkan\u0131 <strong>R\u0131fat Hisarc\u0131kl\u0131o\u011flu<\/strong> ve Kocaeli B\u00fcy\u00fck\u015fehir Belediyesi Ba\u015fkan Vekili\u00a0<strong>Ya\u015far \u00c7akmak<\/strong>\u2019\u0131n kat\u0131l\u0131mlar\u0131yla ger\u00e7ekle\u015ftirildi.<\/p>\n<p><strong>Kocaeli Uluslararas\u0131 Kongre Merkezi<\/strong>\u2019nde \u00e7evrim i\u00e7i d\u00fczenlenen t\u00f6rende <strong>24<\/strong> firmaya<strong> KOB\u0130<\/strong> ile <strong>B\u00fcy\u00fck<\/strong> ve <strong>Orta \u00d6l\u00e7ekli \u0130\u015fletme \u00d6d\u00fcl\u00fc<\/strong> verildi. T\u00fcrkiye pompa sekt\u00f6r\u00fcn\u00fcn lider markas\u0131 <strong>Masdaf<\/strong>\u2019ta <strong>Marmara B\u00f6lgesi<\/strong>\u2019nde faaliyet g\u00f6steren b\u00fcy\u00fck \u00f6l\u00e7ekli kurulu\u015flar i\u00e7erisinde<strong> AR-GE, inovasyon<\/strong> ve markala\u015fmaya yapt\u0131\u011f\u0131 yat\u0131r\u0131mlarla<strong> \u201cMetal Sanayi B\u00fcy\u00fck \u00d6l\u00e7ekli \u0130\u015fletme\u201d<\/strong> kategorisinde \u00f6d\u00fcle lay\u0131k g\u00f6r\u00fclen firma oldu.<\/p>\n<h2><strong>Ekonomiye katma de\u011fer sa\u011flayan, yenilik\u00e7i firmalar \u00f6d\u00fcllendirildi <\/strong><\/h2>\n<p><strong>Y\u00fcksek verimlilikle<\/strong> <strong>\u00e7al\u0131\u015fan, yenilik\u00e7ili\u011fe<\/strong> ve \u00e7al\u0131\u015fanlar\u0131n geli\u015fimine \u00f6nem veren, finansal olarak ba\u015far\u0131l\u0131 i\u015f sonu\u00e7lar\u0131 elde eden, \u00fclkemizin ekonomisine katma de\u011fer yaratan, s\u00fcrd\u00fcr\u00fclebilir bir gelecek i\u00e7in topluma katk\u0131 sa\u011flayan sanayi kurulu\u015flar\u0131n\u0131n belirlenerek, \u00f6d\u00fcllendirmesini ama\u00e7layan organizasyonun, performans de\u011ferlendirmede \u00f6ne \u00e7\u0131kan kriterleri ise; <strong>verimlilik, yenilik\u00e7ilik<\/strong> ve <strong>markala\u015fma, finansal sonu\u00e7lar, d\u0131\u015f ticaret, \u00a0topluma katk\u0131, istihdam<\/strong> ve <strong>\u00e7al\u0131\u015fanlar\u0131n geli\u015ftirilmesi<\/strong> ile bilin\u00e7lendirilmesi oldu.<\/p>\n<p>Organizasyonla i\u015fletmelerin hem <strong>rekabet g\u00fc\u00e7lerini art\u0131rmaya<\/strong> hem de bir d\u00fcnya \u015firketi olmalar\u0131n\u0131n \u00f6n\u00fcn\u00fc a\u00e7maya odakland\u0131klar\u0131n\u0131 belirten <strong>Kocaeli Sanayi Odas\u0131 Ba\u015fkan\u0131 Ayhan Zeytino\u011flu<\/strong>, <em>\u201cRekabette \u00f6ne \u00e7\u0131kman\u0131z, katma de\u011ferli \u00fcretim g\u00fcc\u00fcn\u00fczle, \u00e7evreye ve topluma katt\u0131\u011f\u0131n\u0131z de\u011ferle ve inovasyon g\u00fcc\u00fcn\u00fczle do\u011fru orant\u0131l\u0131d\u0131r.\u201d<\/em> dedi.<\/p>\n<h2><strong>52 bin metre kare alan \u00fczerine kurulu \u00fcretim tesisleri<\/strong><\/h2>\n<p><strong>AR-GE, inovasyon<\/strong> ve markala\u015fmaya yapt\u0131\u011f\u0131 yat\u0131r\u0131mlarla <strong>\u201cMetal Sanayi B\u00fcy\u00fck \u00d6l\u00e7ekli \u0130\u015fletme\u201d<\/strong> kategorisinde \u00f6d\u00fcle lay\u0131k g\u00f6r\u00fclen <strong>Masdaf\u2019\u0131n Genel M\u00fcd\u00fcr\u00fc Vahdettin YIRTMA\u00c7,\u00a0<\/strong>Marmara B\u00f6lgesi\u2019ndeki sanayi kurulu\u015flar\u0131 i\u00e7in en prestijli \u00f6d\u00fcllerden birini alman\u0131n gururunu ya\u015fad\u0131klar\u0131n\u0131 belirtti. <strong>YIRTMA\u00c7<\/strong> s\u00f6zlerine <span style=\"text-decoration: underline;\">\u015f\u00f6yle devam etti:<\/span> <em>\u201cMasdaf olarak<strong> 52 bin metre<\/strong> kare alan \u00fczerine kurulu \u00fcretim tesislerimizde geli\u015ftirdi\u011fimiz<strong> inovatif<\/strong> ve <strong>rekabet\u00e7i pompa teknolojileri<\/strong>miz ile d\u00fcnya markas\u0131 olma yolunda emin ad\u0131mlarla ilerliyoruz. Yar\u0131m asra yakla\u015fan tarihimiz boyunca s\u00fcrd\u00fcr\u00fclebilir b\u00fcy\u00fcmemizi; m\u00fchendislik g\u00fcc\u00fcm\u00fcze, d\u00fcnyadaki teknolojik geli\u015fmeleri yak\u0131ndan takip etmeye, kurum i\u00e7i e\u011fitimlere, \u00fcretim teknolojileri alan\u0131ndaki yat\u0131r\u0131mlar\u0131m\u0131za, <strong>Ar-Ge<\/strong>\u2019mize ve markala\u015fma \u00e7al\u0131\u015fmalar\u0131na bor\u00e7luyuz. T\u00fcm bunlar b\u00fcy\u00fcmeyi ve beraberinde liderli\u011fi getirdi. Bundan sonraki s\u00fcre\u00e7te de yat\u0131r\u0131mlar\u0131m\u0131za h\u0131z kesmeden devam edece\u011fiz\u201d<\/em> dedi.<\/p>\n<h2><strong>\u201cVerimlilik odakl\u0131 \u00e7al\u0131\u015fmalar\u0131m\u0131z ile \u00fclke kaynaklar\u0131n\u0131 koruyoruz\u201d<\/strong><\/h2>\n<p><strong>YIRTMA\u00c7,\u00a0<\/strong>konu\u015fmas\u0131nda <strong>enerji<\/strong> ve <strong>su kaynaklar\u0131n\u0131 verimli<\/strong> kullanan firmalar\u0131n s\u00fcrd\u00fcr\u00fclebilir b\u00fcy\u00fcme sa\u011flayabileceklerine vurgu yapt\u0131. Konuyu pompa \u00f6zelinde ele alarak, <strong>\u201cak\u0131ll\u0131 pompa\u201d teknolojileri<\/strong>nin, su ve enerji kaynaklar\u0131n\u0131n verimli kullan\u0131m\u0131 a\u00e7\u0131s\u0131ndan \u00f6nemine dikkat \u00e7ekti:<em> \u201cT\u00fcrkiye \u0130statistik Kurumu (TU\u0130K), verilerine g\u00f6re artan n\u00fcfusumuzla birlikte <strong>\u201csu fakiri\u201d<\/strong> bir \u00fclke olma yolunda ilerliyoruz. Hem ham su transferi ve da\u011f\u0131t\u0131m\u0131 hem de kullan\u0131m\u0131 sonras\u0131nda olu\u015fan at\u0131k sular\u0131n <strong>etkili<\/strong> ve <strong>verimli<\/strong> bir \u015fekilde y\u00f6netilmesi, ekosistem ve dolay\u0131s\u0131yla gelece\u011fimiz i\u00e7in hayati \u00f6nem ta\u015f\u0131yor.\u00a0<strong>Masdaf<\/strong> olarak ya\u015fam kayna\u011f\u0131m\u0131z olan<strong> suyun temini<\/strong> i\u00e7in <strong>verimli teknolojiler<\/strong> geli\u015ftiriyoruz. Su kaynaklar\u0131m\u0131z kadar <strong>enerji kaynaklar\u0131m\u0131zda<\/strong> da etkin bir kullan\u0131m s\u00f6z konusu de\u011fil. Son <strong>10<\/strong> y\u0131lda <strong>Avrupa Birli\u011fi<\/strong> ve <strong>OECD<\/strong> \u00fclkelerindeki enerji t\u00fcketimi <strong>%18,8 &#8211; %16,4<\/strong> artt\u0131, \u00fclkemizde ise bu oran <strong>%31,2<\/strong> seviyelerine ula\u015ft\u0131. <strong>Bina<\/strong> ve <strong>i\u015fletmelerin kalbi<\/strong> olarak nitelendirdi\u011fimiz pompalar\u0131m\u0131z da enerji t\u00fcketiminde etkin rol oynuyor. \u00c7\u00fcnk\u00fc binalarda ve end\u00fcstriyel tesislerde t\u00fcketilen enerjinin<strong> %30<\/strong>\u2019u pompalar taraf\u0131ndan t\u00fcketiliyor. Bu nedenle <strong>Masdaf<\/strong> olarak geli\u015ftirdi\u011fimiz <strong>ak\u0131ll\u0131 pompa teknolojileri<\/strong>miz ile su kaynaklar\u0131 kadar enerji kaynaklar\u0131n\u0131 da etkin kullanmay\u0131 hedefliyoruz. <strong>AR-GE<\/strong>\u2019mizin <strong>verimlilik odakl\u0131 \u00e7al\u0131\u015fmalar\u0131<\/strong> ile hem \u00fclke kaynaklar\u0131n\u0131 koruyoruz hem de m\u00fc\u015fterilerimizle aram\u0131zda s\u00fcrd\u00fcr\u00fclebilir bir ba\u011f kurarak, <strong>Masdaf<\/strong>\u2019\u0131 liderli\u011fe ta\u015f\u0131yoruz\u201d<\/em> dedi.<\/p>","protected":false},"excerpt":{"rendered":"<p>Sorry, this entry is only available in Turkish. For the sake of viewer convenience, the content is shown below in the alternative language. You may click the link to switch the active language. T\u00fcrkiye pompa sekt\u00f6r\u00fcn\u00fcn lider markas\u0131 Masdaf,\u00a0Kocaeli Sanayi Odas\u0131\u2019n\u0131n ev sahipli\u011finde \u00a0d\u00fczenlenen 13&#8217;\u00fcnc\u00fc Sekt\u00f6rel Performans De\u011ferlendirme \u00d6d\u00fcl T\u00f6reni\u2019nde\u00a0Marmara B\u00f6lgesi\u2019nde faaliyet g\u00f6steren b\u00fcy\u00fck \u00f6l\u00e7ekli [&hellip;]<\/p>\n","protected":false},"author":1,"featured_media":125796,"comment_status":"open","ping_status":"open","sticky":false,"template":"","format":"standard","meta":[],"categories":[53],"tags":[84023,81207,2059,84026,52259,3008,84025,65093,40907,65092,84024],"views":67,"_links":{"self":[{"href":"https:\/\/www.enerjigazetesi.ist\/en\/wp-json\/wp\/v2\/posts\/125792"}],"collection":[{"href":"https:\/\/www.enerjigazetesi.ist\/en\/wp-json\/wp\/v2\/posts"}],"about":[{"href":"https:\/\/www.enerjigazetesi.ist\/en\/wp-json\/wp\/v2\/types\/post"}],"author":[{"embeddable":true,"href":"https:\/\/www.enerjigazetesi.ist\/en\/wp-json\/wp\/v2\/users\/1"}],"replies":[{"embeddable":true,"href":"https:\/\/www.enerjigazetesi.ist\/en\/wp-json\/wp\/v2\/comments?post=125792"}],"version-history":[{"count":0,"href":"https:\/\/www.enerjigazetesi.ist\/en\/wp-json\/wp\/v2\/posts\/125792\/revisions"}],"wp:featuredmedia":[{"embeddable":true,"href":"https:\/\/www.enerjigazetesi.ist\/en\/wp-json\/wp\/v2\/media\/125796"}],"wp:attachment":[{"href":"https:\/\/www.enerjigazetesi.ist\/en\/wp-json\/wp\/v2\/media?parent=125792"}],"wp:term":[{"taxonomy":"category","embeddable":true,"href":"https:\/\/www.enerjigazetesi.ist\/en\/wp-json\/wp\/v2\/categories?post=125792"},{"taxonomy":"post_tag","embeddable":true,"href":"https:\/\/www.enerjigazetesi.ist\/en\/wp-json\/wp\/v2\/tags?post=125792"}],"curies":[{"name":"wp","href":"https:\/\/api.w.org\/{rel}","templated":true}]}}