{"id":125778,"date":"2020-12-24T14:52:46","date_gmt":"2020-12-24T11:52:46","guid":{"rendered":"https:\/\/www.enerjigazetesi.ist\/?p=125778"},"modified":"2020-12-24T14:57:43","modified_gmt":"2020-12-24T11:57:43","slug":"lg-ve-magna-elektrifikasyon-pazarinda-guclerini-birlestiriyor","status":"publish","type":"post","link":"https:\/\/www.enerjigazetesi.ist\/en\/lg-ve-magna-elektrifikasyon-pazarinda-guclerini-birlestiriyor\/","title":{"rendered":"(Turkish) LG ve Magna Elektrifikasyon Pazar\u0131nda G\u00fc\u00e7lerini Birle\u015ftiriyor!"},"content":{"rendered":"<p class=\"qtranxs-available-languages-message qtranxs-available-languages-message-en\">Sorry, this entry is only available in <a href=\"https:\/\/www.enerjigazetesi.ist\/tr\/wp-json\/wp\/v2\/posts\/125778\" class=\"qtranxs-available-language-link qtranxs-available-language-link-tr\" title=\"Turkish\">Turkish<\/a>. For the sake of viewer convenience, the content is shown below in the alternative language. You may click the link to switch the active language.<\/p><p><\/p>\n<h1><strong>Elektrikli G\u00fc\u00e7 Aktarma Organlar\u0131 Alan\u0131ndaki \u0130ki B\u00fcy\u00fck Oyuncu, Pazara Giri\u015f S\u00fcresini H\u0131zland\u0131rmak ve Elektrifikasyon Yap\u0131m\u0131ndan Kazan\u00e7 Sa\u011flamak \u0130\u00e7in G\u00fc\u00e7lerini Birle\u015ftiriyor.<\/strong><\/h1>\n<p><strong>LG Electronics (&#8220;LG&#8221;)<\/strong> ve <strong>Magna International Inc. (&#8220;Magna&#8221;)<\/strong>, ara\u00e7 elektrifikasyonuna do\u011fru b\u00fcy\u00fcyen k\u00fcresel ge\u00e7i\u015fi desteklemek amac\u0131yla, <strong>e-motorlar, invert\u00f6rler, ara\u00e7 \u00fcst\u00fc \u015farj cihazlar\u0131<\/strong> ve baz\u0131 <strong>otomobil \u00fcreticileri<\/strong> i\u00e7in ilgili <strong>e-s\u00fcr\u00fcc\u00fc sistemleri \u00fcretmek<\/strong> \u00fczere <strong>ortak bir giri\u015fimde (JV)<\/strong> bulundu\u011funu duyurdu. Ge\u00e7ici olarak <strong>LG Magna<\/strong> <strong>e-Powertrain<\/strong> olarak adland\u0131r\u0131lan yeni \u015firket, <img loading=\"lazy\" class=\"alignright wp-image-125780\" src=\"https:\/\/www.enerjigazetesi.ist\/wp-content\/uploads\/2020\/12\/lg-ve-magna-elektrifikasyon-pazarinda-guclerini-birlestiriyor-1.jpg\" alt=\"\" width=\"340\" height=\"191\" srcset=\"https:\/\/www.enerjigazetesi.ist\/wp-content\/uploads\/2020\/12\/lg-ve-magna-elektrifikasyon-pazarinda-guclerini-birlestiriyor-1.jpg 640w, https:\/\/www.enerjigazetesi.ist\/wp-content\/uploads\/2020\/12\/lg-ve-magna-elektrifikasyon-pazarinda-guclerini-birlestiriyor-1-300x169.jpg 300w, https:\/\/www.enerjigazetesi.ist\/wp-content\/uploads\/2020\/12\/lg-ve-magna-elektrifikasyon-pazarinda-guclerini-birlestiriyor-1-500x281.jpg 500w, https:\/\/www.enerjigazetesi.ist\/wp-content\/uploads\/2020\/12\/lg-ve-magna-elektrifikasyon-pazarinda-guclerini-birlestiriyor-1-80x45.jpg 80w\" sizes=\"(max-width: 340px) 100vw, 340px\" \/>Magna\u2019n\u0131n <strong>elektrikli aktarma sistemleri<\/strong>nde d\u00fcnya standartlar\u0131ndaki <strong>otomotiv \u00fcretimi<\/strong>ndeki g\u00fcc\u00fcn\u00fc <strong>LG<\/strong>\u2019nin<strong> e-motorlar<\/strong> ve<strong> invert\u00f6rler<\/strong> i\u00e7in bile\u015fen geli\u015ftirme konusundaki uzmanl\u0131\u011f\u0131yla birle\u015ftirecek ve her iki orta\u011f\u0131n da<strong> elektrikli g\u00fc\u00e7 aktarma sistemleri<\/strong> pazar\u0131ndaki b\u00fcy\u00fcmesini h\u0131zland\u0131racak.<\/p>\n<p>Ortak giri\u015fim, iki \u015firketin <strong>mevcut teknolojileri<\/strong>, <strong>m\u00fchendislik yeteneklerini<\/strong> ve <strong>k\u00fcresel ayak izlerini<\/strong> kullanarak <strong>elektrikli g\u00fc\u00e7 aktar\u0131m sistemi<\/strong> alan\u0131ndaki \u00fcr\u00fcn gam\u0131n\u0131 b\u00fcy\u00fctmeye devam etmesini sa\u011fl\u0131yor. <strong>E-motorlar, invert\u00f6rler<\/strong> ve <strong>elektrikli tahrik sistemleri<\/strong> pazar\u0131n\u0131n 2030\u2019a kadar \u00f6nemli bir b\u00fcy\u00fcme g\u00f6stermesi bekleniyor. Ortak giri\u015fim, d\u00fcnya standartlar\u0131nda bir portf\u00f6y ile bu h\u0131zl\u0131 b\u00fcy\u00fcyen k\u00fcresel pazar\u0131 hedefliyor.<\/p>\n<p>LG, \u00f6zellikle <strong>Chevrolet Bolt EV<\/strong> ve <strong>Jaguar I-PACE i<\/strong>\u00e7in elektrikli ara\u00e7 bile\u015fenlerinin geli\u015ftirilmesinde deneyim sahibi. LG, i\u015fbirli\u011fi kapsam\u0131nda Magna\u2019n\u0131n <strong>elektrifikasyon bile\u015fenler<\/strong>ini pazara sunma s\u00fcresini ve \u00fcretim \u00f6l\u00e7e\u011fini h\u0131zland\u0131rmaya yard\u0131mc\u0131 oluyor. Magna&#8217;n\u0131n bu giri\u015fime getirdi\u011fi yetkinlik olarak ise; <strong>yaz\u0131l\u0131m<\/strong> ve <strong>sistem entegrasyonu<\/strong> i\u015faret ediliyor. Bu ortak giri\u015fim, m\u00fc\u015fterilerin t\u00fcm <strong>elektrikli g\u00fc\u00e7 aktarma organlar\u0131<\/strong>n\u0131n entegrasyonuna kadar <strong>g\u00fcvenilir bile\u015fenlerden<\/strong> olu\u015fan bir portf\u00f6yden se\u00e7im yapmas\u0131na olanak tan\u0131yacak.<\/p>\n<p>Magna Ba\u015fkan\u0131 ve Gelecekteki CEO\u2019su <strong>Swamy Kotagiri<\/strong> <em>\u201cBu ortakl\u0131k, elektrifikasyonun \u00f6n saflar\u0131nda olma ve otomobil \u00fcreticilerini \u00e7e\u015fitli ve birinci s\u0131n\u0131f bir portf\u00f6yle destekleme stratejimizle tamamen uyum sa\u011fl\u0131yor. G\u00fc\u00e7lerimizi birle\u015ftirerek, yat\u0131r\u0131m verimlili\u011fi ve pazara giri\u015f h\u0131z\u0131 kazanmay\u0131 umuyor ve ayn\u0131 zamanda elektrikli aktarma sistemleri pazar\u0131ndaki ivmeden yararlanmaya devam ediyoruz.\u201d<\/em> \u015feklinde konu\u015ftu.<\/p>\n<p>LG Electronics Otomabil Malzemeleri \u015eirketi&#8217;nin Ba\u015fkan\u0131 <strong>Dr. Kim Jin-yong<\/strong> ise <em>\u201c\u00dcreticilerin bu alandaki liderlik pozisyonlar\u0131n\u0131 s\u00fcrd\u00fcrmek i\u00e7in y\u0131k\u0131c\u0131 olmalar\u0131 gerekiyor. LG, bu anla\u015fma sayesinde devasa potansiyele sahip bir b\u00fcy\u00fcme f\u0131rsat\u0131 olan otomotiv bile\u015fenleri i\u015finde yeni bir a\u015famaya giriyor. \u015eirket i\u00e7i yeteneklerimizle Magna&#8217;n\u0131n deneyimi ve kapsaml\u0131 ge\u00e7mi\u015finin birle\u015fiminin, <strong>EV g\u00fc\u00e7 aktar\u0131m<\/strong> alan\u0131n\u0131 tek ba\u015f\u0131m\u0131za ilerlemekten daha h\u0131zl\u0131 d\u00f6n\u00fc\u015ft\u00fcrece\u011fine inan\u0131yoruz\u201d<\/em> dedi.<\/p>\n<p>Ortak giri\u015fim, <strong>Birle\u015fik Devletler<\/strong>, <strong>G\u00fcney Kore<\/strong> ve <strong>\u00c7in&#8217;<\/strong>deki <strong>LG<\/strong> lokasyonlar\u0131nda bulunan <strong>1.000&#8217;den<\/strong> fazla \u00e7al\u0131\u015fan\u0131 kapsayacak.<\/p>\n<p>\u0130\u015flemin, <strong>LG hissedar onay\u0131n\u0131n al\u0131nmas\u0131<\/strong> ve gerekli<strong> t\u00fcm d\u00fczenleyici<\/strong> onaylar dahil olmak \u00fczere bir dizi ko\u015fula tabi olarak <strong>Temmuz 2021<\/strong>&#8216;de tamamlanmas\u0131 bekleniyor.<\/p>","protected":false},"excerpt":{"rendered":"<p>Sorry, this entry is only available in Turkish. For the sake of viewer convenience, the content is shown below in the alternative language. You may click the link to switch the active language. Elektrikli G\u00fc\u00e7 Aktarma Organlar\u0131 Alan\u0131ndaki \u0130ki B\u00fcy\u00fck Oyuncu, Pazara Giri\u015f S\u00fcresini H\u0131zland\u0131rmak ve Elektrifikasyon Yap\u0131m\u0131ndan Kazan\u00e7 Sa\u011flamak \u0130\u00e7in G\u00fc\u00e7lerini Birle\u015ftiriyor. LG Electronics [&hellip;]<\/p>\n","protected":false},"author":1,"featured_media":125783,"comment_status":"open","ping_status":"open","sticky":false,"template":"","format":"standard","meta":[],"categories":[51,53],"tags":[84015,84011,53114,54965,84009,84013,52259,84012,51163,84010,84014],"views":84,"_links":{"self":[{"href":"https:\/\/www.enerjigazetesi.ist\/en\/wp-json\/wp\/v2\/posts\/125778"}],"collection":[{"href":"https:\/\/www.enerjigazetesi.ist\/en\/wp-json\/wp\/v2\/posts"}],"about":[{"href":"https:\/\/www.enerjigazetesi.ist\/en\/wp-json\/wp\/v2\/types\/post"}],"author":[{"embeddable":true,"href":"https:\/\/www.enerjigazetesi.ist\/en\/wp-json\/wp\/v2\/users\/1"}],"replies":[{"embeddable":true,"href":"https:\/\/www.enerjigazetesi.ist\/en\/wp-json\/wp\/v2\/comments?post=125778"}],"version-history":[{"count":0,"href":"https:\/\/www.enerjigazetesi.ist\/en\/wp-json\/wp\/v2\/posts\/125778\/revisions"}],"wp:featuredmedia":[{"embeddable":true,"href":"https:\/\/www.enerjigazetesi.ist\/en\/wp-json\/wp\/v2\/media\/125783"}],"wp:attachment":[{"href":"https:\/\/www.enerjigazetesi.ist\/en\/wp-json\/wp\/v2\/media?parent=125778"}],"wp:term":[{"taxonomy":"category","embeddable":true,"href":"https:\/\/www.enerjigazetesi.ist\/en\/wp-json\/wp\/v2\/categories?post=125778"},{"taxonomy":"post_tag","embeddable":true,"href":"https:\/\/www.enerjigazetesi.ist\/en\/wp-json\/wp\/v2\/tags?post=125778"}],"curies":[{"name":"wp","href":"https:\/\/api.w.org\/{rel}","templated":true}]}}