{"id":125747,"date":"2020-12-24T13:00:21","date_gmt":"2020-12-24T10:00:21","guid":{"rendered":"https:\/\/www.enerjigazetesi.ist\/?p=125747"},"modified":"2020-12-24T13:01:36","modified_gmt":"2020-12-24T10:01:36","slug":"aytemiz-de-ust-duzey-atama-yapildi-2","status":"publish","type":"post","link":"https:\/\/www.enerjigazetesi.ist\/en\/aytemiz-de-ust-duzey-atama-yapildi-2\/","title":{"rendered":"(Turkish) Aytemiz&#8217;de \u00dcst D\u00fczey Atama Yap\u0131ld\u0131"},"content":{"rendered":"<p class=\"qtranxs-available-languages-message qtranxs-available-languages-message-en\">Sorry, this entry is only available in <a href=\"https:\/\/www.enerjigazetesi.ist\/tr\/wp-json\/wp\/v2\/posts\/125747\" class=\"qtranxs-available-language-link qtranxs-available-language-link-tr\" title=\"Turkish\">Turkish<\/a>. For the sake of viewer convenience, the content is shown below in the alternative language. You may click the link to switch the active language.<\/p><p><\/p>\n<h1><strong>Aytemiz Akaryak\u0131t\u00a0<\/strong><strong>Pazarlama ve Kurumsal \u0130leti\u015fim Direkt\u00f6rl\u00fc\u011f\u00fc\u2019ne <\/strong><strong>Duygu Deniz Kad\u0131o\u011flu Atand\u0131.<\/strong><\/h1>\n<p>Pazarlama, marka ve ileti\u015fim alan\u0131nda farkl\u0131 sekt\u00f6rlerde <strong>20 y\u0131l\u0131 a\u015fk\u0131n<\/strong> tecr\u00fcbesi bulunan Duygu Deniz <img loading=\"lazy\" class=\"alignright wp-image-125749\" src=\"https:\/\/www.enerjigazetesi.ist\/wp-content\/uploads\/2020\/12\/aytemiz-de-ust-duzey-atama-yapildi-2.jpg\" alt=\"\" width=\"320\" height=\"213\" srcset=\"https:\/\/www.enerjigazetesi.ist\/wp-content\/uploads\/2020\/12\/aytemiz-de-ust-duzey-atama-yapildi-2.jpg 732w, https:\/\/www.enerjigazetesi.ist\/wp-content\/uploads\/2020\/12\/aytemiz-de-ust-duzey-atama-yapildi-2-300x200.jpg 300w, https:\/\/www.enerjigazetesi.ist\/wp-content\/uploads\/2020\/12\/aytemiz-de-ust-duzey-atama-yapildi-2-500x333.jpg 500w, https:\/\/www.enerjigazetesi.ist\/wp-content\/uploads\/2020\/12\/aytemiz-de-ust-duzey-atama-yapildi-2-75x50.jpg 75w, https:\/\/www.enerjigazetesi.ist\/wp-content\/uploads\/2020\/12\/aytemiz-de-ust-duzey-atama-yapildi-2-450x300.jpg 450w\" sizes=\"(max-width: 320px) 100vw, 320px\" \/>Kad\u0131o\u011flu, <strong>21 Aral\u0131k 2020<\/strong> itibari ile <strong>Aytemiz Akaryak\u0131t Da\u011f\u0131t\u0131m A.\u015e.<\/strong>\u2019de Pazarlama ve Kurumsal \u0130leti\u015fim Direkt\u00f6r\u00fc olarak g\u00f6reve ba\u015flad\u0131.<\/p>\n<p>Lisans e\u011fitimini Ankara \u00dcniversitesi Fen Fak\u00fcltesi\u2019nde ald\u0131ktan sonra Bo\u011fazi\u00e7i \u00dcniversitesi \u0130\u015fletme B\u00f6l\u00fcm\u00fc\u2019nde Y\u00fcksek Lisans e\u011fitimini tamamlayan <strong>Duygu Deniz Kad\u0131o\u011flu<\/strong>, profesyonel kariyerine 1997 y\u0131l\u0131nda Roche\u2019da ba\u015flayarak Reckitt Benckiser, Brisa Bridgestone Sabanc\u0131 Lastik gibi \u015firketlerde <strong>sat\u0131\u015f, pazarlama, ileti\u015fim, \u00fcr\u00fcn y\u00f6netimi<\/strong> ve <strong>marka stratejileri<\/strong> olu\u015fturulmas\u0131nda \u00f6nemli g\u00f6revlerde bulundu. <strong>2012-2019 y\u0131llar\u0131<\/strong> aras\u0131nda<strong> Castrol<\/strong>\u2019de<strong> Sponsorluk, PR, Pazarlama \u0130leti\u015fimi, Marka ve \u0130leti\u015fim M\u00fcd\u00fcrl\u00fc\u011f\u00fc<\/strong> sorumluluklar\u0131 olan Kad\u0131o\u011flu, son olarak <strong>Mutlu Ak\u00fc<\/strong>\u2019de \u0130cra Kurulu \u00fcyesi olarak <strong>Pazarlama M\u00fcd\u00fcrl\u00fc\u011f\u00fc<\/strong> g\u00f6revini \u00fcstlenmi\u015ftir.<\/p>\n<p>Evli olan Kad\u0131o\u011flu, <strong>\u0130ngilizce<\/strong> ve <strong>Almanca<\/strong> bilmektedir.<\/p>","protected":false},"excerpt":{"rendered":"<p>Sorry, this entry is only available in Turkish. For the sake of viewer convenience, the content is shown below in the alternative language. You may click the link to switch the active language. Aytemiz Akaryak\u0131t\u00a0Pazarlama ve Kurumsal \u0130leti\u015fim Direkt\u00f6rl\u00fc\u011f\u00fc\u2019ne Duygu Deniz Kad\u0131o\u011flu Atand\u0131. Pazarlama, marka ve ileti\u015fim alan\u0131nda farkl\u0131 sekt\u00f6rlerde 20 y\u0131l\u0131 a\u015fk\u0131n tecr\u00fcbesi bulunan [&hellip;]<\/p>\n","protected":false},"author":1,"featured_media":125750,"comment_status":"open","ping_status":"open","sticky":false,"template":"","format":"standard","meta":[],"categories":[53,44],"tags":[52407,63358,83995,83996,52259,53153],"views":133,"_links":{"self":[{"href":"https:\/\/www.enerjigazetesi.ist\/en\/wp-json\/wp\/v2\/posts\/125747"}],"collection":[{"href":"https:\/\/www.enerjigazetesi.ist\/en\/wp-json\/wp\/v2\/posts"}],"about":[{"href":"https:\/\/www.enerjigazetesi.ist\/en\/wp-json\/wp\/v2\/types\/post"}],"author":[{"embeddable":true,"href":"https:\/\/www.enerjigazetesi.ist\/en\/wp-json\/wp\/v2\/users\/1"}],"replies":[{"embeddable":true,"href":"https:\/\/www.enerjigazetesi.ist\/en\/wp-json\/wp\/v2\/comments?post=125747"}],"version-history":[{"count":0,"href":"https:\/\/www.enerjigazetesi.ist\/en\/wp-json\/wp\/v2\/posts\/125747\/revisions"}],"wp:featuredmedia":[{"embeddable":true,"href":"https:\/\/www.enerjigazetesi.ist\/en\/wp-json\/wp\/v2\/media\/125750"}],"wp:attachment":[{"href":"https:\/\/www.enerjigazetesi.ist\/en\/wp-json\/wp\/v2\/media?parent=125747"}],"wp:term":[{"taxonomy":"category","embeddable":true,"href":"https:\/\/www.enerjigazetesi.ist\/en\/wp-json\/wp\/v2\/categories?post=125747"},{"taxonomy":"post_tag","embeddable":true,"href":"https:\/\/www.enerjigazetesi.ist\/en\/wp-json\/wp\/v2\/tags?post=125747"}],"curies":[{"name":"wp","href":"https:\/\/api.w.org\/{rel}","templated":true}]}}