{"id":125733,"date":"2020-12-24T11:03:25","date_gmt":"2020-12-24T08:03:25","guid":{"rendered":"https:\/\/www.enerjigazetesi.ist\/?p=125733"},"modified":"2020-12-24T11:03:45","modified_gmt":"2020-12-24T08:03:45","slug":"tupras-ve-yapi-kredi-is-birligiyle-efsanevi-deniz-kavimlerinden-karialilar","status":"publish","type":"post","link":"https:\/\/www.enerjigazetesi.ist\/en\/tupras-ve-yapi-kredi-is-birligiyle-efsanevi-deniz-kavimlerinden-karialilar\/","title":{"rendered":"(Turkish) T\u00fcpra\u015f ve Yap\u0131 Kredi \u0130\u015f Birli\u011fiyle, &#8220;Efsanevi Deniz Kavimlerinden Karial\u0131lar&#8221;"},"content":{"rendered":"<p class=\"qtranxs-available-languages-message qtranxs-available-languages-message-en\">Sorry, this entry is only available in <a href=\"https:\/\/www.enerjigazetesi.ist\/tr\/wp-json\/wp\/v2\/posts\/125733\" class=\"qtranxs-available-language-link qtranxs-available-language-link-tr\" title=\"Turkish\">Turkish<\/a>. For the sake of viewer convenience, the content is shown below in the alternative language. You may click the link to switch the active language.<\/p><p><\/p>\n<h1><strong>Yap\u0131 Kredi Yay\u0131nlar\u0131 ile T\u00fcpra\u015f i\u015f birli\u011fiyle \u0130ngilizce ve T\u00fcrk\u00e7e haz\u0131rlanan \u201cKarial\u0131lar \u2013 Denizcilerden Kent Kuruculara\u201d kitab\u0131,\u00a0efsanevi deniz kavimlerinden biri olan Karial\u0131lar\u0131n arkeolojik ve tarihi ge\u00e7mi\u015fini anlat\u0131yor.<\/strong><\/h1>\n<p><em><strong>T\u00fcpra\u015f<\/strong><\/em> ve <em><strong>Yap\u0131 Kredi Yay\u0131nlar\u0131\u00a0<\/strong><\/em>i\u015f birli\u011fiyle <strong>2011 y\u0131l\u0131nda<\/strong> ba\u015flat\u0131lan ve T\u00fcrkiye\u2019deki arkeoloji yay\u0131nc\u0131l\u0131\u011f\u0131na <strong>yeni bir boyut<\/strong> ve <strong>ivme<\/strong> kazand\u0131ran <strong>\u201cAnadolu Uygarl\u0131klar\u0131 Serisi\u201d<\/strong> toplam <strong>12 kitaptan<\/strong> olu\u015fuyor.<\/p>\n<p><img loading=\"lazy\" class=\"alignright wp-image-125735\" src=\"https:\/\/www.enerjigazetesi.ist\/wp-content\/uploads\/2020\/12\/tupras-ve-yapi-kredi-is-birligiyle-efsanevi-deniz-kavimlerinden-karialilar.jpg\" alt=\"\" width=\"320\" height=\"251\" srcset=\"https:\/\/www.enerjigazetesi.ist\/wp-content\/uploads\/2020\/12\/tupras-ve-yapi-kredi-is-birligiyle-efsanevi-deniz-kavimlerinden-karialilar.jpg 622w, https:\/\/www.enerjigazetesi.ist\/wp-content\/uploads\/2020\/12\/tupras-ve-yapi-kredi-is-birligiyle-efsanevi-deniz-kavimlerinden-karialilar-300x235.jpg 300w, https:\/\/www.enerjigazetesi.ist\/wp-content\/uploads\/2020\/12\/tupras-ve-yapi-kredi-is-birligiyle-efsanevi-deniz-kavimlerinden-karialilar-500x392.jpg 500w, https:\/\/www.enerjigazetesi.ist\/wp-content\/uploads\/2020\/12\/tupras-ve-yapi-kredi-is-birligiyle-efsanevi-deniz-kavimlerinden-karialilar-64x50.jpg 64w\" sizes=\"(max-width: 320px) 100vw, 320px\" \/>Seri kapsam\u0131nda yay\u0131mlanan <strong>9&#8217;uncu Kitap<\/strong><em><strong>\u00a0<\/strong><\/em>olan<em><strong>\u00a0\u201cKarial\u0131lar \u2013 Denizcilerden Kent Kuruculara\u201d<\/strong><\/em>,\u00a0Karia B\u00f6lgesi\u2019nin <strong>prehistorik \u00e7a\u011flar\u0131ndan<\/strong> ba\u015flayarak <strong>Ge\u00e7 Osmanl\u0131 D\u00f6nemi<\/strong>\u2019ne uzanan arkeolojik ve tarihi ge\u00e7mi\u015fi hakk\u0131nda bug\u00fcne dek yap\u0131lm\u0131\u015f ara\u015ft\u0131rmalar\u0131n bir \u00f6zetini sunuyor.<\/p>\n<p>Kitapta alan\u0131nda uzman yerli ve yabanc\u0131\u00a0ara\u015ft\u0131rmac\u0131lar\u0131n g\u00fcncel veriler \u0131\u015f\u0131\u011f\u0131nda kaleme ald\u0131\u011f\u0131 <strong>33 bilimsel makale<\/strong> yer al\u0131yor.<\/p>\n<p><strong>Anadolu Yar\u0131madas\u0131<\/strong>\u2019n\u0131n G\u00fcneybat\u0131 kesiminde yer alan ve<strong> Antik \u00c7a\u011f<\/strong>\u2019da <strong>Karia<\/strong> olarak bilinen co\u011frafi b\u00f6lgenin kuzey s\u0131n\u0131r\u0131n\u0131 <strong>B\u00fcy\u00fck Menderes Vadisi<\/strong>, do\u011fu s\u0131n\u0131r\u0131n\u0131 <strong>Dalaman \u00c7ay\u0131<\/strong> belirler.<\/p>\n<p><strong>M\u00d6 2000<\/strong>\u2019li y\u0131llara dayanan yaz\u0131l\u0131 kaynaklarda bir\u00e7ok kez ad\u0131 ge\u00e7en <strong>Karial\u0131lar\u0131n<\/strong>,<strong> Hitit istilalar\u0131<\/strong> kar\u015f\u0131s\u0131nda <strong>Anadolu halklar\u0131n\u0131 destekledikleri<\/strong> ancak daha sonra <strong>M\u0131s\u0131rl\u0131lar<\/strong> kar\u015f\u0131s\u0131nda Hititlerin yan\u0131nda yer ald\u0131klar\u0131 g\u00f6r\u00fcl\u00fcr.<\/p>\n<h2><strong>Sava\u015fmaya Bir K\u0131z Gibi Alt\u0131nlarla S\u00fcsl\u00fc Gidenler<\/strong><\/h2>\n<p><strong>Karial\u0131lar\u0131n<\/strong> ad\u0131, t\u00fcm <strong>Akdeniz\u2019de<\/strong> ge\u00e7tikleri yerleri talan ederek <strong>Ge\u00e7 Tun\u00e7 \u00c7a\u011f\u0131<\/strong>\u2019n\u0131n g\u00fc\u00e7l\u00fc imparatorluklar\u0131n\u0131n \u00e7\u00f6k\u00fc\u015f\u00fcne katk\u0131da bulunan efsanevi <strong>\u201cDeniz Kavimleri\u201d<\/strong> aras\u0131nda da an\u0131l\u0131r. \u0130lerleyen d\u00f6nemlerde, <strong>Homeros<\/strong>, Karial\u0131lar\u0131n Yunanlara kar\u015f\u0131 <strong>Troia kentini<\/strong> savunmaya gelen halklar aras\u0131nda yer ald\u0131\u011f\u0131ndan bahsederken <strong>\u201csava\u015fmaya bir k\u0131z gibi alt\u0131nlarla s\u00fcsl\u00fc geldiler\u201d<\/strong> s\u00f6zleriyle <strong>Karial\u0131lar\u0131n zenginli\u011fini<\/strong> vurgular.<\/p>\n<h2><strong>Serinin bug\u00fcne kadar yay\u0131nlanan kitaplar listesi:<\/strong><\/h2>\n<p>1- Urartu &#8211; Do\u011fu\u2019da De\u011fi\u015fim \/ Transformation in the East<\/p>\n<p>2- Frigler: Midas&#8217;\u0131n \u00dclkesinde, An\u0131tlar\u0131n G\u00f6lgesinde \/ Phrygians: In the Land of Midas, In the Shadow of Monuments<\/p>\n<p>3- Hititler &#8211; Bir Anadolu \u0130mparatorlu\u011fu<\/p>\n<p>4- Pergamon &#8211; Anadolu\u2019da Hellenistik Bir Ba\u015fkent \/\u00a0A Hellenistic Capital in Anatolia<\/p>\n<p>5- Lukka\u2019dan Likya\u2019ya &#8211; Sarpedon ve Aziz Nikolaos\u2019un \u00dclkesi \/ From Lukka to Lycia The Land of Sarpedon and St. Nicholas<\/p>\n<p>6- Persler &#8211; Anadolu\u2019da Kudret ve G\u00f6rkem \/ The Persians &#8211; Power and Glory in Anatolia<\/p>\n<p>7- Assurlular Dicle\u2019den Toroslar\u2019a Tanr\u0131 Assur\u2019un Krall\u0131\u011f\u0131 \/ The Assyrians Kingdom of the God of Assur from Tigris to Taurus<\/p>\n<p>8- Hellenistik ve Roma D\u00f6nemlerinde Anadolu &#8211; Krallar, \u0130mparatorlar ve Kent Devletleri \/ Hellenistic and Roman Anatolia Kings, Emperors, City States<\/p>\n<p>9- Karial\u0131lar: Denizcilerden Kent Kuruculara<\/p>","protected":false},"excerpt":{"rendered":"<p>Sorry, this entry is only available in Turkish. For the sake of viewer convenience, the content is shown below in the alternative language. You may click the link to switch the active language. Yap\u0131 Kredi Yay\u0131nlar\u0131 ile T\u00fcpra\u015f i\u015f birli\u011fiyle \u0130ngilizce ve T\u00fcrk\u00e7e haz\u0131rlanan \u201cKarial\u0131lar \u2013 Denizcilerden Kent Kuruculara\u201d kitab\u0131,\u00a0efsanevi deniz kavimlerinden biri olan Karial\u0131lar\u0131n [&hellip;]<\/p>\n","protected":false},"author":1,"featured_media":125735,"comment_status":"open","ping_status":"open","sticky":false,"template":"","format":"standard","meta":[],"categories":[53,44],"tags":[83981,52259,83979,83980,35715,83978,39197,83982],"views":89,"_links":{"self":[{"href":"https:\/\/www.enerjigazetesi.ist\/en\/wp-json\/wp\/v2\/posts\/125733"}],"collection":[{"href":"https:\/\/www.enerjigazetesi.ist\/en\/wp-json\/wp\/v2\/posts"}],"about":[{"href":"https:\/\/www.enerjigazetesi.ist\/en\/wp-json\/wp\/v2\/types\/post"}],"author":[{"embeddable":true,"href":"https:\/\/www.enerjigazetesi.ist\/en\/wp-json\/wp\/v2\/users\/1"}],"replies":[{"embeddable":true,"href":"https:\/\/www.enerjigazetesi.ist\/en\/wp-json\/wp\/v2\/comments?post=125733"}],"version-history":[{"count":0,"href":"https:\/\/www.enerjigazetesi.ist\/en\/wp-json\/wp\/v2\/posts\/125733\/revisions"}],"wp:featuredmedia":[{"embeddable":true,"href":"https:\/\/www.enerjigazetesi.ist\/en\/wp-json\/wp\/v2\/media\/125735"}],"wp:attachment":[{"href":"https:\/\/www.enerjigazetesi.ist\/en\/wp-json\/wp\/v2\/media?parent=125733"}],"wp:term":[{"taxonomy":"category","embeddable":true,"href":"https:\/\/www.enerjigazetesi.ist\/en\/wp-json\/wp\/v2\/categories?post=125733"},{"taxonomy":"post_tag","embeddable":true,"href":"https:\/\/www.enerjigazetesi.ist\/en\/wp-json\/wp\/v2\/tags?post=125733"}],"curies":[{"name":"wp","href":"https:\/\/api.w.org\/{rel}","templated":true}]}}