{"id":125729,"date":"2020-12-23T16:08:34","date_gmt":"2020-12-23T13:08:34","guid":{"rendered":"https:\/\/www.enerjigazetesi.ist\/?p=125729"},"modified":"2020-12-23T16:08:34","modified_gmt":"2020-12-23T13:08:34","slug":"ako-grup-uretim-tesislerine-gunes-enerjisi-santrali-kuruyor","status":"publish","type":"post","link":"https:\/\/www.enerjigazetesi.ist\/en\/ako-grup-uretim-tesislerine-gunes-enerjisi-santrali-kuruyor\/","title":{"rendered":"(Turkish) AKO Grup \u00dcretim Tesislerine G\u00fcne\u015f Enerjisi Santrali Kuruyor!"},"content":{"rendered":"<p class=\"qtranxs-available-languages-message qtranxs-available-languages-message-en\">Sorry, this entry is only available in <a href=\"https:\/\/www.enerjigazetesi.ist\/tr\/wp-json\/wp\/v2\/posts\/125729\" class=\"qtranxs-available-language-link qtranxs-available-language-link-tr\" title=\"Turkish\">Turkish<\/a>. For the sake of viewer convenience, the content is shown below in the alternative language. You may click the link to switch the active language.<\/p><p><\/p>\n<h1><strong>T\u00fcrkiye\u2019nin yerli sermayeli sanayi g\u00fcc\u00fc AKO Grup, 16 milyon dolarl\u0131k yat\u0131r\u0131mla 2 y\u0131l i\u00e7inde t\u00fcm \u00fcretim tesislerinde toplam enerji t\u00fcketiminin d\u00f6rtte birini g\u00fcne\u015f enerjisinden elde etmeyi planl\u0131yor. \u00c7evre korumas\u0131 ve temiz enerji prensibiyle \u00fcretim tesislerine kurulan g\u00fcne\u015f enerji panelleri ilk olarak AKO Jant fabrikas\u0131nda uyguland\u0131.<\/strong><\/h1>\n<p>T\u00fcrkiye\u2019nin yerli sermayeli sanayi g\u00fcc\u00fc <strong>Abdulkadir \u00d6zcan A.\u015e. (AKO Grup)<\/strong>, \u00e7evreye sayg\u0131l\u0131 temiz enerji prensibiyle \u00fcretim tesislerini <strong>G\u00fcne\u015f Enerji Santralleri (GES)<\/strong> ile donat\u0131yor. <strong>2 y\u0131l i\u00e7inde<\/strong> t\u00fcm \u00fcretim tesislerinde toplam enerji t\u00fcketiminin d\u00f6rtte birini <strong>g\u00fcne\u015f enerjisinden<\/strong> elde edecek olan <strong>AKO Grup<\/strong>, ilk g\u00fcne\u015f enerji paneli kurulumunu <strong>AKO Jant fabrikas\u0131nda<\/strong> ger\u00e7ekle\u015ftirdi.<\/p>\n<p><strong>PETLAS, AKO Jant, AKO Ak\u00fc ve AKO Entegre Lastik Geri D\u00f6n\u00fc\u015f\u00fcm Tesisi<\/strong> gibi otomotiv <strong><img loading=\"lazy\" class=\"alignright wp-image-125731\" src=\"https:\/\/www.enerjigazetesi.ist\/wp-content\/uploads\/2020\/12\/ako-grup-uretim-tesislerine-gunes-enerjisi-santrali-kuruyor.jpg\" alt=\"\" width=\"340\" height=\"191\" srcset=\"https:\/\/www.enerjigazetesi.ist\/wp-content\/uploads\/2020\/12\/ako-grup-uretim-tesislerine-gunes-enerjisi-santrali-kuruyor.jpg 1000w, https:\/\/www.enerjigazetesi.ist\/wp-content\/uploads\/2020\/12\/ako-grup-uretim-tesislerine-gunes-enerjisi-santrali-kuruyor-300x169.jpg 300w, https:\/\/www.enerjigazetesi.ist\/wp-content\/uploads\/2020\/12\/ako-grup-uretim-tesislerine-gunes-enerjisi-santrali-kuruyor-768x432.jpg 768w, https:\/\/www.enerjigazetesi.ist\/wp-content\/uploads\/2020\/12\/ako-grup-uretim-tesislerine-gunes-enerjisi-santrali-kuruyor-500x282.jpg 500w, https:\/\/www.enerjigazetesi.ist\/wp-content\/uploads\/2020\/12\/ako-grup-uretim-tesislerine-gunes-enerjisi-santrali-kuruyor-80x45.jpg 80w\" sizes=\"(max-width: 340px) 100vw, 340px\" \/><\/strong>OEM ve yenileme sanayine y\u00f6nelik dev kurulu\u015flar\u0131 b\u00fcnyesinde bar\u0131nd\u0131ran <strong>AKO Grup<\/strong>\u2019ta, \u00fcretim tesislerinde y\u0131ll\u0131k enerji ihtiyac\u0131n\u0131n \u00f6nemli bir b\u00f6l\u00fcm\u00fcn\u00fcn <strong>G\u00fcne\u015f Enerjisi Santrali<\/strong>\u2019nden (GES) kar\u015f\u0131lanmas\u0131na y\u00f6nelik yat\u0131r\u0131mlarda ilk a\u015fama kurulumunun tamamlanmas\u0131yla g\u00fcne\u015f enerji panelleri hizmete girdi.<\/p>\n<p>Grup b\u00fcnyesinde yer alan di\u011fer \u00fcretim tesislerinde de projelendirme \u00e7al\u0131\u015fmalar\u0131n\u0131n h\u0131zla devam etti\u011fini belirten AKO Grup Y\u00f6netim Kurulu \u00dcyesi Safa \u00d6zcan, <em>\u201cBu sayede T\u00fcrkiye\u2019de kendi temiz elektri\u011fini \u00fcreten ilk jant, ak\u00fc ve lastik fabrikalar\u0131na sahip olaca\u011f\u0131z. Bu yat\u0131r\u0131mlar, enerji maliyetlerinde y\u0131ll\u0131k yakla\u015f\u0131k 2,75 milyon dolarl\u0131k tasarruf sa\u011flayacak\u201d<\/em> dedi.<\/p>\n<p>\u00dcretim tesislerinde <strong>temiz<\/strong> ve <strong>yenilenebilir enerji kullan\u0131m\u0131<\/strong> vizyonuyla hareket ettiklerini dile getiren Safa \u00d6zcan, \u201c\u00dcretim tesislerimizde <strong>temiz enerji<\/strong> ve <strong>enerji verimlili\u011fi<\/strong> konusunda altyap\u0131 \u00e7al\u0131\u015fmalar\u0131n\u0131 hayata ge\u00e7irmeye ba\u015flam\u0131\u015ft\u0131k. \u00d6ncelikle AKO Jant fabrikas\u0131 \u00e7at\u0131s\u0131na <strong>2,25 MW<\/strong> g\u00fcc\u00fcnde g\u00fcne\u015f panelleri yat\u0131r\u0131m\u0131 tamamland\u0131. Bu fabrikam\u0131z\u0131n \u00e7at\u0131s\u0131na kurdu\u011fumuz g\u00fcne\u015f panelleri ile elde etti\u011fimiz temiz enerjiyi kullan\u0131ma sunduk.<strong> 2019 y\u0131l\u0131nda enerji verimlili\u011fi<\/strong> ve<strong> at\u0131k geri d\u00f6n\u00fc\u015f\u00fcm\u00fc<\/strong> ile ilgili projeleri hayata ge\u00e7irdi\u011fimiz PETLAS fabrikam\u0131zda, 2021 y\u0131l\u0131 itibariyle <strong>25 MW<\/strong> g\u00fcne\u015f paneli kurulumunu tamamlayarak kulland\u0131\u011f\u0131 elektrik enerjisini kendi \u00fcreten bir fabrikaya d\u00f6n\u00fc\u015ft\u00fcrmeyi \u00f6ng\u00f6r\u00fcyoruz. Ayr\u0131ca AKO Ak\u00fc fabrikas\u0131n\u0131n \u00e7at\u0131s\u0131na <strong>3,1 MW<\/strong> ve in\u015faat\u0131 devam eden AKO Entegre Lastik Geri D\u00f6n\u00fc\u015f\u00fcm tesisinin \u00e7at\u0131s\u0131na <strong>2,5 MW<\/strong> kapasiteli <strong>GES yat\u0131r\u0131m\u0131<\/strong>n\u0131 hayata ge\u00e7irece\u011fiz. <strong>2 y\u0131l i\u00e7inde<\/strong> t\u00fcm \u00fcretim tesislerinde toplam enerji t\u00fcketimin d\u00f6rtte birini g\u00fcne\u015f enerjisinden elde etmeyi hedefliyoruz\u201d \u015feklinde konu\u015ftu.<\/p>\n<p><strong>2 y\u0131l i\u00e7erisinde<\/strong> tamamlanmas\u0131 \u00f6ng\u00f6r\u00fclen yat\u0131r\u0131mlar kapsam\u0131nda toplamda y\u0131lda<strong> 48.000.000 kWh<\/strong>\u2019lik elektrik \u00fcretilmesinin planland\u0131\u011f\u0131n\u0131 s\u00f6yleyen AKO grup Y\u00f6netim Kurulu \u00dcyesi <strong>Safa \u00d6zcan<\/strong>, \u201cGer\u00e7ekle\u015ftirece\u011fimiz 16 Milyon Dolar d\u00fczeyinde yat\u0131r\u0131mla, enerji maliyetlerinde y\u0131lda yakla\u015f\u0131k<strong> 2,75 Milyon Dolar<\/strong> tasarruf sa\u011flanacak. Y\u0131ll\u0131k ortalama <strong>300 bin a\u011fac\u0131n karbondioksit emilimine denk<\/strong> gelen, 21 bin ton karbondioksit sal\u0131m\u0131 \u00f6nlenmi\u015f olacak\u201d dedi.<\/p>\n<p><strong>AKO Grup<\/strong> b\u00fcnyesinde <strong>\u00e7evre koruma<\/strong> ve<strong> sanayide kaynak s\u00fcrd\u00fcr\u00fclebilirli\u011fi<\/strong> alan\u0131nda yat\u0131r\u0131mlara \u00f6ncelik verildi\u011fini vurgulayan <strong>Safa \u00d6zcan<\/strong>, a\u00e7\u0131klamalar\u0131n\u0131<span style=\"text-decoration: underline;\"> \u015fu \u015fekilde s\u00fcrd\u00fcrd\u00fc:<\/span> <em>\u201cT\u00fcrkiye\u2019nin lastik sekt\u00f6r\u00fcnde en b\u00fcy\u00fck entegre geri d\u00f6n\u00fc\u015f\u00fcm tesisini olu\u015fturma hedefiyle ba\u015flatm\u0131\u015f oldu\u011fumuz <strong>30 milyon dolarl\u0131k yat\u0131r\u0131m<\/strong> hamlesini, <strong>2020 y\u0131l\u0131n\u0131n<\/strong> ola\u011fan\u00fcst\u00fc ko\u015fullar\u0131na ra\u011fmen kesintisiz bir \u015fekilde s\u00fcrd\u00fcrd\u00fck. <strong>Ankara Ba\u015fkent Organize Sanayi B\u00f6lgesi<\/strong>\u2019nde kurulan bu tesis, sanayinin kau\u00e7uk ihtiyac\u0131n\u0131n kar\u015f\u0131lanmas\u0131 ve <strong>\u00e7evre korumas\u0131na<\/strong> katk\u0131 amac\u0131yla lastik at\u0131klar\u0131n\u0131n tamamen geri d\u00f6n\u00fc\u015ft\u00fcr\u00fclmesini sa\u011flayacak, karbon tasarrufunun yan\u0131 s\u0131ra, s\u0131f\u0131r at\u0131k projesine ve cari a\u00e7\u0131\u011f\u0131n azalt\u0131lmas\u0131na da katk\u0131 sunacak. <strong>80 bin metrekare<\/strong> a\u00e7\u0131k,<strong> 21 bin metrekare<\/strong> kapal\u0131 alana sahip olacak tesiste, T\u00fcrkiye\u2019de bir y\u0131lda ortaya \u00e7\u0131kan yakla\u015f\u0131k<strong> 350 bin ton lastik at\u0131\u011f\u0131<\/strong>n\u0131n d\u00f6rtte biri <strong>nitelikli ham maddeye<\/strong> d\u00f6n\u00fc\u015ft\u00fcr\u00fclebilecek. Bu yat\u0131r\u0131m\u0131m\u0131z\u0131 <strong>2021 y\u0131l\u0131nda<\/strong> tamamlayarak <strong>lastik geri d\u00f6n\u00fc\u015f\u00fcm\u00fcne<\/strong> ba\u015flamay\u0131 \u00f6ng\u00f6r\u00fcyoruz. Tesisin sa\u011flayaca\u011f\u0131 ithal ikamesinin y\u0131ll\u0131k <strong>16 milyon dolara<\/strong> varan d\u00fczeyde olaca\u011f\u0131n\u0131 \u00f6ng\u00f6r\u00fcyoruz.\u201d<\/em><\/p>\n<p>Kaynak:\u00a0<a href=\"https:\/\/tr.investing.com\/\" target=\"_blank\" rel=\"nofollow noopener\">Investing.Com<\/a><\/p>","protected":false},"excerpt":{"rendered":"<p>Sorry, this entry is only available in Turkish. For the sake of viewer convenience, the content is shown below in the alternative language. You may click the link to switch the active language. T\u00fcrkiye\u2019nin yerli sermayeli sanayi g\u00fcc\u00fc AKO Grup, 16 milyon dolarl\u0131k yat\u0131r\u0131mla 2 y\u0131l i\u00e7inde t\u00fcm \u00fcretim tesislerinde toplam enerji t\u00fcketiminin d\u00f6rtte birini [&hellip;]<\/p>\n","protected":false},"author":1,"featured_media":125731,"comment_status":"open","ping_status":"open","sticky":false,"template":"","format":"standard","meta":[],"categories":[51,53,52,49],"tags":[83973,83975,59580,5070,52259,29013,83974,83976,53157,83977,62711],"views":225,"_links":{"self":[{"href":"https:\/\/www.enerjigazetesi.ist\/en\/wp-json\/wp\/v2\/posts\/125729"}],"collection":[{"href":"https:\/\/www.enerjigazetesi.ist\/en\/wp-json\/wp\/v2\/posts"}],"about":[{"href":"https:\/\/www.enerjigazetesi.ist\/en\/wp-json\/wp\/v2\/types\/post"}],"author":[{"embeddable":true,"href":"https:\/\/www.enerjigazetesi.ist\/en\/wp-json\/wp\/v2\/users\/1"}],"replies":[{"embeddable":true,"href":"https:\/\/www.enerjigazetesi.ist\/en\/wp-json\/wp\/v2\/comments?post=125729"}],"version-history":[{"count":0,"href":"https:\/\/www.enerjigazetesi.ist\/en\/wp-json\/wp\/v2\/posts\/125729\/revisions"}],"wp:featuredmedia":[{"embeddable":true,"href":"https:\/\/www.enerjigazetesi.ist\/en\/wp-json\/wp\/v2\/media\/125731"}],"wp:attachment":[{"href":"https:\/\/www.enerjigazetesi.ist\/en\/wp-json\/wp\/v2\/media?parent=125729"}],"wp:term":[{"taxonomy":"category","embeddable":true,"href":"https:\/\/www.enerjigazetesi.ist\/en\/wp-json\/wp\/v2\/categories?post=125729"},{"taxonomy":"post_tag","embeddable":true,"href":"https:\/\/www.enerjigazetesi.ist\/en\/wp-json\/wp\/v2\/tags?post=125729"}],"curies":[{"name":"wp","href":"https:\/\/api.w.org\/{rel}","templated":true}]}}