{"id":125595,"date":"2020-12-21T16:26:23","date_gmt":"2020-12-21T13:26:23","guid":{"rendered":"https:\/\/www.enerjigazetesi.ist\/?p=125595"},"modified":"2020-12-21T16:42:23","modified_gmt":"2020-12-21T13:42:23","slug":"ruzgarda-her-yil-1-000mw-lik-kurulum-ve-kapasite-artisi-saglamaliyiz","status":"publish","type":"post","link":"https:\/\/www.enerjigazetesi.ist\/en\/ruzgarda-her-yil-1-000mw-lik-kurulum-ve-kapasite-artisi-saglamaliyiz\/","title":{"rendered":"(Turkish) R\u00fczgar&#8217;da Her Y\u0131l 1.000MW&#8217;l\u0131k Kurulum ve Kapasite Art\u0131\u015f\u0131 Sa\u011flamal\u0131y\u0131z"},"content":{"rendered":"<p class=\"qtranxs-available-languages-message qtranxs-available-languages-message-en\">Sorry, this entry is only available in <a href=\"https:\/\/www.enerjigazetesi.ist\/tr\/wp-json\/wp\/v2\/posts\/125595\" class=\"qtranxs-available-language-link qtranxs-available-language-link-tr\" title=\"Turkish\">Turkish<\/a>. For the sake of viewer convenience, the content is shown below in the alternative language. You may click the link to switch the active language.<\/p><p><\/p>\n<h1><strong>T\u00fcrkiye r\u00fczgar enerjisi sekt\u00f6r\u00fcn\u00fcn \u00e7at\u0131 kurulu\u015fu olan T\u00dcREB taraf\u0131ndan 2021 ve sonras\u0131nda sekt\u00f6r\u00fcn b\u00fcy\u00fcmesinin s\u00fcrmesi rekabet g\u00fcc\u00fcn\u00fcn artmas\u0131na y\u00f6nelik uzun vadeli proje stoku a\u00e7\u0131klanarak her y\u0131l 1.000MW kurulum ve 1.000MW kapasite art\u0131\u015f\u0131 sa\u011flanmas\u0131 gerekti\u011fine dikkat \u00e7ekildi.<\/strong><\/h1>\n<p><strong>Pandemi d\u00f6neminde<\/strong> dayan\u0131kl\u0131l\u0131\u011f\u0131n\u0131 hem d\u00fcnyada hem T\u00fcrkiye\u2019de ispatlayan sekt\u00f6r, b\u00fcy\u00fcmesini devam ettirmek ve dayan\u0131kl\u0131l\u0131\u011f\u0131n\u0131 art\u0131rmak i\u00e7in her y\u0131l <strong>1.000 MW<\/strong> kurulum ve <strong>1.000 MW<\/strong> kapasite tahsisi yap\u0131lmas\u0131n\u0131 elzem g\u00f6r\u00fcyor. <strong>T\u00dcREB<\/strong> yetkilileri, bunu sa\u011flayacak \u00f6nerilerini <span style=\"text-decoration: underline;\">\u015fu \u015fekilde belirtti:<\/span><\/p>\n<h2><strong><img loading=\"lazy\" class=\"alignright wp-image-125597\" src=\"https:\/\/www.enerjigazetesi.ist\/wp-content\/uploads\/2020\/12\/ruzgarda-her-yil-1-000mw-kurulum-ve-kapasite-artisi-saglamaliyiz.jpg\" alt=\"\" width=\"320\" height=\"187\" srcset=\"https:\/\/www.enerjigazetesi.ist\/wp-content\/uploads\/2020\/12\/ruzgarda-her-yil-1-000mw-kurulum-ve-kapasite-artisi-saglamaliyiz.jpg 536w, https:\/\/www.enerjigazetesi.ist\/wp-content\/uploads\/2020\/12\/ruzgarda-her-yil-1-000mw-kurulum-ve-kapasite-artisi-saglamaliyiz-300x175.jpg 300w, https:\/\/www.enerjigazetesi.ist\/wp-content\/uploads\/2020\/12\/ruzgarda-her-yil-1-000mw-kurulum-ve-kapasite-artisi-saglamaliyiz-500x292.jpg 500w, https:\/\/www.enerjigazetesi.ist\/wp-content\/uploads\/2020\/12\/ruzgarda-her-yil-1-000mw-kurulum-ve-kapasite-artisi-saglamaliyiz-80x47.jpg 80w\" sizes=\"(max-width: 320px) 100vw, 320px\" \/>\u201cUzun vadeli proje stoku olu\u015ftural\u0131m\u201d<\/strong><\/h2>\n<p>Uzun vadeli proje stoku olu\u015fturulmas\u0131 sekt\u00f6r\u00fcn gelece\u011fi a\u00e7\u0131s\u0131ndan hayati \u00f6nem ta\u015f\u0131yor. <em>\u201c<strong>En az 5 y\u0131ll\u0131k<\/strong> bir ihale planlamas\u0131 ilan edilmesi <strong>yerli<\/strong> ve<strong> yabanc\u0131<\/strong> yat\u0131r\u0131mc\u0131lar\u0131n ya\u015fad\u0131\u011f\u0131 belirsizlik sorununu ortadan kald\u0131racakt\u0131r\u201d<\/em> de\u011ferlendirmesi yapan T\u00dcREB Y\u00f6netim Kurulu, buna ek olarak<strong> \u00f6nlisans a\u015famas\u0131nda<\/strong> izinlerde ilerlemekte olan toplam\u0131 <strong>3 GW<\/strong>\u2019a yak\u0131n kapasite art\u0131\u015f projelerinin hayata ge\u00e7irilmesi ve <strong>eksi fiyatl\u0131 projelerde<\/strong> giderek <strong>zorla\u015fan finansman s\u0131k\u0131nt\u0131s\u0131n\u0131<\/strong> rahatlataca\u011f\u0131na, \u00f6rne\u011fin <strong>YEKDEM maliyetinden muaf<\/strong> tutularak t\u00fcketicilerin uzun d\u00f6nemli anla\u015fmayla bu projelerden karbon emisyonsuz <strong>elektrik teminin \u00f6zendirilmesi<\/strong> gibi \u00f6nlemlerin al\u0131nmas\u0131yla sekt\u00f6r\u00fcn \u00f6n\u00fcn\u00fcn a\u00e7\u0131laca\u011f\u0131na vurgu yap\u0131yor.<\/p>\n<h2><strong>\u201cYerli sanayiyi destekleyen ve finanse edilebilir bir yeni mekanizma olu\u015ftural\u0131m\u201d<\/strong><\/h2>\n<p><strong>S\u00fcrd\u00fcr\u00fclebilir<\/strong> ve finanse edilebilir <strong>r\u00fczgar enerjisi yat\u0131r\u0131mlar\u0131<\/strong> i\u00e7in <strong>bir \u00e7\u0131pa fiyat\u0131n\u0131n<\/strong> ilan edilmesinin elzem oldu\u011funu belirten T\u00dcREB yetkilileri, yap\u0131lan \u00e7al\u0131\u015fmalar\u0131n, yeni mekanizmada <strong>d\u00f6viz<\/strong> yerine <strong>TL<\/strong> \u00fczerinden fiyatlama yoluna gidilmesi durumunda maliyetlerin artt\u0131\u011f\u0131n\u0131 g\u00f6sterdi\u011fine dikkat \u00e7ekti. \u201c<strong>YEKDEM<\/strong>\u2019in <strong>TL<\/strong> olarak ilan edilmesi<strong> r\u00fczgar enerjisi<\/strong> elde etmenin maliyetini d\u00fc\u015f\u00fcrm\u00fcyor\u201d diyen T\u00dcREB yetkilileri, \u00f6n\u00fcm\u00fczdeki <strong>30 y\u0131l<\/strong>da <strong>4 trilyon dolara<\/strong> ula\u015faca\u011f\u0131 \u00f6ng\u00f6r\u00fclen <strong>yenilenebilir enerji yat\u0131r\u0131mlar\u0131<\/strong>n\u0131 T\u00fcrkiye\u2019ye \u00e7ekebilmek i\u00e7in,<strong> \u00e7\u0131pa fiyat\u0131n<\/strong> <strong>dolar<\/strong> ve(ya)\u00a0<strong>Euro<\/strong> cinsinden se\u00e7ilmesini; ya da <strong>TL<\/strong> ilan edilecek<strong> al\u0131m fiyat\u0131n\u0131n<\/strong> eskalasyonunda d\u00f6viz bazl\u0131 veya en az <strong>% 60<\/strong> d\u00f6viz i\u00e7eren bir<strong> eskalasyon sepetiyle<\/strong> ilan edilmesini \u00f6nerdi.<\/p>\n<p>Ayr\u0131ca T\u00fcrkiye\u2019deki <strong>yerli r\u00fczgar sanayini korumak<\/strong> ve <strong>rekabet\u00e7ili\u011fini art\u0131rmak<\/strong> i\u00e7in de <em>\u201cek bir fiyat deste\u011fi sunulmas\u0131 ve bunun al\u0131m garantisinden ba\u011f\u0131ms\u0131z olarak (piyasa fiyat\u0131yla enerji sat\u0131\u015f\u0131 yap\u0131lsa dahi) i\u015fletilmesi\u201d<\/em> de <strong>T\u00dcREB\u2019in \u00f6nerileri<\/strong> aras\u0131nda yer al\u0131yor.<\/p>\n<h2>\u201c<strong>Hibrit projeler, yap\u0131 mevzuat\u0131n\u0131n basitle\u015ftirilmesi gibi destekleyici \u00f6nerileri uygulamaya alal\u0131m\u201d <\/strong><\/h2>\n<p><strong>Yenilenebilir enerji sekt\u00f6r\u00fc&#8217;<\/strong>n\u00fcn daha da geli\u015fmesi i\u00e7in kritik \u00f6nem ta\u015f\u0131yan <strong>hibrit projelerin hayata ge\u00e7irilmesi<\/strong>nin \u00f6n\u00fcndeki engellerin kald\u0131r\u0131lmas\u0131 r\u00fczgar sekt\u00f6r\u00fcn\u00fcn de <strong>beklentileri<\/strong> aras\u0131nda bulunuyor. T\u00dcREB yetkilileri \u00f6zellikle <strong>YEKA sahalar\u0131<\/strong>nda<strong> hibrit kurulmas\u0131<\/strong> ve <strong>bu s\u00fcre\u00e7lerin h\u0131zland\u0131r\u0131lmas\u0131<\/strong> ile ilgili gerekli d\u00fczenlemelerin yap\u0131lmas\u0131 gereklili\u011fine dikkat \u00e7ekerken ayr\u0131ca yat\u0131r\u0131mlar\u0131 h\u0131zland\u0131rmak ad\u0131na <strong>yap\u0131 ruhsat\u0131 mevzuat\u0131<\/strong>nda <strong>muafiyet<\/strong> getirilmesi veya basitle\u015ftirilmeye gidilmesi ve sistem kullan\u0131m bedellerindeki <strong>y\u00fcksek art\u0131\u015f oranlar\u0131n\u0131n<\/strong> d\u00fczenlenmesi de sekt\u00f6r\u00fcn g\u00fcndeme getirdi\u011fi di\u011fer \u00f6nemli ba\u015fl\u0131klar\u0131 meydana getiriyor.<\/p>","protected":false},"excerpt":{"rendered":"<p>Sorry, this entry is only available in Turkish. For the sake of viewer convenience, the content is shown below in the alternative language. You may click the link to switch the active language. T\u00fcrkiye r\u00fczgar enerjisi sekt\u00f6r\u00fcn\u00fcn \u00e7at\u0131 kurulu\u015fu olan T\u00dcREB taraf\u0131ndan 2021 ve sonras\u0131nda sekt\u00f6r\u00fcn b\u00fcy\u00fcmesinin s\u00fcrmesi rekabet g\u00fcc\u00fcn\u00fcn artmas\u0131na y\u00f6nelik uzun vadeli proje [&hellip;]<\/p>\n","protected":false},"author":1,"featured_media":125597,"comment_status":"open","ping_status":"open","sticky":false,"template":"","format":"standard","meta":[],"categories":[51,53,50],"tags":[52259,5512,83841,35002,53282,4013,57618,83842,83840,52085,1245],"views":83,"_links":{"self":[{"href":"https:\/\/www.enerjigazetesi.ist\/en\/wp-json\/wp\/v2\/posts\/125595"}],"collection":[{"href":"https:\/\/www.enerjigazetesi.ist\/en\/wp-json\/wp\/v2\/posts"}],"about":[{"href":"https:\/\/www.enerjigazetesi.ist\/en\/wp-json\/wp\/v2\/types\/post"}],"author":[{"embeddable":true,"href":"https:\/\/www.enerjigazetesi.ist\/en\/wp-json\/wp\/v2\/users\/1"}],"replies":[{"embeddable":true,"href":"https:\/\/www.enerjigazetesi.ist\/en\/wp-json\/wp\/v2\/comments?post=125595"}],"version-history":[{"count":0,"href":"https:\/\/www.enerjigazetesi.ist\/en\/wp-json\/wp\/v2\/posts\/125595\/revisions"}],"wp:featuredmedia":[{"embeddable":true,"href":"https:\/\/www.enerjigazetesi.ist\/en\/wp-json\/wp\/v2\/media\/125597"}],"wp:attachment":[{"href":"https:\/\/www.enerjigazetesi.ist\/en\/wp-json\/wp\/v2\/media?parent=125595"}],"wp:term":[{"taxonomy":"category","embeddable":true,"href":"https:\/\/www.enerjigazetesi.ist\/en\/wp-json\/wp\/v2\/categories?post=125595"},{"taxonomy":"post_tag","embeddable":true,"href":"https:\/\/www.enerjigazetesi.ist\/en\/wp-json\/wp\/v2\/tags?post=125595"}],"curies":[{"name":"wp","href":"https:\/\/api.w.org\/{rel}","templated":true}]}}