{"id":125574,"date":"2020-12-21T15:37:37","date_gmt":"2020-12-21T12:37:37","guid":{"rendered":"https:\/\/www.enerjigazetesi.ist\/?p=125574"},"modified":"2021-06-15T14:29:07","modified_gmt":"2021-06-15T11:29:07","slug":"elektrigini-ureten-gunes-panelli-semsiyeler-plajlarda-2021-yazi-yerini-alacak","status":"publish","type":"post","link":"https:\/\/www.enerjigazetesi.ist\/en\/elektrigini-ureten-gunes-panelli-semsiyeler-plajlarda-2021-yazi-yerini-alacak\/","title":{"rendered":"(Turkish) Elektri\u011fini \u00dcreten G\u00fcne\u015f Panelli \u015eemsiyeler 2021 Yaz\u0131 Plajlarda Yerini Alacak!"},"content":{"rendered":"<p class=\"qtranxs-available-languages-message qtranxs-available-languages-message-en\">Sorry, this entry is only available in <a href=\"https:\/\/www.enerjigazetesi.ist\/tr\/wp-json\/wp\/v2\/posts\/125574\" class=\"qtranxs-available-language-link qtranxs-available-language-link-tr\" title=\"Turkish\">Turkish<\/a>. For the sake of viewer convenience, the content is shown below in the alternative language. You may click the link to switch the active language.<\/p><p><\/p>\n<h1>Antalya OSB&#8217;de geli\u015ftirilen g\u00fcne\u015f panelleri ile elektrik \u00fcretilebilen plaj \u015femsiyeleri, turizm sekt\u00f6r\u00fcn\u00fcn dikkatini \u00fczerine \u00e7ekerken Ar-Ge \u00e7al\u0131\u015fmalar\u0131 sonucunda, yaz sezonunda sahilleri dolduran tatilcilerin elektrik ihtiyac\u0131n\u0131 <img loading=\"lazy\" class=\"alignright wp-image-125577\" src=\"https:\/\/www.enerjigazetesi.ist\/wp-content\/uploads\/2020\/12\/elektrik-ureten-gunes-panelli-semsiyeler-plajlarda-2021-yazi-yerini-alacak.jpg\" alt=\"\" width=\"320\" height=\"177\" srcset=\"https:\/\/www.enerjigazetesi.ist\/wp-content\/uploads\/2020\/12\/elektrik-ureten-gunes-panelli-semsiyeler-plajlarda-2021-yazi-yerini-alacak.jpg 790w, https:\/\/www.enerjigazetesi.ist\/wp-content\/uploads\/2020\/12\/elektrik-ureten-gunes-panelli-semsiyeler-plajlarda-2021-yazi-yerini-alacak-300x166.jpg 300w, https:\/\/www.enerjigazetesi.ist\/wp-content\/uploads\/2020\/12\/elektrik-ureten-gunes-panelli-semsiyeler-plajlarda-2021-yazi-yerini-alacak-768x425.jpg 768w, https:\/\/www.enerjigazetesi.ist\/wp-content\/uploads\/2020\/12\/elektrik-ureten-gunes-panelli-semsiyeler-plajlarda-2021-yazi-yerini-alacak-500x277.jpg 500w, https:\/\/www.enerjigazetesi.ist\/wp-content\/uploads\/2020\/12\/elektrik-ureten-gunes-panelli-semsiyeler-plajlarda-2021-yazi-yerini-alacak-80x44.jpg 80w\" sizes=\"(max-width: 320px) 100vw, 320px\" \/>kar\u015f\u0131layabilmek amac\u0131yla \u015femsiyelere yerle\u015ftirilen g\u00fcne\u015f panelleri kendi enerjisini de \u00fcretebilecek.<\/h1>\n<p><strong>Kapal\u0131 konumda<\/strong> iken\u00a0<strong>otomatik pil koruma \u00f6zelli\u011fi<\/strong> ilave edilen ve \u00fczerine <strong>led ampuller<\/strong>in yer ald\u0131\u011f\u0131 plaj \u015femsiyesi plajlarda da yerini ald\u0131.<\/p>\n<p>G\u00fcnd\u00fcz <strong>cep telefonu, tablet<\/strong> ve <strong>diz\u00fcst\u00fc bilgisayar<\/strong> gibi cihazlar\u0131n <strong>elektrik ihtiyac\u0131n\u0131<\/strong> kar\u015f\u0131layan, <strong>gece<\/strong> de <strong>ayd\u0131nlatma imkan\u0131<\/strong> sunan \u00e7ok ama\u00e7l\u0131 \u015femsiyeler\u00a0<strong>2021 yaz sezonu<\/strong>nda sahillerde <strong>rengarenk se\u00e7enekleri<\/strong> ile yerini alacak.<\/p>\n<p><strong><span style=\"color: #993300;\">\u0130leti\u015fim Formunu Doldurun Biz Size Geri D\u00f6n\u00fc\u015f Yapal\u0131m!<\/span><\/strong><\/p>\n<div role=\"form\" class=\"wpcf7\" id=\"wpcf7-f112046-o1\" lang=\"tr-TR\" dir=\"ltr\">\n<div class=\"screen-reader-response\"><p role=\"status\" aria-live=\"polite\" aria-atomic=\"true\"><\/p> <ul><\/ul><\/div>\n<form action=\"\/en\/wp-json\/wp\/v2\/posts\/125574#wpcf7-f112046-o1\" method=\"post\" class=\"wpcf7-form init\" novalidate=\"novalidate\" data-status=\"init\">\n<div style=\"display: none;\">\n<input type=\"hidden\" name=\"_wpcf7\" value=\"112046\" \/>\n<input type=\"hidden\" name=\"_wpcf7_version\" value=\"5.5.6.1\" \/>\n<input type=\"hidden\" name=\"_wpcf7_locale\" value=\"tr_TR\" \/>\n<input type=\"hidden\" name=\"_wpcf7_unit_tag\" value=\"wpcf7-f112046-o1\" \/>\n<input type=\"hidden\" name=\"_wpcf7_container_post\" value=\"0\" \/>\n<input type=\"hidden\" name=\"_wpcf7_posted_data_hash\" value=\"\" \/>\n<\/div>\n<p><label> Ad\u0131n\u0131z (gerekli)<br \/>\n    <span class=\"wpcf7-form-control-wrap your-name\"><input type=\"text\" name=\"your-name\" value=\"\" size=\"40\" class=\"wpcf7-form-control wpcf7-text wpcf7-validates-as-required\" aria-required=\"true\" aria-invalid=\"false\" \/><\/span> <\/label><\/p>\n<p><label> E-posta adresiniz (gerekli)<br \/>\n    <span class=\"wpcf7-form-control-wrap your-email\"><input type=\"email\" name=\"your-email\" value=\"\" size=\"40\" class=\"wpcf7-form-control wpcf7-text wpcf7-email wpcf7-validates-as-required wpcf7-validates-as-email\" aria-required=\"true\" aria-invalid=\"false\" \/><\/span> <\/label><\/p>\n<p><label> Konu<br \/>\n    <span class=\"wpcf7-form-control-wrap your-subject\"><input type=\"text\" name=\"your-subject\" value=\"\" size=\"40\" class=\"wpcf7-form-control wpcf7-text\" aria-invalid=\"false\" \/><\/span> <\/label><\/p>\n<p><label> \u0130letiniz<br \/>\n    <span class=\"wpcf7-form-control-wrap your-message\"><textarea name=\"your-message\" cols=\"40\" rows=\"10\" class=\"wpcf7-form-control wpcf7-textarea\" aria-invalid=\"false\"><\/textarea><\/span> <\/label><\/p>\n<p><input type=\"submit\" value=\"G\u00f6nder\" class=\"wpcf7-form-control has-spinner wpcf7-submit\" \/><\/p>\n<p style=\"display: none !important;\" class=\"akismet-fields-container\" data-prefix=\"_wpcf7_ak_\"><label>&#916;<textarea name=\"_wpcf7_ak_hp_textarea\" cols=\"45\" rows=\"8\" maxlength=\"100\"><\/textarea><\/label><input type=\"hidden\" id=\"ak_js_1\" name=\"_wpcf7_ak_js\" value=\"241\"\/><script>document.getElementById( \"ak_js_1\" ).setAttribute( \"value\", ( new Date() ).getTime() );<\/script><\/p><div class=\"wpcf7-response-output\" aria-hidden=\"true\"><\/div><\/form><\/div>\n<p><em>Etkin M\u00fc\u015fteri Memnuniyeti Politikalar\u0131 Kapsam\u0131nda Taraf\u0131n\u0131za 24 Saat \u0130\u00e7erisinde Geri D\u00f6n\u00fc\u015f Yap\u0131lmaktad\u0131r.<\/em><\/p>","protected":false},"excerpt":{"rendered":"<p>Sorry, this entry is only available in Turkish. For the sake of viewer convenience, the content is shown below in the alternative language. You may click the link to switch the active language. Antalya OSB&#8217;de geli\u015ftirilen g\u00fcne\u015f panelleri ile elektrik \u00fcretilebilen plaj \u015femsiyeleri, turizm sekt\u00f6r\u00fcn\u00fcn dikkatini \u00fczerine \u00e7ekerken Ar-Ge \u00e7al\u0131\u015fmalar\u0131 sonucunda, yaz sezonunda sahilleri dolduran [&hellip;]<\/p>\n","protected":false},"author":1,"featured_media":125577,"comment_status":"open","ping_status":"open","sticky":false,"template":"","format":"standard","meta":[],"categories":[51,53,49],"tags":[83833,11683,5070,52259,53157,83831,83832,83835,83834,57125,54979,62861],"views":242,"_links":{"self":[{"href":"https:\/\/www.enerjigazetesi.ist\/en\/wp-json\/wp\/v2\/posts\/125574"}],"collection":[{"href":"https:\/\/www.enerjigazetesi.ist\/en\/wp-json\/wp\/v2\/posts"}],"about":[{"href":"https:\/\/www.enerjigazetesi.ist\/en\/wp-json\/wp\/v2\/types\/post"}],"author":[{"embeddable":true,"href":"https:\/\/www.enerjigazetesi.ist\/en\/wp-json\/wp\/v2\/users\/1"}],"replies":[{"embeddable":true,"href":"https:\/\/www.enerjigazetesi.ist\/en\/wp-json\/wp\/v2\/comments?post=125574"}],"version-history":[{"count":0,"href":"https:\/\/www.enerjigazetesi.ist\/en\/wp-json\/wp\/v2\/posts\/125574\/revisions"}],"wp:featuredmedia":[{"embeddable":true,"href":"https:\/\/www.enerjigazetesi.ist\/en\/wp-json\/wp\/v2\/media\/125577"}],"wp:attachment":[{"href":"https:\/\/www.enerjigazetesi.ist\/en\/wp-json\/wp\/v2\/media?parent=125574"}],"wp:term":[{"taxonomy":"category","embeddable":true,"href":"https:\/\/www.enerjigazetesi.ist\/en\/wp-json\/wp\/v2\/categories?post=125574"},{"taxonomy":"post_tag","embeddable":true,"href":"https:\/\/www.enerjigazetesi.ist\/en\/wp-json\/wp\/v2\/tags?post=125574"}],"curies":[{"name":"wp","href":"https:\/\/api.w.org\/{rel}","templated":true}]}}