{"id":125564,"date":"2020-12-21T15:03:31","date_gmt":"2020-12-21T12:03:31","guid":{"rendered":"https:\/\/www.enerjigazetesi.ist\/?p=125564"},"modified":"2020-12-21T15:03:31","modified_gmt":"2020-12-21T12:03:31","slug":"enerji-bakanliginin-gunes-santrali-ve-e-sarj-istasyonunun-acilisi-yapildi","status":"publish","type":"post","link":"https:\/\/www.enerjigazetesi.ist\/en\/enerji-bakanliginin-gunes-santrali-ve-e-sarj-istasyonunun-acilisi-yapildi\/","title":{"rendered":"(Turkish) Enerji Bakanl\u0131\u011f\u0131&#8217;n\u0131n G\u00fcne\u015f Santrali ve E-\u015earj \u0130stasyonunun A\u00e7\u0131l\u0131\u015f\u0131 Yap\u0131ld\u0131"},"content":{"rendered":"<p class=\"qtranxs-available-languages-message qtranxs-available-languages-message-en\">Sorry, this entry is only available in <a href=\"https:\/\/www.enerjigazetesi.ist\/tr\/wp-json\/wp\/v2\/posts\/125564\" class=\"qtranxs-available-language-link qtranxs-available-language-link-tr\" title=\"Turkish\">Turkish<\/a>. For the sake of viewer convenience, the content is shown below in the alternative language. You may click the link to switch the active language.<\/p><p><\/p>\n<h1>Enerji ve Tabii Kaynaklar Bakan\u0131 Fatih D\u00f6nmez taraf\u0131ndan Bakanl\u0131k kamp\u00fcs\u00fcnde kurulumu yap\u0131lan g\u00fcne\u015f enerjisi santrali (GES) ve e-\u015farj istasyonlar\u0131n\u0131n a\u00e7\u0131l\u0131\u015f\u0131n\u0131 yapt\u0131.<em><img loading=\"lazy\" class=\"alignright wp-image-125566\" src=\"https:\/\/www.enerjigazetesi.ist\/wp-content\/uploads\/2020\/12\/enerji-bakanligi-nin-gunes-santrali-ve-e-sarj-istasyonunun-acilisi-yapildi.jpg\" alt=\"\" width=\"340\" height=\"224\" srcset=\"https:\/\/www.enerjigazetesi.ist\/wp-content\/uploads\/2020\/12\/enerji-bakanligi-nin-gunes-santrali-ve-e-sarj-istasyonunun-acilisi-yapildi.jpg 741w, https:\/\/www.enerjigazetesi.ist\/wp-content\/uploads\/2020\/12\/enerji-bakanligi-nin-gunes-santrali-ve-e-sarj-istasyonunun-acilisi-yapildi-300x198.jpg 300w, https:\/\/www.enerjigazetesi.ist\/wp-content\/uploads\/2020\/12\/enerji-bakanligi-nin-gunes-santrali-ve-e-sarj-istasyonunun-acilisi-yapildi-500x329.jpg 500w, https:\/\/www.enerjigazetesi.ist\/wp-content\/uploads\/2020\/12\/enerji-bakanligi-nin-gunes-santrali-ve-e-sarj-istasyonunun-acilisi-yapildi-76x50.jpg 76w\" sizes=\"(max-width: 340px) 100vw, 340px\" \/><\/em><\/h1>\n<p>GES&#8217;in <strong>999 kw<\/strong> kurulu g\u00fcce sahip oldu\u011funu belirten D\u00f6nmez, <em>&#8220;Santralimiz, <strong>7 bina<\/strong>da <strong>5 bin 29 metrekare\u00a0<\/strong>\u00e7at\u0131, <strong>2 bina<\/strong>da <strong>165 metrekare<\/strong> cephe ve <strong>353 metrekare<\/strong> otopark \u00fcst\u00fc olmak \u00fczere toplam <strong>5 bin 547 metrekarelik<\/strong> bir alana kuruldu. <strong>\u00c7at\u0131, cephe<\/strong> ve<strong> otopark<\/strong> alan\u0131nda toplamda <strong>2 bin 872 adet<\/strong> <strong>g\u00fcne\u015f paneli<\/strong> kulland\u0131k. Y\u0131ll\u0131k elektrik ihtiyac\u0131n\u0131n <strong>% 17<\/strong>&#8216;sini buradan kar\u015f\u0131layaca\u011f\u0131z. Tabii mevsim \u015fartlar\u0131n\u0131 da g\u00f6z \u00f6n\u00fcne al\u0131rsak bu oran <strong>bahar<\/strong> ve <strong>yaz<\/strong> aylar\u0131nda <strong>% 25<\/strong>&#8216;lere kadar \u00e7\u0131kacak.&#8221;<\/em>\u00a0ifadelerini kulland\u0131.<\/p>\n<p>Bakan D\u00f6nmez, <strong>TEDA\u015e binas\u0131<\/strong>n\u0131n \u00f6n\u00fcndeki park alan\u0131na yap\u0131lan <strong>e-\u015farj istasyonlar\u0131<\/strong>n\u0131n da bug\u00fcn a\u00e7\u0131ld\u0131\u011f\u0131n\u0131 dile getirerek, <em>&#8220;A\u00e7\u0131k otopark\u0131m\u0131za <strong>2<\/strong> adet <strong>50 kilovat<\/strong>\u00a0DC h\u0131zl\u0131 \u015farj ve <strong>22 kilovat<\/strong> AC \u015farj istasyonu kurduk. Her iki \u015farj istasyonumuzun <strong>kablo \u00e7\u0131k\u0131\u015flar\u0131<\/strong> hem Avrupa ve ABD men\u015feli hem de <strong>Uzak Do\u011fu men\u015feli<\/strong> ara\u00e7lar\u0131 \u015farj edebilecek \u015fekilde yap\u0131ld\u0131. B\u00f6ylece \u015farj istasyonumuz d\u00fcnyada \u00fcretilen b\u00fct\u00fcn <strong>elektrikli ara\u00e7lar\u0131n kullan\u0131m\u0131na<\/strong> uygun olacak.&#8221;<\/em> dedi.<\/p>\n<p><b>Elektrikli<\/b> arac\u0131n\u00a0<em>50 kilovat<\/em> <strong>DC \u015farj istasyonu<\/strong>nda yakla\u015f\u0131k<strong> 1,5 saatte<\/strong>, <strong>22 kilovat<\/strong> <strong>AC \u015farj istasyonu<\/strong>nda yakla\u015f\u0131k <strong>2 saat 54 dakikada<\/strong> dolaca\u011f\u0131n\u0131 dile getiren D\u00f6nmez, kamp\u00fcste daha fazla <strong>enerji verimlili\u011fi sa\u011flamak<\/strong> i\u00e7in gerekli <strong>d\u00f6n\u00fc\u015f\u00fcm<\/strong> ve <strong>revizyon<\/strong> \u00e7al\u0131\u015fmalar\u0131n\u0131n s\u00fcrd\u00fcr\u00fcld\u00fc\u011f\u00fcn\u00fc bildirdi.<\/p>","protected":false},"excerpt":{"rendered":"<p>Sorry, this entry is only available in Turkish. For the sake of viewer convenience, the content is shown below in the alternative language. You may click the link to switch the active language. Enerji ve Tabii Kaynaklar Bakan\u0131 Fatih D\u00f6nmez taraf\u0131ndan Bakanl\u0131k kamp\u00fcs\u00fcnde kurulumu yap\u0131lan g\u00fcne\u015f enerjisi santrali (GES) ve e-\u015farj istasyonlar\u0131n\u0131n a\u00e7\u0131l\u0131\u015f\u0131n\u0131 yapt\u0131. GES&#8217;in [&hellip;]<\/p>\n","protected":false},"author":1,"featured_media":125566,"comment_status":"open","ping_status":"open","sticky":false,"template":"","format":"standard","meta":[],"categories":[51,53,52,49],"tags":[83826,83825,5070,54965,52259,26559,27530,21768,53157,57125,54979,793],"views":132,"_links":{"self":[{"href":"https:\/\/www.enerjigazetesi.ist\/en\/wp-json\/wp\/v2\/posts\/125564"}],"collection":[{"href":"https:\/\/www.enerjigazetesi.ist\/en\/wp-json\/wp\/v2\/posts"}],"about":[{"href":"https:\/\/www.enerjigazetesi.ist\/en\/wp-json\/wp\/v2\/types\/post"}],"author":[{"embeddable":true,"href":"https:\/\/www.enerjigazetesi.ist\/en\/wp-json\/wp\/v2\/users\/1"}],"replies":[{"embeddable":true,"href":"https:\/\/www.enerjigazetesi.ist\/en\/wp-json\/wp\/v2\/comments?post=125564"}],"version-history":[{"count":0,"href":"https:\/\/www.enerjigazetesi.ist\/en\/wp-json\/wp\/v2\/posts\/125564\/revisions"}],"wp:featuredmedia":[{"embeddable":true,"href":"https:\/\/www.enerjigazetesi.ist\/en\/wp-json\/wp\/v2\/media\/125566"}],"wp:attachment":[{"href":"https:\/\/www.enerjigazetesi.ist\/en\/wp-json\/wp\/v2\/media?parent=125564"}],"wp:term":[{"taxonomy":"category","embeddable":true,"href":"https:\/\/www.enerjigazetesi.ist\/en\/wp-json\/wp\/v2\/categories?post=125564"},{"taxonomy":"post_tag","embeddable":true,"href":"https:\/\/www.enerjigazetesi.ist\/en\/wp-json\/wp\/v2\/tags?post=125564"}],"curies":[{"name":"wp","href":"https:\/\/api.w.org\/{rel}","templated":true}]}}