{"id":125497,"date":"2020-12-20T23:25:01","date_gmt":"2020-12-20T20:25:01","guid":{"rendered":"https:\/\/www.enerjigazetesi.ist\/?p=125497"},"modified":"2020-12-20T23:25:01","modified_gmt":"2020-12-20T20:25:01","slug":"enerji-ve-tabii-kaynaklar-bakanligi-afad-a-destek-sagladi","status":"publish","type":"post","link":"https:\/\/www.enerjigazetesi.ist\/en\/enerji-ve-tabii-kaynaklar-bakanligi-afad-a-destek-sagladi\/","title":{"rendered":"(Turkish) &#8217;Enerji ve Tabii Kaynaklar Bakanl\u0131\u011f\u0131&#8217; AFAD\u2019a Destek Sa\u011flad\u0131"},"content":{"rendered":"<p class=\"qtranxs-available-languages-message qtranxs-available-languages-message-en\">Sorry, this entry is only available in <a href=\"https:\/\/www.enerjigazetesi.ist\/tr\/wp-json\/wp\/v2\/posts\/125497\" class=\"qtranxs-available-language-link qtranxs-available-language-link-tr\" title=\"Turkish\">Turkish<\/a>. For the sake of viewer convenience, the content is shown below in the alternative language. You may click the link to switch the active language.<\/p><p><\/p>\n<h1><strong>Enerji ve Tabii Kaynaklar Bakan\u0131\u00a0Fatih\u00a0D\u00f6nmez taraf\u0131ndan<\/strong>\u00a081 ilde da\u011f\u0131t\u0131lacak hijyen \u00fcr\u00fcnlerinin t\u0131rlarla g\u00f6nderilmesine y\u00f6nelik Bakanl\u0131k binas\u0131nda yap\u0131lan t\u00f6rende, daha \u00f6nce sa\u011fl\u0131k ve g\u00fcvenlik personeline destek i\u00e7in g\u00f6nderilen hijyen \u00fcr\u00fcnlerinin, yeni sevkle\u00a0<strong>Afet ve Acil Durum Y\u00f6netimi Ba\u015fkanl\u0131\u011f\u0131&#8217;nda (AFAD)<\/strong>\u2018da\u00a0\u00e7al\u0131\u015fan personel ve g\u00f6n\u00fcll\u00fclere iletilece\u011fi dile getirildi.<\/h1>\n<p><strong>Eti Maden<\/strong> taraf\u0131ndan \u00fcretti\u011fi t\u00fcm \u00fcr\u00fcnlerden birer hediye paketi yap\u0131ld\u0131\u011f\u0131n\u0131 s\u00f6yleyen\u00a0<strong>D\u00f6nmez<\/strong>, bunlar\u0131n <strong>AFAD<\/strong>\u2019da \u00e7al\u0131\u015fan\u00a0<strong>t\u00fcm personele<\/strong> ve destek veren <strong>g\u00f6n\u00fcll\u00fc kurulu\u015flara<\/strong> da\u011f\u0131t\u0131laca\u011f\u0131n\u0131 belirtti.<\/p>\n<p style=\"text-align: center;\"><img loading=\"lazy\" class=\"aligncenter wp-image-125499\" src=\"https:\/\/www.enerjigazetesi.ist\/wp-content\/uploads\/2020\/12\/enerji-ve-tabii-kaynaklar-bakanligi-afad-a-destek-sagladi.jpg\" alt=\"\" width=\"650\" height=\"303\" srcset=\"https:\/\/www.enerjigazetesi.ist\/wp-content\/uploads\/2020\/12\/enerji-ve-tabii-kaynaklar-bakanligi-afad-a-destek-sagladi.jpg 693w, https:\/\/www.enerjigazetesi.ist\/wp-content\/uploads\/2020\/12\/enerji-ve-tabii-kaynaklar-bakanligi-afad-a-destek-sagladi-300x140.jpg 300w, https:\/\/www.enerjigazetesi.ist\/wp-content\/uploads\/2020\/12\/enerji-ve-tabii-kaynaklar-bakanligi-afad-a-destek-sagladi-500x233.jpg 500w, https:\/\/www.enerjigazetesi.ist\/wp-content\/uploads\/2020\/12\/enerji-ve-tabii-kaynaklar-bakanligi-afad-a-destek-sagladi-80x37.jpg 80w\" sizes=\"(max-width: 650px) 100vw, 650px\" \/><\/p>\n<p>Bakan\u00a0D\u00f6nmez, T\u00fcrkiye\u2019de meydana gelen <strong>afet<\/strong> ve <strong>depremlere<\/strong> vurgu<span style=\"text-decoration: underline;\"> yaparak:<\/span><\/p>\n<p><em>\u201cOrada b\u00fcy\u00fck fedakarl\u0131klarla \u00e7al\u0131\u015fan insanlar\u0131m\u0131z var. \u015e\u00fcphesiz bu tip hediyelerle onlar\u0131n eme\u011finin kar\u015f\u0131l\u0131\u011f\u0131n\u0131 verme imkan\u0131m\u0131z yok. Bizleri hat\u0131rlamalar\u0131\u00a0a\u00e7\u0131s\u0131ndan, kamuoyunda bir kez daha bu bilinci hat\u0131rlatmak amac\u0131yla bu organizasyonu yapmay\u0131 uygun g\u00f6rd\u00fck.\u201d<\/em><\/p>\n<p>T\u0131rlar\u0131n g\u00f6nderilmesi i\u00e7in <strong>16 Aral\u0131k\u2019ta<\/strong> tan\u0131t\u0131m\u0131\u00a0ger\u00e7ekle\u015ftirilen\u00a0<strong>bula\u015f\u0131k temizlik \u00fcr\u00fcnleri<\/strong>nin \u00e7\u0131kmas\u0131n\u0131 beklediklerini dile getiren\u00a0<strong>D\u00f6nmez<\/strong>, <span style=\"text-decoration: underline;\">\u015funlar\u0131 da s\u00f6yledi:<\/span><\/p>\n<p><em>\u201cSadece \u00e7ama\u015f\u0131r temizlik \u00fcr\u00fcn\u00fc de\u011fil <strong>2 g\u00fcn \u00f6nce de<\/strong> bula\u015f\u0131k temizlik \u00fcr\u00fcn\u00fcn\u00fcn lansman\u0131n\u0131 yaparak t\u00fcketicilere alternatif sunma konusunda bir \u00e7al\u0131\u015fmam\u0131z olmu\u015ftu. O\u00a0\u00fcr\u00fcn\u00fcn de yeti\u015fmesini bekledik. Hepsinden birer paket yaparak <strong>AFAD \u00e7al\u0131\u015fan<\/strong> ve <strong>g\u00f6n\u00fcll\u00fcleri<\/strong>ne buradan yolcu ediyoruz.\u00a0AFAD Ba\u015fkan\u0131 ba\u015fta olmak \u00fczere destek veren <strong>t\u00fcm karde\u015flerimizi minnetle<\/strong> an\u0131yorum. Allah<strong> yar<\/strong> ve <strong>yard\u0131mc\u0131lar\u0131<\/strong> olsun.\u201d<\/em><\/p>","protected":false},"excerpt":{"rendered":"<p>Sorry, this entry is only available in Turkish. For the sake of viewer convenience, the content is shown below in the alternative language. You may click the link to switch the active language. Enerji ve Tabii Kaynaklar Bakan\u0131\u00a0Fatih\u00a0D\u00f6nmez taraf\u0131ndan\u00a081 ilde da\u011f\u0131t\u0131lacak hijyen \u00fcr\u00fcnlerinin t\u0131rlarla g\u00f6nderilmesine y\u00f6nelik Bakanl\u0131k binas\u0131nda yap\u0131lan t\u00f6rende, daha \u00f6nce sa\u011fl\u0131k ve g\u00fcvenlik [&hellip;]<\/p>\n","protected":false},"author":1,"featured_media":125499,"comment_status":"open","ping_status":"open","sticky":false,"template":"","format":"standard","meta":[],"categories":[51,53],"tags":[83772,83769,83758,52259,16147,27530,83770,83771],"views":86,"_links":{"self":[{"href":"https:\/\/www.enerjigazetesi.ist\/en\/wp-json\/wp\/v2\/posts\/125497"}],"collection":[{"href":"https:\/\/www.enerjigazetesi.ist\/en\/wp-json\/wp\/v2\/posts"}],"about":[{"href":"https:\/\/www.enerjigazetesi.ist\/en\/wp-json\/wp\/v2\/types\/post"}],"author":[{"embeddable":true,"href":"https:\/\/www.enerjigazetesi.ist\/en\/wp-json\/wp\/v2\/users\/1"}],"replies":[{"embeddable":true,"href":"https:\/\/www.enerjigazetesi.ist\/en\/wp-json\/wp\/v2\/comments?post=125497"}],"version-history":[{"count":0,"href":"https:\/\/www.enerjigazetesi.ist\/en\/wp-json\/wp\/v2\/posts\/125497\/revisions"}],"wp:featuredmedia":[{"embeddable":true,"href":"https:\/\/www.enerjigazetesi.ist\/en\/wp-json\/wp\/v2\/media\/125499"}],"wp:attachment":[{"href":"https:\/\/www.enerjigazetesi.ist\/en\/wp-json\/wp\/v2\/media?parent=125497"}],"wp:term":[{"taxonomy":"category","embeddable":true,"href":"https:\/\/www.enerjigazetesi.ist\/en\/wp-json\/wp\/v2\/categories?post=125497"},{"taxonomy":"post_tag","embeddable":true,"href":"https:\/\/www.enerjigazetesi.ist\/en\/wp-json\/wp\/v2\/tags?post=125497"}],"curies":[{"name":"wp","href":"https:\/\/api.w.org\/{rel}","templated":true}]}}