{"id":125492,"date":"2020-12-20T23:10:07","date_gmt":"2020-12-20T20:10:07","guid":{"rendered":"https:\/\/www.enerjigazetesi.ist\/?p=125492"},"modified":"2020-12-20T23:10:21","modified_gmt":"2020-12-20T20:10:21","slug":"naturel-yenilenebilir-enerji-italyadan-yilin-yatirimcisi-odulunu-aldi","status":"publish","type":"post","link":"https:\/\/www.enerjigazetesi.ist\/en\/naturel-yenilenebilir-enerji-italyadan-yilin-yatirimcisi-odulunu-aldi\/","title":{"rendered":"(Turkish) Naturel Yenilenebilir Enerji \u0130talya&#8217;dan &#8216;Y\u0131l\u0131n Yat\u0131r\u0131mc\u0131s\u0131 \u00d6d\u00fcl\u00fc&#8217;n\u00fc Ald\u0131"},"content":{"rendered":"<p class=\"qtranxs-available-languages-message qtranxs-available-languages-message-en\">Sorry, this entry is only available in <a href=\"https:\/\/www.enerjigazetesi.ist\/tr\/wp-json\/wp\/v2\/posts\/125492\" class=\"qtranxs-available-language-link qtranxs-available-language-link-tr\" title=\"Turkish\">Turkish<\/a>. For the sake of viewer convenience, the content is shown below in the alternative language. You may click the link to switch the active language.<\/p><p><\/p>\n<div id=\"iceriks\">\n<h1>Naturel\u00a0Yenilenebilir\u00a0Enerji taraf\u0131ndan Kamuyu Ayd\u0131nlatma Platformu&#8217;nda (KAP) yay\u0131mlanan duyuruda, al\u0131nan \u00f6d\u00fcl\u00fcn \u0130talya&#8217;da yap\u0131lm\u0131\u015f olunan g\u00fcne\u015f\u00a0enerjisi proje geli\u015ftirme ve elektrik\u00a0\u00fcretimine y\u00f6nelik yat\u0131r\u0131mlar\u0131ndan dolay\u0131 verildi\u011fi belirtildi.<\/h1>\n<p><img loading=\"lazy\" class=\"alignright wp-image-125494\" src=\"https:\/\/www.enerjigazetesi.ist\/wp-content\/uploads\/2020\/12\/naturel-yenilenebilir-enerji-italya-dan-yilin-yatirimcisi-odulunu-aldi.jpg\" alt=\"\" width=\"320\" height=\"185\" srcset=\"https:\/\/www.enerjigazetesi.ist\/wp-content\/uploads\/2020\/12\/naturel-yenilenebilir-enerji-italya-dan-yilin-yatirimcisi-odulunu-aldi.jpg 683w, https:\/\/www.enerjigazetesi.ist\/wp-content\/uploads\/2020\/12\/naturel-yenilenebilir-enerji-italya-dan-yilin-yatirimcisi-odulunu-aldi-300x173.jpg 300w, https:\/\/www.enerjigazetesi.ist\/wp-content\/uploads\/2020\/12\/naturel-yenilenebilir-enerji-italya-dan-yilin-yatirimcisi-odulunu-aldi-500x288.jpg 500w, https:\/\/www.enerjigazetesi.ist\/wp-content\/uploads\/2020\/12\/naturel-yenilenebilir-enerji-italya-dan-yilin-yatirimcisi-odulunu-aldi-80x46.jpg 80w\" sizes=\"(max-width: 320px) 100vw, 320px\" \/>Firmadan yap\u0131lan a\u00e7\u0131klamada,\u00a0<strong>Naturel\u00a0Enerji<\/strong>&#8216;nin <strong>2020&#8217;de\u00a0<\/strong>\u0130talya\u2019da<strong> Kurteks Tekstil<\/strong> ile s\u00f6zle\u015fme bedeli\u00a0KDV hari\u00e7 <strong>45 milyon avro<\/strong> olan <strong>50 megavatl\u0131k<\/strong> <em>g\u00fcne\u015f\u00a0enerjisi santrali projesi<\/em> ve\u00a0<strong>Berkteks \u0130nsaat<\/strong> ile toplam proje bedeli\u00a0KDV dahil <strong>65.4 milyon avroya<\/strong> ula\u015fan <strong>11 megavatl\u0131k<\/strong> g\u00fcne\u015f\u00a0enerjisi santral\u0131 projesi imzalad\u0131\u011f\u0131 belirtildi.<\/p>\n<p>Bu projelerin <strong>nitelik, yer<\/strong> ve<strong> i\u00e7erik<\/strong> a\u00e7\u0131s\u0131ndan \u00f6nemli yat\u0131r\u0131mlar oldu\u011funun dile getirildi\u011fi a\u00e7\u0131klamada;\u00a0<em>&#8220;<strong>\u0130talya Palermo<\/strong> da \u015fube a\u00e7\u0131l\u0131\u015f\u0131 ile <strong>arazi<\/strong> ve <strong>\u015febeke ba\u011flant\u0131 ba\u015fvurular\u0131<\/strong> ger\u00e7ekle\u015ftirilmi\u015ftir. Bunlara ek olarak Naturel\u00a0Enerji\u00a0hem kendi yat\u0131r\u0131mlar\u0131 hem de yeni m\u00fc\u015fterileri i\u00e7in <strong>\u0130talya<\/strong> ve <strong>G\u00fcney Avrupa<\/strong>\u2019da <strong>proje geli\u015ftirme<\/strong> ve <strong>yeni yat\u0131r\u0131m \u00e7al\u0131\u015fmalar\u0131na<\/strong> devam etmektedir. Bu kapsamda <strong>\u0130talya Ticaret ve Sanayi Odas\u0131<\/strong> taraf\u0131ndan <strong>Naturel\u00a0Enerji<\/strong>\u2019nin<strong> \u0130talya<\/strong> ve <strong>T\u00fcrkiye<\/strong> aras\u0131ndaki ekonomik ili\u015fkilerin derinle\u015fmesine ve geli\u015fmesine katk\u0131lar\u0131 takdir g\u00f6rm\u00fc\u015f, <strong>2020 Y\u0131l\u0131n Yat\u0131r\u0131mc\u0131s\u0131 unvan\u0131<\/strong> ile \u00f6d\u00fcllendirilmi\u015ftir.&#8221;\u00a0<\/em>ifadeleri kullan\u0131ld\u0131.<\/p>\n<\/div>\n<p><\/p>","protected":false},"excerpt":{"rendered":"<p>Sorry, this entry is only available in Turkish. For the sake of viewer convenience, the content is shown below in the alternative language. You may click the link to switch the active language. Naturel\u00a0Yenilenebilir\u00a0Enerji taraf\u0131ndan Kamuyu Ayd\u0131nlatma Platformu&#8217;nda (KAP) yay\u0131mlanan duyuruda, al\u0131nan \u00f6d\u00fcl\u00fcn \u0130talya&#8217;da yap\u0131lm\u0131\u015f olunan g\u00fcne\u015f\u00a0enerjisi proje geli\u015ftirme ve elektrik\u00a0\u00fcretimine y\u00f6nelik yat\u0131r\u0131mlar\u0131ndan dolay\u0131 verildi\u011fi [&hellip;]<\/p>\n","protected":false},"author":1,"featured_media":125494,"comment_status":"open","ping_status":"open","sticky":false,"template":"","format":"standard","meta":[],"categories":[51,53,49],"tags":[5070,43864,52259,45942,53157,83767,60520,60974,78755,80493,83768,83766,54979],"views":162,"_links":{"self":[{"href":"https:\/\/www.enerjigazetesi.ist\/en\/wp-json\/wp\/v2\/posts\/125492"}],"collection":[{"href":"https:\/\/www.enerjigazetesi.ist\/en\/wp-json\/wp\/v2\/posts"}],"about":[{"href":"https:\/\/www.enerjigazetesi.ist\/en\/wp-json\/wp\/v2\/types\/post"}],"author":[{"embeddable":true,"href":"https:\/\/www.enerjigazetesi.ist\/en\/wp-json\/wp\/v2\/users\/1"}],"replies":[{"embeddable":true,"href":"https:\/\/www.enerjigazetesi.ist\/en\/wp-json\/wp\/v2\/comments?post=125492"}],"version-history":[{"count":0,"href":"https:\/\/www.enerjigazetesi.ist\/en\/wp-json\/wp\/v2\/posts\/125492\/revisions"}],"wp:featuredmedia":[{"embeddable":true,"href":"https:\/\/www.enerjigazetesi.ist\/en\/wp-json\/wp\/v2\/media\/125494"}],"wp:attachment":[{"href":"https:\/\/www.enerjigazetesi.ist\/en\/wp-json\/wp\/v2\/media?parent=125492"}],"wp:term":[{"taxonomy":"category","embeddable":true,"href":"https:\/\/www.enerjigazetesi.ist\/en\/wp-json\/wp\/v2\/categories?post=125492"},{"taxonomy":"post_tag","embeddable":true,"href":"https:\/\/www.enerjigazetesi.ist\/en\/wp-json\/wp\/v2\/tags?post=125492"}],"curies":[{"name":"wp","href":"https:\/\/api.w.org\/{rel}","templated":true}]}}