{"id":12543,"date":"2013-07-01T16:46:41","date_gmt":"2013-07-01T13:46:41","guid":{"rendered":"https:\/\/www.enerjigazetesi.ist\/?p=12543"},"modified":"2013-07-01T16:46:41","modified_gmt":"2013-07-01T13:46:41","slug":"bakan-yildiz-hedefimiz-evlerin-yuzde-85%e2%80%b2ine-dogalgaz-ulastirmak","status":"publish","type":"post","link":"https:\/\/www.enerjigazetesi.ist\/en\/bakan-yildiz-hedefimiz-evlerin-yuzde-85%e2%80%b2ine-dogalgaz-ulastirmak\/","title":{"rendered":"(Turkish) Bakan Y\u0131ld\u0131z: \u201cHedefimiz Evlerin Y\u00fczde 85\u2032ine Do\u011falgaz Ula\u015ft\u0131rmak\u201d"},"content":{"rendered":"<p class=\"qtranxs-available-languages-message qtranxs-available-languages-message-en\">Sorry, this entry is only available in <a href=\"https:\/\/www.enerjigazetesi.ist\/tr\/wp-json\/wp\/v2\/posts\/12543\" class=\"qtranxs-available-language-link qtranxs-available-language-link-tr\" title=\"Turkish\">Turkish<\/a>. For the sake of viewer convenience, the content is shown below in the alternative language. You may click the link to switch the active language.<\/p><p><strong>Bakan Y\u0131ld\u0131z: \u201c\u0130GDA\u015e da \u00f6n\u00fcm\u00fczdeki s\u00fcre\u00e7te \u00f6zelle\u015fmi\u015f olacakt\u0131r. \u0130GDA\u015e\u2019\u0131n \u00d6zelle\u015ftirme \u0130daresi Ba\u015fkanl\u0131\u011f\u0131nca \u00f6zelle\u015ftirilece\u011fine dair kesin bir h\u00fck\u00fcm olu\u015fmad\u0131, g\u00f6r\u00fc\u015fmeler devam ediyor\u201d&#8221;(Kaya gaz\u0131na ili\u015fkin \u00e7al\u0131\u015fmalar) Protesto olursa, pe\u015finen s\u00f6yleyeyim, bunun do\u011falgaz ithalat lobisiyle alakal\u0131 oldu\u011funa h\u00fckmedece\u011fim\u201d&#8221;En az y\u00fczde 83-85\u2032lik dilime ula\u015f\u0131p, vatanda\u015f\u0131n art\u0131k evlerinde do\u011falgaz\u0131 kullanabilmesi hedefimizdir.\u201d<\/strong><\/p>\n<p>Enerji ve Tabii Kaynaklar Bakan\u0131 Taner Y\u0131ld\u0131z, \u201c\u0130GDA\u015e da \u00f6n\u00fcm\u00fczdeki s\u00fcre\u00e7te \u00f6zelle\u015fmi\u015f olacakt\u0131r. \u0130GDA\u015e\u2019\u0131n \u00d6zelle\u015ftirme \u0130daresi Ba\u015fkanl\u0131\u011f\u0131nca \u00f6zelle\u015ftirilece\u011fine dair kesin bir h\u00fck\u00fcm olu\u015fmad\u0131, g\u00f6r\u00fc\u015fmeler devam ediyor\u201d dedi.<\/p>\n<p>Y\u0131ld\u0131z, T\u00fcrkiye Do\u011falgaz Da\u011f\u0131t\u0131c\u0131lar\u0131 Birli\u011fi Derne\u011fi (GAZB\u0130R) Y\u00f6netim Kurulu Ba\u015fkan ve \u00fcyelerini Bakanl\u0131kta kabul\u00fc s\u0131ras\u0131nda bas\u0131n mensuplar\u0131n\u0131n sorular\u0131n\u0131 yan\u0131tlad\u0131.<\/p>\n<p><a href=\"https:\/\/www.enerjigazetesi.ist\/wp-content\/uploads\/2013\/07\/hedefimiz-evlerin-yuzde-85-ine-dogalgazi-ulastirmak.jpg\"><img loading=\"lazy\" class=\"alignright size-medium wp-image-12544\" title=\"hedefimiz-evlerin-yuzde-85-ine-dogalgazi-ulastirmak\" src=\"https:\/\/www.enerjigazetesi.ist\/wp-content\/uploads\/2013\/07\/hedefimiz-evlerin-yuzde-85-ine-dogalgazi-ulastirmak-300x199.jpg\" alt=\"\" width=\"300\" height=\"199\" srcset=\"https:\/\/www.enerjigazetesi.ist\/wp-content\/uploads\/2013\/07\/hedefimiz-evlerin-yuzde-85-ine-dogalgazi-ulastirmak-300x199.jpg 300w, https:\/\/www.enerjigazetesi.ist\/wp-content\/uploads\/2013\/07\/hedefimiz-evlerin-yuzde-85-ine-dogalgazi-ulastirmak-500x332.jpg 500w, https:\/\/www.enerjigazetesi.ist\/wp-content\/uploads\/2013\/07\/hedefimiz-evlerin-yuzde-85-ine-dogalgazi-ulastirmak-75x50.jpg 75w, https:\/\/www.enerjigazetesi.ist\/wp-content\/uploads\/2013\/07\/hedefimiz-evlerin-yuzde-85-ine-dogalgazi-ulastirmak.jpg 505w\" sizes=\"(max-width: 300px) 100vw, 300px\" \/><\/a>Bir gazetecinin do\u011falgaz ithalat\u0131n\u0131n azalt\u0131lmas\u0131na ili\u015fkin de\u011ferlendirmesini istemesi \u00fczerine Y\u0131ld\u0131z, kaya gaz\u0131na ili\u015fkin \u00e7al\u0131\u015fmalar\u0131n bu y\u00f6nde oldu\u011funu s\u00f6yledi.<\/p>\n<p>Kaya gaz\u0131 \u00fcretim \u00e7al\u0131\u015fmalar\u0131na y\u00f6nelik protestolar olmamas\u0131 y\u00f6n\u00fcnde temennide bulunan Y\u0131ld\u0131z, \u201cBizim ithalat\u0131m\u0131z\u0131 azaltmam\u0131zla alakal\u0131 a\u00e7\u0131k bir hedefimiz varken, temiz hava, temiz \u00e7evre ile alakal\u0131 hedeflerimiz varken, do\u011falgaz\u0131n konutlarda, sanayide ve hava kirlili\u011fini \u00f6nleyen b\u00fct\u00fcn projelerde yer almas\u0131n\u0131 isterken, e\u011fer b\u00f6yle bir protesto olursa, pe\u015finen s\u00f6yleyeyim, bunun do\u011falgaz ithalat lobisiyle alakal\u0131 oldu\u011funa h\u00fckmedece\u011fim\u201d diye konu\u015ftu.<\/p>\n<p>N\u00fcfusu 10 binin \u00fczerindeki il\u00e7elerde abonelerden y\u00fczde 60\u2032tan fazlas\u0131n\u0131n do\u011falgaz talep etmesi halinde BOTA\u015e arac\u0131l\u0131\u011f\u0131yla iletim hatt\u0131 g\u00f6t\u00fcr\u00fclece\u011fini anlatan Y\u0131ld\u0131z, \u201cEn az y\u00fczde 83-85\u2032lik dilime ula\u015f\u0131p, vatanda\u015f\u0131n art\u0131k evlerinde do\u011falgaz\u0131 kullanabilmesi hedefimizdir\u201d diye konu\u015ftu.<\/p>\n<h2>Takvimi \u0130GDA\u015e ve \u0130stanbul B\u00fcy\u00fck\u015fehir Belediyesi belirleyecek<\/h2>\n<p>Bakan Y\u0131ld\u0131z, \u0130GDA\u015e\u2019\u0131n \u00f6zelle\u015ftirilmesine ili\u015fkin bir soruyu yan\u0131tlarken, \u0130GDA\u015e\u2019\u0131n m\u00fclkiyetinin \u0130stanbul B\u00fcy\u00fck\u015fehir Belediyesine ait oldu\u011funu an\u0131msatarak, Bakanl\u0131\u011f\u0131ndan herhangi bir bilgi talebinde bulunulmas\u0131 halinde yard\u0131mc\u0131 olabileceklerini s\u00f6yledi.<\/p>\n<p>Bu konuda as\u0131l takvimi \u0130GDA\u015e ve \u0130stanbul B\u00fcy\u00fck\u015fehir Belediyesinin belirleyece\u011fini belirten Y\u0131ld\u0131z, do\u011falgaz konusunda T\u00fcrkiye\u2019de da\u011f\u0131t\u0131m\u0131 kamu veya belediyeler taraf\u0131ndan yap\u0131lmayan \u00f6zel sekt\u00f6r olu\u015fturmay\u0131 hedeflediklerini, Ba\u015fkent Do\u011fal Gaz\u2019\u0131n da\u011f\u0131t\u0131m ihalesinin tamamland\u0131\u011f\u0131n\u0131 hat\u0131rlatt\u0131. Y\u0131ld\u0131z, \u201cGeriye \u0130GDA\u015e kal\u0131yor. \u0130GDA\u015e da \u00f6n\u00fcm\u00fczdeki s\u00fcre\u00e7te \u00f6zelle\u015fmi\u015f olacakt\u0131r\u201d dedi. Bakan Y\u0131ld\u0131z, \u0130GDA\u015e\u2019\u0131n \u00d6zelle\u015ftirme \u0130daresi Ba\u015fkanl\u0131\u011f\u0131nca \u00f6zelle\u015ftirilece\u011fine dair kesin bir h\u00fck\u00fcm olu\u015fmad\u0131\u011f\u0131n\u0131, g\u00f6r\u00fc\u015fmelerin devam etti\u011fini bildirdi.<\/p>\n<p>Bakan Y\u0131ld\u0131z, ba\u015fka bir soru \u00fczerine, Yozgat\u2019ta uranyum \u00e7\u0131kart\u0131lmas\u0131na ili\u015fkin \u00f6zel sekt\u00f6r\u00fcn \u00e7al\u0131\u015fma yapt\u0131\u011f\u0131n\u0131 an\u0131msatt\u0131. Uranyum gibi baz\u0131 madenlerin \u00e7\u0131kart\u0131lmas\u0131n\u0131n serbest oldu\u011funu ancak ihracat\u0131n\u0131n \u00f6zel izne tabii oldu\u011funu vurgulayan Y\u0131ld\u0131z, n\u00fckleer g\u00fc\u00e7 santralleriyle alakal\u0131 T\u00fcrkiye\u2019nin g\u00fcndemine gelen yeni konular\u0131n bulundu\u011funu, kaynaklar\u0131 \u00fclkenin lehine kullanacaklar\u0131n\u0131 s\u00f6yledi.<\/p>\n<p>Kaynak: <a href=\"http:\/\/enerjienstitusu.com\/2013\/07\/01\/bakan-yildiz-hedefimiz-evlerin-yuzde-85ine-dogalgaz-ulastirmak\/\" target=\"_blank\">Enerji Enstit\u00fcs\u00fc<\/a><\/p>","protected":false},"excerpt":{"rendered":"<p>Sorry, this entry is only available in Turkish. For the sake of viewer convenience, the content is shown below in the alternative language. You may click the link to switch the active language.Bakan Y\u0131ld\u0131z: \u201c\u0130GDA\u015e da \u00f6n\u00fcm\u00fczdeki s\u00fcre\u00e7te \u00f6zelle\u015fmi\u015f olacakt\u0131r. \u0130GDA\u015e\u2019\u0131n \u00d6zelle\u015ftirme \u0130daresi Ba\u015fkanl\u0131\u011f\u0131nca \u00f6zelle\u015ftirilece\u011fine dair kesin bir h\u00fck\u00fcm olu\u015fmad\u0131, g\u00f6r\u00fc\u015fmeler devam ediyor\u201d&#8221;(Kaya gaz\u0131na ili\u015fkin [&hellip;]<\/p>\n","protected":false},"author":1,"featured_media":12544,"comment_status":"open","ping_status":"open","sticky":false,"template":"","format":"standard","meta":[],"categories":[46,53],"tags":[710,92,226,63,67,165,6466,1690,6464,667,6465],"views":671,"_links":{"self":[{"href":"https:\/\/www.enerjigazetesi.ist\/en\/wp-json\/wp\/v2\/posts\/12543"}],"collection":[{"href":"https:\/\/www.enerjigazetesi.ist\/en\/wp-json\/wp\/v2\/posts"}],"about":[{"href":"https:\/\/www.enerjigazetesi.ist\/en\/wp-json\/wp\/v2\/types\/post"}],"author":[{"embeddable":true,"href":"https:\/\/www.enerjigazetesi.ist\/en\/wp-json\/wp\/v2\/users\/1"}],"replies":[{"embeddable":true,"href":"https:\/\/www.enerjigazetesi.ist\/en\/wp-json\/wp\/v2\/comments?post=12543"}],"version-history":[{"count":2,"href":"https:\/\/www.enerjigazetesi.ist\/en\/wp-json\/wp\/v2\/posts\/12543\/revisions"}],"predecessor-version":[{"id":12546,"href":"https:\/\/www.enerjigazetesi.ist\/en\/wp-json\/wp\/v2\/posts\/12543\/revisions\/12546"}],"wp:featuredmedia":[{"embeddable":true,"href":"https:\/\/www.enerjigazetesi.ist\/en\/wp-json\/wp\/v2\/media\/12544"}],"wp:attachment":[{"href":"https:\/\/www.enerjigazetesi.ist\/en\/wp-json\/wp\/v2\/media?parent=12543"}],"wp:term":[{"taxonomy":"category","embeddable":true,"href":"https:\/\/www.enerjigazetesi.ist\/en\/wp-json\/wp\/v2\/categories?post=12543"},{"taxonomy":"post_tag","embeddable":true,"href":"https:\/\/www.enerjigazetesi.ist\/en\/wp-json\/wp\/v2\/tags?post=12543"}],"curies":[{"name":"wp","href":"https:\/\/api.w.org\/{rel}","templated":true}]}}