{"id":125413,"date":"2020-12-19T12:54:04","date_gmt":"2020-12-19T09:54:04","guid":{"rendered":"https:\/\/www.enerjigazetesi.ist\/?p=125413"},"modified":"2020-12-19T12:54:04","modified_gmt":"2020-12-19T09:54:04","slug":"dunyada-cigir-acan-turk-bilim-insanlarina-biderden-is-birligi-cagrisi","status":"publish","type":"post","link":"https:\/\/www.enerjigazetesi.ist\/en\/dunyada-cigir-acan-turk-bilim-insanlarina-biderden-is-birligi-cagrisi\/","title":{"rendered":"(Turkish) D\u00fcnya&#8217;da \u00c7\u0131\u011f\u0131r A\u00e7an T\u00fcrk Bilim \u0130nsanlar\u0131na B\u0130DER\u2019den \u0130\u015f Birli\u011fi \u00c7a\u011fr\u0131s\u0131!"},"content":{"rendered":"<p class=\"qtranxs-available-languages-message qtranxs-available-languages-message-en\">Sorry, this entry is only available in <a href=\"https:\/\/www.enerjigazetesi.ist\/tr\/wp-json\/wp\/v2\/posts\/125413\" class=\"qtranxs-available-language-link qtranxs-available-language-link-tr\" title=\"Turkish\">Turkish<\/a>. For the sake of viewer convenience, the content is shown below in the alternative language. You may click the link to switch the active language.<\/p><p><\/p>\n<h1><strong>Global Bili\u015fim Derne\u011fi (B\u0130DER) Ba\u015fkan\u0131 \u015eenol Vatansever taraf\u0131ndan hayatlar\u0131n\u0131 yurt d\u0131\u015f\u0131nda s\u00fcrd\u00fcren T\u00fcrklerin son d\u00f6nemde bilim d\u00fcnyas\u0131na\u00a0damga vuran ba\u015far\u0131lar\u0131 ile gurur duyduklar\u0131 ve onlarla i\u015f birli\u011fi yapmaya a\u00e7\u0131k olduklar\u0131 dile getirildi.<\/strong><\/h1>\n<p><strong>\u201cKo\u00e7 \u00dcniversitesi Rahmi M. Ko\u00e7 Bilim Madalyas\u0131\u201d<\/strong> <em>2019-2020 y\u0131l\u0131 \u00f6d\u00fclleri<\/em>, d\u00fcnya \u00e7ap\u0131nda ses getiren ve di\u011fer ara\u015ft\u0131rmac\u0131lara ilham veren \u00e7al\u0131\u015fmalar\u0131 nedeniyle<strong> iki kad\u0131n bilim insan\u0131na<\/strong> <img loading=\"lazy\" class=\"alignright wp-image-125415\" src=\"https:\/\/www.enerjigazetesi.ist\/wp-content\/uploads\/2020\/12\/dunya-da-cigir-acan-turk-bilim-insanlarina-biderden-is-birligi-cagrisi-1.jpg\" alt=\"\" width=\"320\" height=\"213\" srcset=\"https:\/\/www.enerjigazetesi.ist\/wp-content\/uploads\/2020\/12\/dunya-da-cigir-acan-turk-bilim-insanlarina-biderden-is-birligi-cagrisi-1.jpg 732w, https:\/\/www.enerjigazetesi.ist\/wp-content\/uploads\/2020\/12\/dunya-da-cigir-acan-turk-bilim-insanlarina-biderden-is-birligi-cagrisi-1-300x200.jpg 300w, https:\/\/www.enerjigazetesi.ist\/wp-content\/uploads\/2020\/12\/dunya-da-cigir-acan-turk-bilim-insanlarina-biderden-is-birligi-cagrisi-1-500x333.jpg 500w, https:\/\/www.enerjigazetesi.ist\/wp-content\/uploads\/2020\/12\/dunya-da-cigir-acan-turk-bilim-insanlarina-biderden-is-birligi-cagrisi-1-75x50.jpg 75w, https:\/\/www.enerjigazetesi.ist\/wp-content\/uploads\/2020\/12\/dunya-da-cigir-acan-turk-bilim-insanlarina-biderden-is-birligi-cagrisi-1-450x300.jpg 450w\" sizes=\"(max-width: 320px) 100vw, 320px\" \/>d\u00fczenlenen <strong>online t\u00f6renle<\/strong> takdim edildi.<\/p>\n<p>Bu kapsamda,<strong> 2019 y\u0131l\u0131na<\/strong> ait \u00f6d\u00fcl, <em>\u201c\u0130ktisadi, \u0130dari, Sosyal, \u0130nsani Bilimler ve Hukuk\u201d<\/em> alanlar\u0131nda \u00e7\u0131\u011f\u0131r a\u00e7\u0131c\u0131 \u00e7al\u0131\u015fmalar ger\u00e7ekle\u015ftiren Cornell \u00dcniversitesi Ekonomi ve Toplum \u00c7al\u0131\u015fmalar\u0131 Merkezi Direkt\u00f6r\u00fc ve Cornell \u00dcniversitesi Sosyoloji B\u00f6l\u00fcm\u00fc \u00d6\u011fretim \u00dcyesi Prof. Dr. Filiz Garip\u2019in oldu.<\/p>\n<p>Bu y\u0131lki \u00f6d\u00fcl\u00fc ise <em>\u201cFen, M\u00fchendislik ve T\u0131p Bilimleri\u201d<\/em> alan\u0131nda \u00e7al\u0131\u015fmalar ger\u00e7ekle\u015ftiren \u0130svi\u00e7re&#8217;de \u00c9cole Polytechnique F\u00e9d\u00e9rale de Lausanne (EPFL) Fotonik Doktora Okulu Direkt\u00f6r\u00fc ve Biyom\u00fchendislik Enstit\u00fcs\u00fc&#8217;nde \u00d6\u011fretim \u00dcyesi olan Prof. Dr. Hatice Altu\u011f\u2019a verildi.<\/p>\n<p><strong>B\u0130DER Ba\u015fkan\u0131 \u015eenol Vatansever<\/strong>, yurt d\u0131\u015f\u0131ndaki<strong> sivil toplum kurulu\u015flar\u0131<\/strong> ve<strong> T\u00fcrkler<\/strong> ile ortak \u00e7al\u0131\u015fmalar ve <strong>i\u015f birlikleri yapmak<\/strong> istediklerini belirtti.<\/p>\n<p>Farkl\u0131 \u00fclkelerdeki T\u00fcrkler ile ileti\u015fime ge\u00e7tiklerini kaydeden <strong>Vatansever<\/strong>,\u00a0<em>\u201cBirbirine benzer hikayeleri olanlar da var, birbirinden \u00e7ok farkl\u0131 hikayeleri olanlar da\u2026 Hepsinin orta noktalar\u0131 vatan sevgisi ve vatan hasreti. T\u00fcrkiye\u2019de yeti\u015fmi\u015f i\u015f g\u00fcc\u00fcn\u00fcn maalesef son y\u0131llarda yo\u011fun olarak yurt d\u0131\u015f\u0131na yerle\u015fmek \u00fczere gitti\u011fini g\u00f6r\u00fcyoruz. Beyin g\u00f6\u00e7\u00fcn\u00fcn temelinde a\u011f\u0131rl\u0131kl\u0131 olarak ekonomik sebepler var. Tersine beyin g\u00f6\u00e7\u00fc olarak ifade edebilece\u011fimiz, \u00e7al\u0131\u015fmalar\u0131n\u0131 yurt d\u0131\u015f\u0131nda s\u00fcrd\u00fcren bilim insanlar\u0131n\u0131n T\u00fcrkiye&#8217;ye d\u00f6nmelerini te\u015fvik etmek amac\u0131yla hayata ge\u00e7irilen ve Sanayi ve Teknoloji Bakan\u0131 Mustafa Varank\u2019\u0131n tam destek verdi\u011fi \u2018Uluslararas\u0131 Lider Ara\u015ft\u0131rmac\u0131lar Program\u0131\u2019 gibi \u00e7al\u0131\u015fmalar yap\u0131lmas\u0131n\u0131 \u00f6nemli g\u00f6r\u00fcyoruz.\u201d<\/em> de\u011ferlendirmesini yapt\u0131.<\/p>\n<p><strong>Tersine beyin g\u00f6\u00e7\u00fcn\u00fcn<\/strong> en iyi imkanlar\u0131n sa\u011flanmas\u0131 durumunda bile s\u0131n\u0131rl\u0131 say\u0131da kalmas\u0131n\u0131n do\u011fal kar\u015f\u0131lanmas\u0131 gerekti\u011finin alt\u0131n\u0131 \u00e7izen <strong>Vatansever<\/strong>, <span style=\"text-decoration: underline;\">\u015f\u00f6yle devam etti:<\/span><\/p>\n<p><em>\u201cBeyin g\u00f6\u00e7\u00fcne sebep olan ya da tersine beyin g\u00f6\u00e7\u00fcne de sebep olan ko\u015fullar rutin bir hayat s\u00fcrerken olu\u015fmuyor. Y\u0131k\u0131c\u0131 etkilerle beraber adeta gemilerin yak\u0131lmas\u0131 ile tetikleniyor. Bu sebeple tersine beyin g\u00f6\u00e7\u00fcne y\u00f6nlendirebilecek kesin bir form\u00fcl oldu\u011funu d\u00fc\u015f\u00fcnm\u00fcyorum. \u0130llaki tersine beyin g\u00f6\u00e7\u00fc olmas\u0131 da gerekmiyor. <strong>Prof. Dr. Filiz Garip<\/strong> ve<strong> Prof. Dr. Hatice Altu\u011f<\/strong> gibi de\u011ferli bilim insanlar\u0131n\u0131n ya da teknoloji alan\u0131nda \u00e7al\u0131\u015fan de\u011ferli beyaz yakal\u0131lar\u0131n bulunduklar\u0131 \u00fclkelerdeki varl\u0131klar\u0131 T\u00fcrkiye\u2019den desteklenebilir. Onlara destek verebilece\u011fimiz, onlar\u0131n bilgi birikimlerinden ve tecr\u00fcbelerinden yararlanabilece\u011fimiz modeller ve ileti\u015fim kanallar\u0131 olu\u015fturulabilir. Gen\u00e7lerimizin d\u00fcnyada yapt\u0131\u011f\u0131 ba\u015far\u0131l\u0131 \u00e7al\u0131\u015fmalarla \u00e7\u0131\u011f\u0131r a\u00e7an T\u00fcrkleri tan\u0131malar\u0131n\u0131 ve kendilerine rol model olarak almalar\u0131n\u0131 istiyoruz. Bunun i\u00e7in uygun zeminleri haz\u0131rlama sorumlulu\u011fumuz var. <strong>2021<\/strong> y\u0131l\u0131nda <strong>B\u0130DER<\/strong> olarak bu konulara daha fazla e\u011filece\u011fiz.\u201d<\/em><\/p>\n<p><strong>Global Bili\u015fim Derne\u011fi (B\u0130DER)<\/strong><\/p>\n<p><a href=\"mailto:bilgi@bilisimdernegi.org\" target=\"_blank\" rel=\"nofollow noopener\">bilgi@bilisimdernegi.org<\/a><\/p>\n<p><a href=\"https:\/\/www.bilisimdernegi.org\" target=\"_blank\" rel=\"nofollow noopener\">www.bilisimdernegi.org<\/a><\/p>","protected":false},"excerpt":{"rendered":"<p>Sorry, this entry is only available in Turkish. For the sake of viewer convenience, the content is shown below in the alternative language. You may click the link to switch the active language. Global Bili\u015fim Derne\u011fi (B\u0130DER) Ba\u015fkan\u0131 \u015eenol Vatansever taraf\u0131ndan hayatlar\u0131n\u0131 yurt d\u0131\u015f\u0131nda s\u00fcrd\u00fcren T\u00fcrklerin son d\u00f6nemde bilim d\u00fcnyas\u0131na\u00a0damga vuran ba\u015far\u0131lar\u0131 ile gurur duyduklar\u0131 [&hellip;]<\/p>\n","protected":false},"author":1,"featured_media":125416,"comment_status":"open","ping_status":"open","sticky":false,"template":"","format":"standard","meta":[],"categories":[53,157],"tags":[83630,83631,52259,83629,82611,65918],"views":121,"_links":{"self":[{"href":"https:\/\/www.enerjigazetesi.ist\/en\/wp-json\/wp\/v2\/posts\/125413"}],"collection":[{"href":"https:\/\/www.enerjigazetesi.ist\/en\/wp-json\/wp\/v2\/posts"}],"about":[{"href":"https:\/\/www.enerjigazetesi.ist\/en\/wp-json\/wp\/v2\/types\/post"}],"author":[{"embeddable":true,"href":"https:\/\/www.enerjigazetesi.ist\/en\/wp-json\/wp\/v2\/users\/1"}],"replies":[{"embeddable":true,"href":"https:\/\/www.enerjigazetesi.ist\/en\/wp-json\/wp\/v2\/comments?post=125413"}],"version-history":[{"count":0,"href":"https:\/\/www.enerjigazetesi.ist\/en\/wp-json\/wp\/v2\/posts\/125413\/revisions"}],"wp:featuredmedia":[{"embeddable":true,"href":"https:\/\/www.enerjigazetesi.ist\/en\/wp-json\/wp\/v2\/media\/125416"}],"wp:attachment":[{"href":"https:\/\/www.enerjigazetesi.ist\/en\/wp-json\/wp\/v2\/media?parent=125413"}],"wp:term":[{"taxonomy":"category","embeddable":true,"href":"https:\/\/www.enerjigazetesi.ist\/en\/wp-json\/wp\/v2\/categories?post=125413"},{"taxonomy":"post_tag","embeddable":true,"href":"https:\/\/www.enerjigazetesi.ist\/en\/wp-json\/wp\/v2\/tags?post=125413"}],"curies":[{"name":"wp","href":"https:\/\/api.w.org\/{rel}","templated":true}]}}