{"id":125388,"date":"2020-12-18T15:37:06","date_gmt":"2020-12-18T12:37:06","guid":{"rendered":"https:\/\/www.enerjigazetesi.ist\/?p=125388"},"modified":"2020-12-18T16:16:34","modified_gmt":"2020-12-18T13:16:34","slug":"surdurulebilirlik-ilkeleri-uyum-cercevesinin-is-dunyasina-etkileri","status":"publish","type":"post","link":"https:\/\/www.enerjigazetesi.ist\/en\/surdurulebilirlik-ilkeleri-uyum-cercevesinin-is-dunyasina-etkileri\/","title":{"rendered":"(Turkish) &#8217;S\u00fcrd\u00fcr\u00fclebilirlik \u0130lkeleri Uyum \u00c7er\u00e7evesi&#8217;nin \u0130\u015f D\u00fcnyas\u0131na Etkileri"},"content":{"rendered":"<p class=\"qtranxs-available-languages-message qtranxs-available-languages-message-en\">Sorry, this entry is only available in <a href=\"https:\/\/www.enerjigazetesi.ist\/tr\/wp-json\/wp\/v2\/posts\/125388\" class=\"qtranxs-available-language-link qtranxs-available-language-link-tr\" title=\"Turkish\">Turkish<\/a>. For the sake of viewer convenience, the content is shown below in the alternative language. You may click the link to switch the active language.<\/p><p><\/p>\n<h1><strong>\u0130\u015f D\u00fcnyas\u0131 ve S\u00fcrd\u00fcr\u00fclebilir Kalk\u0131nma Derne\u011fi (SKD T\u00fcrkiye)\u2019nin Entegre Raporlama T\u00fcrkiye A\u011f\u0131 (ERTA) i\u015f birli\u011fiyle d\u00fczenledi\u011fi S\u00fcrd\u00fcr\u00fclebilirlik \u0130lkeleri Uyum \u00c7er\u00e7evesi\u2019nin \u0130\u015f D\u00fcnyas\u0131na Etkileri konulu webinar ger\u00e7ekle\u015fti. Toplant\u0131n\u0131n a\u00e7\u0131l\u0131\u015f\u0131nda konu\u015fan SKD T\u00fcrkiye Y\u00f6netim Kurulu Ba\u015fkan\u0131 Ebru Dildar Edin, \u201c<\/strong><em><strong>\u2018Uy ya da A\u00e7\u0131kla\u2019 prensibi ve g\u00f6n\u00fcll\u00fcl\u00fck esas\u0131yla ba\u015flayan S\u00fcrd\u00fcr\u00fclebilirlik \u0130lkeleri Uyum \u00c7er\u00e7evesi d\u00fczenlemesi ile Sermaye Piyasalar\u0131 Kurulu\u2019nun hem \u015firketlerin s\u00fcrd\u00fcr\u00fclebilirlik k\u00fclt\u00fcr\u00fcn\u00fcn geli\u015fmesinde hem de \u00fclkenin s\u00fcrd\u00fcr\u00fclebilir kalk\u0131nma yolculu\u011funda ivmelendirici bir etki yaratt\u0131\u011f\u0131n\u0131 d\u00fc\u015f\u00fcn\u00fcyorum<\/strong><\/em><strong>\u201d dedi.<\/strong><\/h1>\n<h2><em><strong>ERTA Y\u00fcr\u00fctme Kurulu Ba\u015fkan\u0131 <\/strong><\/em><strong><em>Prof. Dr. G\u00fcler Aras<\/em><\/strong><em><strong> ise \u201cS\u00fcrd\u00fcr\u00fclebilirlik \u0130lkeleri Uyum \u00c7er\u00e7evesi, \u015firketlerin uzun vadeli bak\u0131\u015f a\u00e7\u0131s\u0131n\u0131 benimsemelerini te\u015fvik ederken, yat\u0131r\u0131mc\u0131lar\u0131n da sermayesini bu \u00e7er\u00e7evede y\u00f6nlendirmelerine y\u00f6nelik \u00e7ok \u00f6nemli bir mesaj\u0131 i\u00e7eriyor\u201d diye konu\u015ftu.<\/strong><\/em><\/h2>\n<p><strong>Sermaye Piyasas\u0131 Kurulu (SPK)\u2019n\u0131n ge\u00e7en Ekim ay\u0131nda yay\u0131mlad\u0131\u011f\u0131<\/strong><strong>\u00a0\u201cS\u00fcrd\u00fcr\u00fclebilirlik \u0130lkeleri Uyum \u00c7er\u00e7evesi\u201d<\/strong><strong>nin i\u015f d\u00fcnyas\u0131na etkileri,<\/strong><strong>\u00a0<\/strong><strong>\u0130\u015f D\u00fcnyas\u0131 ve S\u00fcrd\u00fcr\u00fclebilir Kalk\u0131nma Derne\u011fi<\/strong><strong>\u00a0(SKD T\u00fcrkiye)\u2019<\/strong><strong>nin<\/strong>\u00a0Entegre Raporlama T\u00fcrkiye A\u011f\u0131 (<strong>ERTA)<\/strong> i\u015f birli\u011fiyle d\u00fczenlenen \u00e7evrim i\u00e7i webinarda t\u00fcm y\u00f6nleriyle masaya yat\u0131r\u0131ld\u0131. Webinar\u0131n a\u00e7\u0131l\u0131\u015f\u0131nda konu\u015fan SKD T\u00fcrkiye Y\u00f6netim Kurulu Ba\u015fkan\u0131 <strong>Ebru Dildar Edin<\/strong>, <em>\u201cBu d\u00fczenleme, Yat\u0131r\u0131m Ortam\u0131n\u0131 \u0130yile\u015ftirme Koordinasyon Kurulu eylem plan\u0131nda yer alan ve Borsa \u0130stanbul sorumlulu\u011funda y\u00fcr\u00fct\u00fclen \u2018K\u00fcresel s\u00fcrd\u00fcr\u00fclebilir yat\u0131r\u0131m ak\u0131mlar\u0131ndan firmalar\u0131m\u0131z\u0131n daha fazla pay almas\u0131n\u0131n te\u015fvik edilmesi\u2019 ba\u015fl\u0131kl\u0131 eylem maddesi kapsam\u0131nda yap\u0131lan \u00e7al\u0131\u015fmalar\u0131 yans\u0131t\u0131yor. SKD T\u00fcrkiye olarak, bizim de bu \u00f6nemli \u00e7al\u0131\u015fman\u0131n bir par\u00e7as\u0131 olmaktan memnuniyet duyuyoruz\u201d<\/em> dedi.<\/p>\n<p><strong>\u0130klim krizi<\/strong> ba\u015fta olmak \u00fczere d\u00fcnya i\u00e7in hali haz\u0131rda var olan sorunlar\u0131n pandeminin etkisiyle \u00e7ok daha g\u00f6r\u00fcn\u00fcr hale geldi\u011fine i\u015faret eden <strong>Ebru Dildar Edin,<\/strong> bununla birlikte hem <strong>ekonomik<\/strong> hem de <strong>sosyal a\u00e7\u0131dan<\/strong> di\u011fer k\u00fcresel ve yerel sorunlar\u0131n daha da belirginle\u015fti\u011fini s\u00f6yledi. <strong>Ekonomik<\/strong> ve<strong> sosyal<\/strong> <img loading=\"lazy\" class=\"alignright wp-image-125391\" src=\"https:\/\/www.enerjigazetesi.ist\/wp-content\/uploads\/2020\/12\/1608273122_Ebrudildaredin_Foto1.jpg\" alt=\"\" width=\"320\" height=\"362\" srcset=\"https:\/\/www.enerjigazetesi.ist\/wp-content\/uploads\/2020\/12\/1608273122_Ebrudildaredin_Foto1.jpg 431w, https:\/\/www.enerjigazetesi.ist\/wp-content\/uploads\/2020\/12\/1608273122_Ebrudildaredin_Foto1-265x300.jpg 265w, https:\/\/www.enerjigazetesi.ist\/wp-content\/uploads\/2020\/12\/1608273122_Ebrudildaredin_Foto1-353x400.jpg 353w, https:\/\/www.enerjigazetesi.ist\/wp-content\/uploads\/2020\/12\/1608273122_Ebrudildaredin_Foto1-44x50.jpg 44w\" sizes=\"(max-width: 320px) 100vw, 320px\" \/>dengelerin her ge\u00e7en g\u00fcn de\u011fi\u015fti\u011fi bu ortamda, finansal olmayan g\u00f6stergelerin de raporlanmas\u0131 \u015firketler i\u00e7in \u00e7ok daha \u00f6nemli bir hal ald\u0131\u011f\u0131n\u0131 belirten <strong>Ebru Dildar Edin,<\/strong> <span style=\"text-decoration: underline;\">\u015f\u00f6yle konu\u015ftu:\u00a0<\/span><\/p>\n<p><em>\u201c\u00c7evresel, sosyal ve y\u00f6neti\u015fim boyutlar\u0131 ile beraber s\u00fcrd\u00fcr\u00fclebilirlik stratejisi, kurumlar i\u00e7in olmazsa olmaz hale geldi. Art\u0131k, \u015firketler faaliyet raporlar\u0131nda finansal sonu\u00e7lar kadar \u00f6nemli olan s\u00fcrd\u00fcr\u00fclebilirlik stratejilerini ve uzun vadede nas\u0131l de\u011fer yaratacaklar\u0131n\u0131 da raporluyorlar. Uluslararas\u0131 standartlara uygun olarak yap\u0131lan bu raporlamalarda, Entegre Raporlama \u00c7er\u00e7evesi en \u00f6nemli ara\u00e7lardan biri. Global yat\u0131r\u0131m ak\u0131mlar\u0131 da s\u00fcrd\u00fcr\u00fclebilirlik ilkelerine sahip, \u015feffaf ve hesap verebilir \u015firketlere y\u00f6neliyor. Global anlamda ortam bu h\u0131zla de\u011fi\u015firken, i\u015f d\u00fcnyas\u0131nda, her zaman, riskler kadar f\u0131rsatlar\u0131n da \u00f6nemli oldu\u011funa dikkatinizi \u00e7ekerim. \u00c7evresel, Sosyal ve Y\u00f6neti\u015fim konular\u0131nda performans\u0131 daha iyi olan \u015firketler; daha d\u00fc\u015f\u00fck sermaye maliyetine, daha y\u00fcksek k\u00e2r marj\u0131na ve \u015firket de\u011ferine ula\u015f\u0131yor.\u201d<\/em><\/p>\n<h2><strong>HIZLI ADAPTE OLAN VE \u00c7\u00d6Z\u00dcM \u00dcRETEN \u015e\u0130RKETLER \u00d6NE GE\u00c7ECEK\u00a0<\/strong><\/h2>\n<p>\u201cD\u00fcnyan\u0131n en b\u00fcy\u00fck <strong>500 varl\u0131k y\u00f6neticisi<\/strong> \u015firketlerinin fonlar\u0131 <strong>100 trilyon ABD dolar\u0131<\/strong>n\u0131 a\u015farken, y\u00f6neticilerin <strong>%88<\/strong>\u2019inin <strong>s\u00fcrd\u00fcr\u00fclebilir yat\u0131r\u0131m oda\u011f\u0131<\/strong> artt\u0131\u201d diyen <strong>Ebru Dildar Edin,<\/strong> s\u00f6zlerini <span style=\"text-decoration: underline;\">\u015f\u00f6yle s\u00fcrd\u00fcrd\u00fc:<\/span><\/p>\n<p><em>\u201c\u0130lk s\u0131rada yer alan BlackRock, Kas\u0131m 2019\u2019da sundu\u011fu s\u00fcrd\u00fcr\u00fclebilirlik odakl\u0131 borsa yat\u0131r\u0131m fonlar\u0131n\u0131n say\u0131s\u0131n\u0131 ikiye katlayarak 150\u2019ye \u00e7\u0131karaca\u011f\u0131n\u0131 a\u00e7\u0131klad\u0131. Elbette, f\u0131rsatlar\u0131 konu\u015furken, s\u00fcrd\u00fcr\u00fclebilir bor\u00e7lanma piyasas\u0131n\u0131n toplam de\u011ferinin 1,5 trilyon ABD dolar\u0131n\u0131 a\u015ft\u0131\u011f\u0131n\u0131 da belirtmeliyim. Pandemiye ra\u011fmen bu alandaki ihra\u00e7lar\u0131n duraksamadan devam etti\u011fini g\u00f6r\u00fcyoruz. \u00dclkemizde hen\u00fcz 1 milyar dolar seviyesinde kalan bu ihra\u00e7larda, hepimiz i\u00e7in b\u00fcy\u00fck bir potansiyel s\u00f6z konusu.\u201d<\/em><\/p>\n<p><strong>Ebru Dildar Edin,<\/strong>\u00a0\u201cBiz de SKD T\u00fcrkiye olarak, yapt\u0131\u011f\u0131m\u0131z t\u00fcm proje ve \u00e7al\u0131\u015fmalarda, s\u00fcrd\u00fcr\u00fclebilir kalk\u0131nma konusunda kamuda politika geli\u015fimine katk\u0131da bulunuyor, ba\u015fta \u00fcyelerimiz olmak \u00fczere, i\u015f d\u00fcnyas\u0131na s\u00fcrd\u00fcr\u00fclebilirlik konusunda rehberlik etmeyi ama\u00e7l\u0131yoruz. D\u00fcnya her a\u00e7\u0131dan ola\u011fan\u00fcst\u00fc bir d\u00f6nemden ge\u00e7erken, \u015feffafl\u0131\u011f\u0131, s\u00fcrd\u00fcr\u00fclebilirli\u011fi ve insan odakl\u0131l\u0131\u011f\u0131 \u015firket \u00f6ncelikleriyle birle\u015ftirip raporlayan \u015firketler, bu d\u00f6nemde \u00f6nemli bir avantaj elde edecek.<sup>\u00a0<\/sup>H\u0131zla adapte olan ve \u00e7\u00f6z\u00fcm \u00fcreten \u015firketler \u00f6ne ge\u00e7ecek. SPK d\u00fczenlemesinin ortaya \u00e7\u0131kard\u0131\u011f\u0131 \u00e7ok payda\u015fl\u0131, risk ve f\u0131rsatlar\u0131 de\u011ferlendiren, gelecek odakl\u0131, stratejik bak\u0131\u015f a\u00e7\u0131s\u0131n\u0131n, \u015firketlere g\u00fcven olu\u015fturma, etkin karar alma<strong>\u00a0<\/strong>s\u00fcre\u00e7leri ve s\u00fcrd\u00fcr\u00fclebilir finansman alanlar\u0131nda yol g\u00f6sterece\u011fine inan\u0131yorum\u201d dedi.<\/p>\n<h2><strong>DE\u011e\u0130\u015eEN K\u00dcRESEL R\u0130SK ORTAMI KURUMSAL RAPORLAMAYA \u0130VME KAZANDIRDI<\/strong><\/h2>\n<p>ERTA Y\u00fcr\u00fctme Kurulu Ba\u015fkan\u0131 <strong>Prof. Dr. G\u00fcler Aras<\/strong> ise toplant\u0131n\u0131n a\u00e7\u0131l\u0131\u015f\u0131nda <span style=\"text-decoration: underline;\">\u015fu g\u00f6r\u00fc\u015fleri payla\u015ft\u0131:<\/span><\/p>\n<p>&#8220;De\u011fi\u015fen k\u00fcresel risk ortam\u0131 ve s\u00fcrd\u00fcr\u00fclebilir kalk\u0131nma hedefleri ile de\u011fi\u015fen payda\u015f beklentileri, kar\u015f\u0131la\u015ft\u0131r\u0131labilir, g\u00fcvenilir ve denetlenebilir bilgi talebini art\u0131rarak, kurumsal raporlama ekosisteminin <img loading=\"lazy\" class=\"alignleft wp-image-125392\" src=\"https:\/\/www.enerjigazetesi.ist\/wp-content\/uploads\/2020\/12\/surdurulebilirlik-ilkeleri-uyum-cercevesinin-is-dunyasina-etkileri-2.jpg\" alt=\"\" width=\"320\" height=\"400\" srcset=\"https:\/\/www.enerjigazetesi.ist\/wp-content\/uploads\/2020\/12\/surdurulebilirlik-ilkeleri-uyum-cercevesinin-is-dunyasina-etkileri-2.jpg 400w, https:\/\/www.enerjigazetesi.ist\/wp-content\/uploads\/2020\/12\/surdurulebilirlik-ilkeleri-uyum-cercevesinin-is-dunyasina-etkileri-2-240x300.jpg 240w, https:\/\/www.enerjigazetesi.ist\/wp-content\/uploads\/2020\/12\/surdurulebilirlik-ilkeleri-uyum-cercevesinin-is-dunyasina-etkileri-2-320x400.jpg 320w, https:\/\/www.enerjigazetesi.ist\/wp-content\/uploads\/2020\/12\/surdurulebilirlik-ilkeleri-uyum-cercevesinin-is-dunyasina-etkileri-2-40x50.jpg 40w\" sizes=\"(max-width: 320px) 100vw, 320px\" \/>geli\u015ftirilmesine y\u00f6nelik \u00e7abalara ivme kazand\u0131rd\u0131. Bu geli\u015fmelere paralel olarak\u00a0T\u00fcrkiye\u2019de SPK taraf\u0131ndan yap\u0131lan son d\u00fczenleme, \u015firketlerin uzun vadeli bak\u0131\u015f a\u00e7\u0131s\u0131n\u0131 benimsemelerini te\u015fvik ederken, yat\u0131r\u0131mc\u0131lar\u0131n da sermayesini bu \u00e7er\u00e7evede y\u00f6nlendirmelerine y\u00f6nelik \u00e7ok \u00f6nemli bir mesaj\u0131 i\u00e7eriyor. B\u00fct\u00fcnc\u00fcl ve bilgiler aras\u0131 ba\u011flant\u0131y\u0131 vurgulayan\u00a0geli\u015fmeler,\u00a0entegre d\u00fc\u015f\u00fcnce temeline dayanan entegre raporlaman\u0131n ana ak\u0131m raporlama haline d\u00f6n\u00fc\u015fece\u011fine y\u00f6nelik g\u00fc\u00e7l\u00fc sinyaller veriyor. ERTA olarak, bu s\u00fcrece T\u00fcrkiye\u2019de \u00f6nc\u00fcl\u00fck etmekten ve t\u00fcm kurumlara destek olmaktan memnuniyet duyuyoruz. Entegre raporlaman\u0131n T\u00fcrkiye\u2019deki geli\u015fimi amac\u0131yla mesaj\u0131m\u0131z\u0131 g\u00fc\u00e7lendirebilecek i\u015f birlikleri ile kurumlar\u0131n bu alandaki geli\u015fmelere uyumu i\u00e7in \u00e7abalar\u0131m\u0131z artarak devam edecektir.&#8221;<\/p>\n<p>\u201cT\u00fcrkiye\u2019de bu \u00f6nemli geli\u015fmeyi destekleyecek en \u00f6nemli unsur, sa\u011fl\u0131kl\u0131 bir veri denetim mekanizmas\u0131n\u0131n olu\u015fturulmas\u0131\u201d diyen <strong>Prof. Dr. G\u00fcler Aras,<\/strong> konu\u015fmas\u0131nda \u015funlar\u0131 payla\u015ft\u0131: \u201c\u00c7er\u00e7evede belirtilen ve raporlarda a\u00e7\u0131klanacak bilgilerin g\u00fcvence denetiminden ge\u00e7mi\u015f olmas\u0131 ve do\u011frulanmas\u0131, bu bilgilere olan g\u00fcveni art\u0131racakt\u0131r. Bilgilerin g\u00fcvenilirli\u011fi ve kar\u015f\u0131la\u015ft\u0131r\u0131labilirli\u011fi i\u00e7in ise bu alandaki denetim ekosisteminin geli\u015fmesine ihtiya\u00e7 var. Bununla birlikte, \u015firketlerin nitelikli bilgi a\u00e7\u0131klama konusunda en \u00f6nemli motivasyonlar\u0131, \u015f\u00fcphesiz yat\u0131r\u0131mc\u0131lar\u0131n beklentileri. Yat\u0131r\u0131mc\u0131lar ve analistlerin g\u00fcvenilir veriye eri\u015fim ve s\u00fcrd\u00fcr\u00fclebilirlik perspektifinde de\u011ferleme yakla\u015f\u0131mlar\u0131n\u0131 g\u00f6zden ge\u00e7irmeleri, yat\u0131r\u0131m performanslar\u0131 a\u00e7\u0131s\u0131ndan oldu\u011fu kadar sermaye piyasalar\u0131n\u0131n geli\u015fimi i\u00e7in de ka\u00e7\u0131n\u0131lmaz. Burada da bu alanda de\u011ferleme yapabilecek yetkinlikleri olan analistlerin varl\u0131\u011f\u0131 \u00f6nem kazan\u0131yor.\u201d<\/p>\n<h2><strong>UYUM SA\u011eLAYAN \u015e\u0130RKETLER, T\u00dcM PAYDA\u015eLAR NEZD\u0130NDE AYRI\u015eACAK\u00a0<\/strong><\/h2>\n<p><strong>Prof. Dr. G\u00fcler Aras,<\/strong>\u00a0<em>\u201cKar\u015f\u0131la\u015ft\u0131r\u0131labilir ve g\u00fcvenilir verinin olu\u015fmas\u0131 ve yat\u0131r\u0131mc\u0131lara sunulmas\u0131 a\u00e7\u0131s\u0131ndan <strong>SPK d\u00fczenlemesi<\/strong> ile a\u00e7\u0131klanan \u00e7er\u00e7evede yer alan bilgilerin <strong>Kamuyu Ayd\u0131nlatma Platformu&#8217;nda (KAP)<\/strong> ne \u015fekilde raporlanaca\u011f\u0131 \u00f6nemli. Hen\u00fcz bu t\u00fcr bir raporlama \u015fablonu ya da taksonomisi haz\u0131rlanmam\u0131\u015f olmakla birlikte <strong>s\u00fcrd\u00fcr\u00fclebilirlik a\u00e7\u0131klamalar\u0131n\u0131 g\u00fcvence<\/strong> denetiminden ge\u00e7mi\u015f ve belirli standartlar \u00e7er\u00e7evesinde raporlayan \u015firketlerin zaman i\u00e7inde yat\u0131r\u0131mc\u0131lar ve t\u00fcm payda\u015flar taraf\u0131ndan ayr\u0131\u015facaklar\u0131 \u015f\u00fcphesiz. Son <strong>SPK d\u00fczenlemesi<\/strong> T\u00fcrkiye&#8217;nin bu alanda ciddi bir ivme kazanmas\u0131 ve yat\u0131r\u0131m ortam\u0131n\u0131n iyile\u015ftirilmesi a\u00e7\u0131s\u0131ndan son derece de\u011ferli\u201d<\/em> dedi.<\/p>\n<p>A\u00e7\u0131l\u0131\u015f konu\u015fmalar\u0131n\u0131n ard\u0131ndan bir panel ger\u00e7ekle\u015ftirildi. Moderat\u00f6rl\u00fc\u011f\u00fcn\u00fc SKD T\u00fcrkiye Y\u00f6netim Kurulu Ba\u015fkan Yard\u0131mc\u0131s\u0131 ve ERTA Y\u00fcr\u00fctme Kurulu \u00dcyesi <strong>Ediz G\u00fcnsel<\/strong>\u2019in yapt\u0131\u011f\u0131 panele, Borsa \u0130stanbul Uluslararas\u0131 \u0130li\u015fkiler Direkt\u00f6r\u00fc <strong>Do\u00e7. Dr. Recep Bildik<\/strong>, SPK Ortakl\u0131klar Finansman Dairesi Grup Ba\u015fkan\u0131 <strong>Dr. Hale Oru\u00e7<\/strong>, TKYD Y\u00f6netim Kurulu Ba\u015fkan\u0131 ve Bat\u0131\u00e7im Y\u00f6netim Kurulu \u00dcyesi <strong>Feyyaz \u00dcnal\u00a0<\/strong><strong>ve<\/strong><strong>\u00a0<\/strong>TSKB Genel M\u00fcd\u00fcr Yard\u0131mc\u0131s\u0131 <strong>Meral Murathan\u00a0<\/strong><strong>kat\u0131ld\u0131.<\/strong><\/p>\n<p>Borsa \u0130stanbul Uluslararas\u0131 \u0130li\u015fkiler Direkt\u00f6r\u00fc <strong>Do\u00e7. Dr. Recep Bildik\u00a0<\/strong><span style=\"text-decoration: underline;\">\u015funlar\u0131 s\u00f6yledi:<\/span><\/p>\n<p><em><strong>\u201c<\/strong>S\u00fcrd\u00fcr\u00fclebilirlik ve entegre raporlama yolunda d\u00f6n\u00fcm\u00a0noktas\u0131 niteli\u011finde \u00e7ok \u00e7ok \u00f6nemli bir geli\u015fme olan S\u00fcrd\u00fcr\u00fclebilirlik \u0130lkeleri Uyum \u00c7er\u00e7evesi d\u00fczenlemesinin \u015firketlerimiz i\u00e7in s\u00fcrd\u00fcr\u00fclebilirlik odakl\u0131 yat\u0131r\u0131m ak\u0131mlar\u0131ndan daha fazla faydalanmalar\u0131 ve sermaye piyasam\u0131z\u0131n daha fazla geli\u015fmesi ad\u0131na olumlu sonu\u00e7lar getirece\u011fini d\u00fc\u015f\u00fcn\u00fcyorum.\u201d<\/em><\/p>\n<p>SPK Ortakl\u0131klar Finansman Dairesi Grup Ba\u015fkan\u0131 <strong>Dr. Hale Oru\u00e7<\/strong>, \u201cOrtakl\u0131klar, faaliyet raporlar\u0131nda S\u00fcrd\u00fcr\u00fclebilirlik \u0130lkeleri Uyum \u00c7er\u00e7evesi kapsam\u0131ndaki a\u00e7\u0131klamalara yer vereceklerdir. S\u00fcrd\u00fcr\u00fclebilirlik ilkelerine uymama durumunda \u00e7evresel ve sosyal risk y\u00f6netimindeki etkilerin neler oldu\u011funa ili\u015fkin bilgilerin a\u00e7\u0131klanmas\u0131 gerekmektedir\u201d dedi.<\/p>\n<p>TKYD Y\u00f6netim Kurulu Ba\u015fkan\u0131 ve Bat\u0131\u00e7im Y\u00f6netim Kurulu \u00dcyesi <strong>Feyyaz \u00dcnal<\/strong>, \u201cY\u00f6netim kurullar\u0131n\u0131n asli g\u00fcndeminde olmas\u0131 gereken s\u00fcrd\u00fcr\u00fclebilirli\u011fi bir i\u015f yapma k\u00fclt\u00fcr\u00fc olmas\u0131d\u0131r. Konunun sadece halka a\u00e7\u0131k \u015firketlerde de\u011fil, halka a\u00e7\u0131k olmayan \u015firketlerimizde de yayg\u0131nla\u015faca\u011f\u0131n\u0131 umuyoruz\u201d \u015feklinde cevap verdi.<\/p>\n<p>TSKB Genel M\u00fcd\u00fcr Yard\u0131mc\u0131s\u0131 <strong>Meral Murathan\u00a0<\/strong><strong>ise toplant\u0131daki konu\u015fmas\u0131nda,<\/strong><strong>\u00a0<em>\u201c<\/em><\/strong><em>\u00d6zellikle reel sekt\u00f6r \u015firketlerinin s\u00fcrd\u00fcr\u00fclebilirlik alan\u0131ndaki uluslararas\u0131 geli\u015fmelerin d\u0131\u015f\u0131nda kalmamas\u0131n\u0131, T\u00fcrkiye\u2019deki iyi uygulamalar\u0131n d\u00fcnyaya \u00f6rnek olmas\u0131n\u0131 \u00f6nemsiyoruz. T\u00fcrk \u015firketlerinin uluslararas\u0131 d\u00f6n\u00fc\u015f\u00fcmden en y\u00fcksek seviyede istifade edebilecek kapasiteye sahip olduklar\u0131na inan\u0131yoruz\u201d<\/em> dedi.<\/p>","protected":false},"excerpt":{"rendered":"<p>Sorry, this entry is only available in Turkish. For the sake of viewer convenience, the content is shown below in the alternative language. You may click the link to switch the active language. \u0130\u015f D\u00fcnyas\u0131 ve S\u00fcrd\u00fcr\u00fclebilir Kalk\u0131nma Derne\u011fi (SKD T\u00fcrkiye)\u2019nin Entegre Raporlama T\u00fcrkiye A\u011f\u0131 (ERTA) i\u015f birli\u011fiyle d\u00fczenledi\u011fi S\u00fcrd\u00fcr\u00fclebilirlik \u0130lkeleri Uyum \u00c7er\u00e7evesi\u2019nin \u0130\u015f D\u00fcnyas\u0131na [&hellip;]<\/p>\n","protected":false},"author":1,"featured_media":125390,"comment_status":"open","ping_status":"open","sticky":false,"template":"","format":"standard","meta":[],"categories":[51,53,52],"tags":[23216,52259,83620,52510,71310,52766,52998,57125,83621],"views":145,"_links":{"self":[{"href":"https:\/\/www.enerjigazetesi.ist\/en\/wp-json\/wp\/v2\/posts\/125388"}],"collection":[{"href":"https:\/\/www.enerjigazetesi.ist\/en\/wp-json\/wp\/v2\/posts"}],"about":[{"href":"https:\/\/www.enerjigazetesi.ist\/en\/wp-json\/wp\/v2\/types\/post"}],"author":[{"embeddable":true,"href":"https:\/\/www.enerjigazetesi.ist\/en\/wp-json\/wp\/v2\/users\/1"}],"replies":[{"embeddable":true,"href":"https:\/\/www.enerjigazetesi.ist\/en\/wp-json\/wp\/v2\/comments?post=125388"}],"version-history":[{"count":0,"href":"https:\/\/www.enerjigazetesi.ist\/en\/wp-json\/wp\/v2\/posts\/125388\/revisions"}],"wp:featuredmedia":[{"embeddable":true,"href":"https:\/\/www.enerjigazetesi.ist\/en\/wp-json\/wp\/v2\/media\/125390"}],"wp:attachment":[{"href":"https:\/\/www.enerjigazetesi.ist\/en\/wp-json\/wp\/v2\/media?parent=125388"}],"wp:term":[{"taxonomy":"category","embeddable":true,"href":"https:\/\/www.enerjigazetesi.ist\/en\/wp-json\/wp\/v2\/categories?post=125388"},{"taxonomy":"post_tag","embeddable":true,"href":"https:\/\/www.enerjigazetesi.ist\/en\/wp-json\/wp\/v2\/tags?post=125388"}],"curies":[{"name":"wp","href":"https:\/\/api.w.org\/{rel}","templated":true}]}}