{"id":125369,"date":"2020-12-18T14:20:13","date_gmt":"2020-12-18T11:20:13","guid":{"rendered":"https:\/\/www.enerjigazetesi.ist\/?p=125369"},"modified":"2020-12-18T14:36:43","modified_gmt":"2020-12-18T11:36:43","slug":"kurumsal-sosyal-sorumluluk-projesi-leyleklere-yeni-yuvaya-bir-odul-daha","status":"publish","type":"post","link":"https:\/\/www.enerjigazetesi.ist\/en\/kurumsal-sosyal-sorumluluk-projesi-leyleklere-yeni-yuvaya-bir-odul-daha\/","title":{"rendered":"(Turkish) Kurumsal Sosyal Sorumluluk Projesi &#8216;Leyleklere Yeni Yuva&#8217;ya Bir \u00d6d\u00fcl Daha!"},"content":{"rendered":"<p class=\"qtranxs-available-languages-message qtranxs-available-languages-message-en\">Sorry, this entry is only available in <a href=\"https:\/\/www.enerjigazetesi.ist\/tr\/wp-json\/wp\/v2\/posts\/125369\" class=\"qtranxs-available-language-link qtranxs-available-language-link-tr\" title=\"Turkish\">Turkish<\/a>. For the sake of viewer convenience, the content is shown below in the alternative language. You may click the link to switch the active language.<\/p><p><\/p>\n<h1><strong>\u015eirketimiz 12&#8217;\u00fcnc\u00fc Kurumsal Sosyal Sorumluluk Zirvesi kapsam\u0131nda verilen S\u00fcrd\u00fcr\u00fclebilir Kalk\u0131nma \u00d6d\u00fclleri\u2019nde Karasal Ya\u015fam dal\u0131nda Kurumsal Sosyal Sorumluluk Projemiz Leyleklere Yeni Yuva ile Platin \u00f6d\u00fcl\u00fc almaya hak kazand\u0131.<\/strong><\/h1>\n<p>T\u00fcrkiye\u2019de topluma de\u011fer katan ve yenilik\u00e7i \u00e7\u00f6z\u00fcmler geli\u015ftiren <strong>sosyal sorumluluk uygulamalar\u0131<\/strong>n\u0131 farkl\u0131 sekt\u00f6rlerden payda\u015flarla bulu\u015fturan <strong>Kurumsal Sosyal Sorumluluk Zirvesi<\/strong>\u2019nin <strong>12&#8217;inci y\u0131l\u0131<\/strong> <strong>\u201cDe\u011fi\u015fimi Y\u00f6netmek &#8211; Belirsizlik D\u00f6nemlerinde Liderlik\u201d<\/strong> temas\u0131yla \u00e7evrimi\u00e7i d\u00fczenlendi.<\/p>\n<p><img loading=\"lazy\" class=\"alignright wp-image-125371\" src=\"https:\/\/www.enerjigazetesi.ist\/wp-content\/uploads\/2020\/12\/kurumsal-sosyal-sorumluluk-projesi-leyleklere-yeni-yuvaya-bir-odul-daha-1-1024x682.jpg\" alt=\"\" width=\"320\" height=\"213\" srcset=\"https:\/\/www.enerjigazetesi.ist\/wp-content\/uploads\/2020\/12\/kurumsal-sosyal-sorumluluk-projesi-leyleklere-yeni-yuvaya-bir-odul-daha-1-1024x682.jpg 1024w, https:\/\/www.enerjigazetesi.ist\/wp-content\/uploads\/2020\/12\/kurumsal-sosyal-sorumluluk-projesi-leyleklere-yeni-yuvaya-bir-odul-daha-1-300x200.jpg 300w, https:\/\/www.enerjigazetesi.ist\/wp-content\/uploads\/2020\/12\/kurumsal-sosyal-sorumluluk-projesi-leyleklere-yeni-yuvaya-bir-odul-daha-1-768x512.jpg 768w, https:\/\/www.enerjigazetesi.ist\/wp-content\/uploads\/2020\/12\/kurumsal-sosyal-sorumluluk-projesi-leyleklere-yeni-yuvaya-bir-odul-daha-1-500x333.jpg 500w, https:\/\/www.enerjigazetesi.ist\/wp-content\/uploads\/2020\/12\/kurumsal-sosyal-sorumluluk-projesi-leyleklere-yeni-yuvaya-bir-odul-daha-1-75x50.jpg 75w, https:\/\/www.enerjigazetesi.ist\/wp-content\/uploads\/2020\/12\/kurumsal-sosyal-sorumluluk-projesi-leyleklere-yeni-yuvaya-bir-odul-daha-1-450x300.jpg 450w, https:\/\/www.enerjigazetesi.ist\/wp-content\/uploads\/2020\/12\/kurumsal-sosyal-sorumluluk-projesi-leyleklere-yeni-yuvaya-bir-odul-daha-1.jpg 1280w\" sizes=\"(max-width: 320px) 100vw, 320px\" \/>T\u00fcrkiye\u2019nin \u00f6nde gelen \u015firketlerinin birbirinden de\u011ferli sosyal sorumluluk projelerinin de\u011ferlendirildi\u011fi zirvede, \u015eirketimiz 11 y\u0131ld\u0131r s\u00fcrd\u00fcrd\u00fc\u011f\u00fc <strong>Leyleklere Yeni Yuva projesi<\/strong> ile <strong>Karasal Ya\u015fam<\/strong> kategorisinde <strong>platin \u00f6d\u00fcl\u00fc<\/strong>n\u00fc almaya hak kazand\u0131.<\/p>\n<p><strong>Ayd\u0131n, Denizli<\/strong> ve <strong>Mu\u011fla<\/strong> illerinde enerji da\u011f\u0131t\u0131m hizmeti veren <strong>ADM Elektrik teknoloji<\/strong>,<strong> inovasyon, dijitalle\u015fme<\/strong> ve <strong>s\u00fcrd\u00fcr\u00fclebilirlik alanlar\u0131nda<\/strong> \u00e7al\u0131\u015fmalar\u0131na devam ederken bir yandan b\u00f6lgeye katk\u0131 sa\u011flayacak, fark\u0131ndal\u0131k yaratacak <strong>kurumsal sosyal sorumluluk projeleri<\/strong>yle b\u00f6lgeye de\u011fer kat\u0131yor.<\/p>\n<h2><strong>Ege S\u0131cakl\u0131\u011f\u0131nda G\u00fcvenli Yuva<\/strong><\/h2>\n<p>11 y\u0131ld\u0131r \u015firketin hizmet b\u00f6lgesi olan <strong>Ayd\u0131n, Denizli<\/strong> ve <strong>Mu\u011fla\u2019da<\/strong> ilkbahar aylar\u0131nda b\u00f6lgeye gelen leyleklerin g\u00fcvenli bir \u015fekilde ya\u015famlar\u0131n\u0131 s\u00fcrd\u00fcrebilmesi ad\u0131na hassasiyetle \u00e7al\u0131\u015fan <strong>ADM Elektrik<\/strong>, b\u00f6lgede yer alan <strong>700 yuva<\/strong> ve her y\u0131l a\u011f\u0131rlad\u0131\u011f\u0131 <strong>6.000 leylek<\/strong> ile <strong>do\u011fa<\/strong> ve <strong>do\u011fal ya\u015fam\u0131n korunmas\u0131<\/strong>na katk\u0131 sa\u011fl\u0131yor. \u00a0Elektrik direkleri \u00fczerine yerle\u015ftirilen \u00f6zel ya\u015fam platformlar\u0131nda misafir olan leylek n\u00fcfusunun s\u00fcrd\u00fcr\u00fclebilirli\u011fi, yuvalanmalar\u0131 ve say\u0131mlar\u0131 i\u00e7in Ege \u00dcniversitesi Fen Fak\u00fcltesi Biyoloji B\u00f6l\u00fcm\u00fc, <strong>Ekosistemi Koruma ve Do\u011fa Sevenler Derne\u011fi (EKODOSD)<\/strong> ve <strong>Tar\u0131m ve Orman Bakanl\u0131\u011f\u0131 4&#8217;\u00fcnc\u00fc B\u00f6lge M\u00fcd\u00fcrl\u00fc\u011f\u00fc<\/strong> ile i\u015f birli\u011fi ger\u00e7ekle\u015ftiriliyor.<\/p>\n<h2><strong>Fark Yaratan \u00d6rnek Projeye Bir \u00d6d\u00fcl Daha <\/strong><\/h2>\n<p>Projenin ba\u015flad\u0131\u011f\u0131 ilk y\u0131l\u0131nda <strong>T\u00fcrkiye Elektrik Da\u011f\u0131t\u0131m A\u015e (TEDA\u015e)<\/strong> taraf\u0131ndan Halkla \u0130li\u015fkiler dal\u0131nda <strong>\u201c\u00d6zel Proje\u201d \u00f6d\u00fcl\u00fc<\/strong> alan <strong>Leyleklere Yeni Yuva projesi,<\/strong> 2012 y\u0131l\u0131nda T\u00fcrkiye Kurumsal Sosyal Sorumluluk Derne\u011fi, <strong>KSS Pazaryeri etkinli\u011fi<\/strong>nde Y\u0131l\u0131n <strong>KSS projeleri<\/strong> aras\u0131nda <strong>\u201c\u00dc\u00e7\u00fcnc\u00fcl\u00fck\u201d<\/strong> ve <strong>\u201c\u00d6rnek \u00c7evre Stratejisi\u201d \u00f6d\u00fclleri<\/strong>ni ald\u0131. <strong>2013 y\u0131l\u0131nda<\/strong> ise <strong>Enerji ve Tabii Kaynaklar Bakanl\u0131\u011f\u0131<\/strong> taraf\u0131ndan di\u011fer da\u011f\u0131t\u0131m \u015firketlerine \u00f6rnek olarak g\u00f6sterilen proje, bug\u00fcn bir\u00e7ok da\u011f\u0131t\u0131m \u015firketinde uygulanmakta. 2015 y\u0131l\u0131nda yine <strong>T\u00fcrkiye Kurumsal Sosyal Sorumluluk Derne\u011fi, KSS Pazaryeri etkinli\u011fi<\/strong>nde, <strong>\u201cS\u00fcrd\u00fcr\u00fclebilirlik\u201d \u00f6d\u00fcl\u00fc<\/strong> alan <strong>Leyleklere Yeni Yuva<\/strong>, <strong>Birle\u015fmi\u015f Milletler Kalk\u0131nma Hedefleri kategorileri<\/strong>nde yer alan <strong>Karasal Ya\u015fam \u00f6d\u00fcl\u00fc<\/strong>ne lay\u0131k g\u00f6r\u00fcld\u00fc.<\/p>","protected":false},"excerpt":{"rendered":"<p>Sorry, this entry is only available in Turkish. For the sake of viewer convenience, the content is shown below in the alternative language. You may click the link to switch the active language. \u015eirketimiz 12&#8217;\u00fcnc\u00fc Kurumsal Sosyal Sorumluluk Zirvesi kapsam\u0131nda verilen S\u00fcrd\u00fcr\u00fclebilir Kalk\u0131nma \u00d6d\u00fclleri\u2019nde Karasal Ya\u015fam dal\u0131nda Kurumsal Sosyal Sorumluluk Projemiz Leyleklere Yeni Yuva ile [&hellip;]<\/p>\n","protected":false},"author":1,"featured_media":125372,"comment_status":"open","ping_status":"open","sticky":false,"template":"","format":"standard","meta":[],"categories":[51,53],"tags":[83603,33304,83601,53114,52259,65440,42297,83598,53616,83599,83600,83604,83602],"views":94,"_links":{"self":[{"href":"https:\/\/www.enerjigazetesi.ist\/en\/wp-json\/wp\/v2\/posts\/125369"}],"collection":[{"href":"https:\/\/www.enerjigazetesi.ist\/en\/wp-json\/wp\/v2\/posts"}],"about":[{"href":"https:\/\/www.enerjigazetesi.ist\/en\/wp-json\/wp\/v2\/types\/post"}],"author":[{"embeddable":true,"href":"https:\/\/www.enerjigazetesi.ist\/en\/wp-json\/wp\/v2\/users\/1"}],"replies":[{"embeddable":true,"href":"https:\/\/www.enerjigazetesi.ist\/en\/wp-json\/wp\/v2\/comments?post=125369"}],"version-history":[{"count":0,"href":"https:\/\/www.enerjigazetesi.ist\/en\/wp-json\/wp\/v2\/posts\/125369\/revisions"}],"wp:featuredmedia":[{"embeddable":true,"href":"https:\/\/www.enerjigazetesi.ist\/en\/wp-json\/wp\/v2\/media\/125372"}],"wp:attachment":[{"href":"https:\/\/www.enerjigazetesi.ist\/en\/wp-json\/wp\/v2\/media?parent=125369"}],"wp:term":[{"taxonomy":"category","embeddable":true,"href":"https:\/\/www.enerjigazetesi.ist\/en\/wp-json\/wp\/v2\/categories?post=125369"},{"taxonomy":"post_tag","embeddable":true,"href":"https:\/\/www.enerjigazetesi.ist\/en\/wp-json\/wp\/v2\/tags?post=125369"}],"curies":[{"name":"wp","href":"https:\/\/api.w.org\/{rel}","templated":true}]}}