{"id":12532,"date":"2013-07-01T09:38:11","date_gmt":"2013-07-01T06:38:11","guid":{"rendered":"https:\/\/www.enerjigazetesi.ist\/?p=12532"},"modified":"2013-07-01T09:38:30","modified_gmt":"2013-07-01T06:38:30","slug":"sanayi-ve-ulasima-enerji-verimliligi-projesi-geliyor","status":"publish","type":"post","link":"https:\/\/www.enerjigazetesi.ist\/en\/sanayi-ve-ulasima-enerji-verimliligi-projesi-geliyor\/","title":{"rendered":"(Turkish) Sanayi ve Ula\u015f\u0131ma Enerji Verimlili\u011fi Projesi Geliyor!"},"content":{"rendered":"<p class=\"qtranxs-available-languages-message qtranxs-available-languages-message-en\">Sorry, this entry is only available in <a href=\"https:\/\/www.enerjigazetesi.ist\/tr\/wp-json\/wp\/v2\/posts\/12532\" class=\"qtranxs-available-language-link qtranxs-available-language-link-tr\" title=\"Turkish\">Turkish<\/a>. For the sake of viewer convenience, the content is shown below in the alternative language. You may click the link to switch the active language.<\/p><p><strong>Enerji Verimlili\u011fi Derne\u011fi Genel Ba\u015fkan Vekili Adnan Ersoy Uluba\u015f, konutlarda enerjiyi verimli kullanmay\u0131 te\u015fvik etmek amac\u0131yla geli\u015ftirdikleri \u2018Enerji Han\u0131m\u2019 projesindeki \u00f6nerileri uygulayarak ayda 10-15 lira tasarruf etmenin m\u00fcmk\u00fcn oldu\u011fun<a href=\"https:\/\/www.enerjigazetesi.ist\/wp-content\/uploads\/2013\/02\/sanayide-enerji-verimliligi.jpg\"><img loading=\"lazy\" class=\"alignleft size-medium wp-image-6072\" title=\"sanayi-de-ve-ula\u015f\u0131m-da-enerji-verimlili\u011fi-projesi\" src=\"https:\/\/www.enerjigazetesi.ist\/wp-content\/uploads\/2013\/02\/sanayide-enerji-verimliligi-300x159.jpg\" alt=\"\" width=\"300\" height=\"159\" srcset=\"https:\/\/www.enerjigazetesi.ist\/wp-content\/uploads\/2013\/02\/sanayide-enerji-verimliligi-300x159.jpg 300w, https:\/\/www.enerjigazetesi.ist\/wp-content\/uploads\/2013\/02\/sanayide-enerji-verimliligi-500x266.jpg 500w, https:\/\/www.enerjigazetesi.ist\/wp-content\/uploads\/2013\/02\/sanayide-enerji-verimliligi-80x42.jpg 80w, https:\/\/www.enerjigazetesi.ist\/wp-content\/uploads\/2013\/02\/sanayide-enerji-verimliligi.jpg 560w\" sizes=\"(max-width: 300px) 100vw, 300px\" \/><\/a>u s\u00f6yledi.<\/strong><\/p>\n<p>Uluba\u015f, sanayi, ula\u015f\u0131m, yal\u0131t\u0131m gibi sekt\u00f6rler i\u00e7in de proje \u00e7al\u0131\u015fmalar\u0131na ba\u015flanaca\u011f\u0131n\u0131 s\u00f6yledi. Enerji ve Tabii Kaynaklar Bakanl\u0131\u011f\u0131 ile Aile ve Sosyal Politikalar Bakanl\u0131\u011f\u0131\u2019n\u0131n ortak projesi \u2018Enerji Han\u0131m\u2019, Mersin\u2019den sonra Adana\u2019da da kad\u0131nlarla bulu\u015ftu.<\/p>\n<p>Uluba\u015f, Enerji Han\u0131m projesinin, gittikleri her ilde b\u00fcy\u00fck ilgi g\u00f6rd\u00fc\u011f\u00fcn\u00fc kaydetti. Enerji ve Tabii Kaynaklar Bakanl\u0131\u011f\u0131 Daire Ba\u015fkan\u0131\u00a0 Dr. Neslihan Y\u00fcksel de enerji verimlili\u011fi kampanyas\u0131nda Adanal\u0131 han\u0131mlara b\u00fcy\u00fck i\u015f d\u00fc\u015ft\u00fc\u011f\u00fcn\u00fc vurgulad\u0131.<\/p>\n<p>Kaynak: <a href=\"http:\/\/ekonomi.milliyet.com.tr\/sanayi-ve-ulasima-enerji\/ekonomi\/detay\/1730198\/default.htm\" target=\"_blank\">Milliyet<\/a><\/p>","protected":false},"excerpt":{"rendered":"<p>Sorry, this entry is only available in Turkish. For the sake of viewer convenience, the content is shown below in the alternative language. You may click the link to switch the active language.Enerji Verimlili\u011fi Derne\u011fi Genel Ba\u015fkan Vekili Adnan Ersoy Uluba\u015f, konutlarda enerjiyi verimli kullanmay\u0131 te\u015fvik etmek amac\u0131yla geli\u015ftirdikleri \u2018Enerji Han\u0131m\u2019 projesindeki \u00f6nerileri uygulayarak ayda [&hellip;]<\/p>\n","protected":false},"author":1,"featured_media":6072,"comment_status":"open","ping_status":"open","sticky":false,"template":"","format":"standard","meta":[],"categories":[53,52],"tags":[4227,63,67,103,12,1525,800,6456,793],"views":1100,"_links":{"self":[{"href":"https:\/\/www.enerjigazetesi.ist\/en\/wp-json\/wp\/v2\/posts\/12532"}],"collection":[{"href":"https:\/\/www.enerjigazetesi.ist\/en\/wp-json\/wp\/v2\/posts"}],"about":[{"href":"https:\/\/www.enerjigazetesi.ist\/en\/wp-json\/wp\/v2\/types\/post"}],"author":[{"embeddable":true,"href":"https:\/\/www.enerjigazetesi.ist\/en\/wp-json\/wp\/v2\/users\/1"}],"replies":[{"embeddable":true,"href":"https:\/\/www.enerjigazetesi.ist\/en\/wp-json\/wp\/v2\/comments?post=12532"}],"version-history":[{"count":2,"href":"https:\/\/www.enerjigazetesi.ist\/en\/wp-json\/wp\/v2\/posts\/12532\/revisions"}],"predecessor-version":[{"id":12534,"href":"https:\/\/www.enerjigazetesi.ist\/en\/wp-json\/wp\/v2\/posts\/12532\/revisions\/12534"}],"wp:featuredmedia":[{"embeddable":true,"href":"https:\/\/www.enerjigazetesi.ist\/en\/wp-json\/wp\/v2\/media\/6072"}],"wp:attachment":[{"href":"https:\/\/www.enerjigazetesi.ist\/en\/wp-json\/wp\/v2\/media?parent=12532"}],"wp:term":[{"taxonomy":"category","embeddable":true,"href":"https:\/\/www.enerjigazetesi.ist\/en\/wp-json\/wp\/v2\/categories?post=12532"},{"taxonomy":"post_tag","embeddable":true,"href":"https:\/\/www.enerjigazetesi.ist\/en\/wp-json\/wp\/v2\/tags?post=12532"}],"curies":[{"name":"wp","href":"https:\/\/api.w.org\/{rel}","templated":true}]}}