{"id":125221,"date":"2020-12-16T14:49:36","date_gmt":"2020-12-16T11:49:36","guid":{"rendered":"https:\/\/www.enerjigazetesi.ist\/?p=125221"},"modified":"2020-12-16T14:57:51","modified_gmt":"2020-12-16T11:57:51","slug":"dogalgaz-ve-komur-kullanimi-azaldi-elektrikli-isiticilara-ragbet-artti","status":"publish","type":"post","link":"https:\/\/www.enerjigazetesi.ist\/en\/dogalgaz-ve-komur-kullanimi-azaldi-elektrikli-isiticilara-ragbet-artti\/","title":{"rendered":"(Turkish) Do\u011falgaz ve K\u00f6m\u00fcr Kullan\u0131m\u0131 Azald\u0131, Elektrikli Is\u0131t\u0131c\u0131lara Ra\u011fbet Artt\u0131"},"content":{"rendered":"<p class=\"qtranxs-available-languages-message qtranxs-available-languages-message-en\">Sorry, this entry is only available in <a href=\"https:\/\/www.enerjigazetesi.ist\/tr\/wp-json\/wp\/v2\/posts\/125221\" class=\"qtranxs-available-language-link qtranxs-available-language-link-tr\" title=\"Turkish\">Turkish<\/a>. For the sake of viewer convenience, the content is shown below in the alternative language. You may click the link to switch the active language.<\/p><p><\/p>\n<h1><strong>D\u00fcnya Meteoroloji \u00d6rg\u00fct\u00fc&#8217;<\/strong><strong>ne g<\/strong><strong>\u00f6<\/strong><strong>re 2020 y\u0131l\u0131 bug\u00fcne kadar kaydedilen en s\u0131cak 3 y\u0131l aras\u0131nda girmeye aday g<\/strong><strong>\u00f6<\/strong><strong>sterildi. <\/strong><strong>UFO Y<\/strong><strong>\u00f6<\/strong><strong>netim Kurulu Ba\u015fkan\u0131 Mustafa Ye\u015f<\/strong><strong>il, s<\/strong><strong>\u0131cakl\u0131klar\u0131n mevsim normallerinin \u00fczerinde seyretti\u011fi bu ge\u00e7i\u015f s\u00fcrecinde do\u011fal gaz ve k<\/strong><strong>\u00f6<\/strong><strong>m\u00fcr gibi temel \u0131s\u0131nma ara\u00e7lar\u0131 yerine elektrikli \u0131s\u0131t\u0131c\u0131lar kullan\u0131ld\u0131\u011f\u0131n\u0131 belirtirken kalitesiz \u00fcr\u00fcnlerin ta\u015f\u0131d\u0131\u011f\u0131 risklere dikkat \u00e7ekti. <\/strong><\/h1>\n<p><strong>D\u00fcnya Meteoroloji \u00d6rg\u00fct\u00fc<\/strong>\u2019ne g\u00f6re salg\u0131n s\u00fcrecinde d\u00fcnya genelinde al\u0131nan soka\u011fa \u00e7\u0131kma yasa\u011f\u0131 gibi pek \u00e7ok tedbire ra\u011fmen sera gaz\u0131 etkisi artmaya devam ediyor. <strong>Ara\u015ft\u0131rmalar 2020<\/strong>\u2019nin bug\u00fcne kadar kaydedilen en s\u0131cak <strong>3 y\u0131ldan biri<\/strong> oldu\u011funu g\u00f6sterirken, T\u00fcrkiye\u2019de de s\u0131cakl\u0131klar hala mevsim <img loading=\"lazy\" class=\"alignright wp-image-125223\" src=\"https:\/\/www.enerjigazetesi.ist\/wp-content\/uploads\/2020\/12\/dogalgaz-ve-komur-kullanimi-azaldi-elektrikli-isiticilara-ragbet-artti.jpg\" alt=\"\" width=\"320\" height=\"196\" srcset=\"https:\/\/www.enerjigazetesi.ist\/wp-content\/uploads\/2020\/12\/dogalgaz-ve-komur-kullanimi-azaldi-elektrikli-isiticilara-ragbet-artti.jpg 652w, https:\/\/www.enerjigazetesi.ist\/wp-content\/uploads\/2020\/12\/dogalgaz-ve-komur-kullanimi-azaldi-elektrikli-isiticilara-ragbet-artti-300x184.jpg 300w, https:\/\/www.enerjigazetesi.ist\/wp-content\/uploads\/2020\/12\/dogalgaz-ve-komur-kullanimi-azaldi-elektrikli-isiticilara-ragbet-artti-500x307.jpg 500w, https:\/\/www.enerjigazetesi.ist\/wp-content\/uploads\/2020\/12\/dogalgaz-ve-komur-kullanimi-azaldi-elektrikli-isiticilara-ragbet-artti-80x50.jpg 80w\" sizes=\"(max-width: 320px) 100vw, 320px\" \/>normallerinin \u00fczerinde seyrediyor. Bu durum kar\u015f\u0131s\u0131nda vatanda\u015f, <strong>do\u011falgaz<\/strong> ve <strong>k\u00f6m\u00fcr<\/strong> yerine daha az maliyetli <strong>alternatif \u0131s\u0131nma y\u00f6ntemlerini<\/strong> tercih ediyor. Yetkililer, \u00f6zellikle <strong>elektrikli \u0131s\u0131nma sistemleri<\/strong>ni kullan\u0131rken <strong>kalitesiz<\/strong> ve<strong> dayanaks\u0131z<\/strong> \u00fcr\u00fcn tercihinin, <strong>\u0131s\u0131t\u0131c\u0131 kaynakl\u0131 kazalara<\/strong> davetiye \u00e7\u0131karabilece\u011fi konusunda uyar\u0131yor.<\/p>\n<p>Konuya ili\u015fkin de\u011ferlendirmede bulunan <strong>UFO<\/strong> Y\u00f6netim Kurulu Ba\u015fkan\u0131 <strong>Mustafa Ye\u015fil<\/strong>, <em>\u201cSekt\u00f6rdeki taklit cihazlar, maliyetin d\u00fc\u015f\u00fck tutulmas\u0131 i\u00e7in hem kalitesiz malzemelerden \u00fcretebiliyor hem de \u0131s\u0131t\u0131c\u0131 i\u00e7erisinde yer alan \u0131\u015f\u0131\u011f\u0131n insan sa\u011fl\u0131\u011f\u0131na uygunlu\u011fu g\u00f6z ard\u0131 edililiyor. Sonucunda ise can g\u00fcvenli\u011fi riske at\u0131l\u0131rken \u0131s\u0131t\u0131c\u0131 kaynakl\u0131 <strong>elektrik kazalar\u0131<\/strong> her ge\u00e7en d\u00fcn daha da art\u0131yor.\u201d<\/em> dedi.<\/p>\n<h2><strong>Is<\/strong><strong>\u0131t\u0131c\u0131n\u0131n kalitesi hayati <\/strong><strong>\u00f6<\/strong><strong>nem ta\u015f\u0131yor <\/strong><\/h2>\n<p>Elektrikli \u0131s\u0131t\u0131c\u0131larda<strong> \u0131s\u0131tma teli filamenti<\/strong>nin, \u00fcr\u00fcn kalitesini belirleyen \u00f6nemli fakt\u00f6rlerden biri oldu\u011funa dikkat \u00e7eken <strong>Mustafa Ye\u015fil<\/strong>, <em>\u201cBu t\u00fcr malzemelerin kaliteli olmas\u0131 cihazdan \u00e7\u0131kan \u0131\u015f\u0131k dalgas\u0131n\u0131n insan sa\u011fl\u0131\u011f\u0131na uygun, tedavi edici \u00f6zellikte olmas\u0131n\u0131 sa\u011flar. Infrared \u0131s\u0131nma olarak adland\u0131rd\u0131\u011f\u0131m\u0131z \u0131\u015f\u0131kla \u0131s\u0131tma sistemini, T\u00fcrkiye\u2019de ilk kez uygulad\u0131\u011f\u0131m\u0131zda \u0131s\u0131tma teli filamentini 17 kat daha pahal\u0131 malzemeden \u00fcrettik. Ancak bug\u00fcn taklit \u00fcr\u00fcnlerde maliyeti art\u0131rd\u0131\u011f\u0131 i\u00e7in tercih edilmeyen bu detaylar, insanlar\u0131n sa\u011fl\u0131ks\u0131z \u0131\u015f\u0131\u011fa maruz kalmas\u0131na sebep oluyor. Bunu, mikrodalgadan \u00e7\u0131kan zararl\u0131 \u0131\u015f\u0131klar gibi d\u00fc\u015f\u00fcnebiliriz. G\u00f6zle g\u00f6r\u00fclmez ama ba\u015f a\u011fr\u0131s\u0131 yapar, sa\u011fl\u0131\u011fa zarar verir, yorgunluk yapar. UFO \u0131\u015f\u0131\u011f\u0131 bunun tam tersi rahatlat\u0131c\u0131, zindelik, sa\u011fl\u0131k verici etkidedir. Ayn\u0131 zamanda bu do\u011fru dalgalar g\u00fcvenli\u011fi de \u00fcst seviyede tutar.\u201d<\/em> dedi.<\/p>\n<p>Halk aras\u0131nda ucuz olan\u0131n tasarruf sa\u011flayaca\u011f\u0131na dair bir yan\u0131lg\u0131 oldu\u011funa da de\u011finen Ye\u015fil, <em>\u201cHalk\u0131n ucuz olan\u0131 tercih etmeye al\u0131\u015ft\u0131\u011f\u0131n\u0131 ve bu sayede tasarruf sa\u011flad\u0131\u011f\u0131n\u0131 d\u00fc\u015f\u00fcnd\u00fc\u011f\u00fcn\u00fc g\u00f6r\u00fcyoruz. Oysa elektrikli \u0131s\u0131t\u0131c\u0131dan tasarruf yapmaya \u00e7al\u0131\u015fmak b\u00fcy\u00fck bir hatad\u0131r. Aksine; kalitesiz ve ucuz \u0131s\u0131t\u0131c\u0131 enerji t\u00fcketimi ile zarara u\u011frat\u0131r, \u00e7abuk bozulur ve en \u00f6nemlisi, bozulurken elektrik \u00e7arpmas\u0131, kablo yanmas\u0131, yang\u0131n gibi risklere neden olur. Is\u0131t\u0131c\u0131 kaliteli ve uzun \u00f6m\u00fcrl\u00fc olmal\u0131d\u0131r. Kaliteli \u0131s\u0131t\u0131c\u0131lar onlarca y\u0131l gidebilir. Dolay\u0131s\u0131yla esas tasarruf sa\u011flayan, bir \u0131s\u0131t\u0131c\u0131n\u0131n g\u00fcvenli\u011fi ve kalitesidir. \u00dcstelik bu kriterler, hayati \u00f6nem de ta\u015f\u0131r.\u201d\u00a0<\/em>diye ekledi.<\/p>\n<h2><strong>\u00c7a\u011f\u0131n ihtiya\u00e7lar\u0131n\u0131 kar\u015f\u0131lamak i\u00e7in yeniden yap\u0131lanma s\u00fcrecine girildi <\/strong><\/h2>\n<p><strong>UFO<\/strong> olarak <strong>T\u00fcrkiye<\/strong>\u2019de yeniden b\u00fcy\u00fcme karar\u0131 verdiklerini de a\u00e7\u0131klayan <strong>Mustafa Ye\u015fil<\/strong>,<em> \u201c\u00c7a\u011f\u0131n ihtiya\u00e7lar\u0131na \u00e7a\u011fa uygu teknolojilerle yan\u0131t vermek, insana hizmet eden yap\u0131n\u0131n en temel sorumlulu\u011fu. UFO olarak bizler de yeniden yap\u0131lanma s\u00fcrecine girdi\u011fimiz bu d\u00f6nemde departmanlar\u0131m\u0131z\u0131 ve \u00fcretimimizi de yap\u0131lanma s\u00fcrecine dahil ettik. Bayilik sistemini de yeniden hayata ge\u00e7irmek \u00fczere T\u00fcrkiye\u2019nin her yerinde gerekli \u00e7al\u0131\u015fmalar\u0131 ba\u015flatt\u0131k. G\u00fcn\u00fcm\u00fcz bayilik sisteminin eksiklerini ve yetersizliklerini baz alarak, gelece\u011fe y\u00f6nelik, teknolojik ve yenilik\u00e7i i\u015f birliklerini yapmak \u00fczere gelece\u011fin bayilik sisteminin ad\u0131mlar\u0131n\u0131 att\u0131k. \u00dcr\u00fcnlerimizin kalitesini ise y\u0131llard\u0131r oldu\u011fu gibi en \u00fcst seviyede tutmay\u0131, sekt\u00f6rel yenilikleri ilk s\u0131radan takip etmeyi s\u00fcrd\u00fcr\u00fcyoruz. T\u00fcm bunlar\u0131 yaparken temel hedefimiz, m\u00fc\u015fteri memnuniyetini s\u00f6zde de\u011fil \u00f6zde sa\u011flamak.\u201d<\/em> ifadelerini kulland\u0131.<\/p>","protected":false},"excerpt":{"rendered":"<p>Sorry, this entry is only available in Turkish. For the sake of viewer convenience, the content is shown below in the alternative language. You may click the link to switch the active language. D\u00fcnya Meteoroloji \u00d6rg\u00fct\u00fc&#8217;ne g\u00f6re 2020 y\u0131l\u0131 bug\u00fcne kadar kaydedilen en s\u0131cak 3 y\u0131l aras\u0131nda girmeye aday g\u00f6sterildi. UFO Y\u00f6netim Kurulu Ba\u015fkan\u0131 Mustafa [&hellip;]<\/p>\n","protected":false},"author":1,"featured_media":125223,"comment_status":"open","ping_status":"open","sticky":false,"template":"","format":"standard","meta":[],"categories":[46,51,53,24649],"tags":[5029,83526,83525,83524,52259,63277],"views":217,"_links":{"self":[{"href":"https:\/\/www.enerjigazetesi.ist\/en\/wp-json\/wp\/v2\/posts\/125221"}],"collection":[{"href":"https:\/\/www.enerjigazetesi.ist\/en\/wp-json\/wp\/v2\/posts"}],"about":[{"href":"https:\/\/www.enerjigazetesi.ist\/en\/wp-json\/wp\/v2\/types\/post"}],"author":[{"embeddable":true,"href":"https:\/\/www.enerjigazetesi.ist\/en\/wp-json\/wp\/v2\/users\/1"}],"replies":[{"embeddable":true,"href":"https:\/\/www.enerjigazetesi.ist\/en\/wp-json\/wp\/v2\/comments?post=125221"}],"version-history":[{"count":0,"href":"https:\/\/www.enerjigazetesi.ist\/en\/wp-json\/wp\/v2\/posts\/125221\/revisions"}],"wp:featuredmedia":[{"embeddable":true,"href":"https:\/\/www.enerjigazetesi.ist\/en\/wp-json\/wp\/v2\/media\/125223"}],"wp:attachment":[{"href":"https:\/\/www.enerjigazetesi.ist\/en\/wp-json\/wp\/v2\/media?parent=125221"}],"wp:term":[{"taxonomy":"category","embeddable":true,"href":"https:\/\/www.enerjigazetesi.ist\/en\/wp-json\/wp\/v2\/categories?post=125221"},{"taxonomy":"post_tag","embeddable":true,"href":"https:\/\/www.enerjigazetesi.ist\/en\/wp-json\/wp\/v2\/tags?post=125221"}],"curies":[{"name":"wp","href":"https:\/\/api.w.org\/{rel}","templated":true}]}}