{"id":125112,"date":"2020-12-14T10:40:37","date_gmt":"2020-12-14T07:40:37","guid":{"rendered":"https:\/\/www.enerjigazetesi.ist\/?p=125112"},"modified":"2020-12-14T10:40:37","modified_gmt":"2020-12-14T07:40:37","slug":"enerji-bakanligi-staj-seferberligi-projesi-duyurusunu-yayimladi","status":"publish","type":"post","link":"https:\/\/www.enerjigazetesi.ist\/en\/enerji-bakanligi-staj-seferberligi-projesi-duyurusunu-yayimladi\/","title":{"rendered":"(Turkish) Enerji Bakanl\u0131\u011f\u0131 &#8216;Staj Seferberli\u011fi Projesi&#8217; Duyurusunu Yay\u0131mlad\u0131"},"content":{"rendered":"<p class=\"qtranxs-available-languages-message qtranxs-available-languages-message-en\">Sorry, this entry is only available in <a href=\"https:\/\/www.enerjigazetesi.ist\/tr\/wp-json\/wp\/v2\/posts\/125112\" class=\"qtranxs-available-language-link qtranxs-available-language-link-tr\" title=\"Turkish\">Turkish<\/a>. For the sake of viewer convenience, the content is shown below in the alternative language. You may click the link to switch the active language.<\/p><p><\/p>\n<h1><strong>Enerji ve Tabii Kaynaklar Bakanl\u0131\u011f\u0131&#8217;nca &#8216;Staj Seferberli\u011fi Projesi&#8217; \u00e7er\u00e7evesinde staj <img loading=\"lazy\" class=\"alignright wp-image-125115\" src=\"https:\/\/www.enerjigazetesi.ist\/wp-content\/uploads\/2020\/12\/enerji-bakanligi-staj-seferberligi-projesi-duyurusunu-yayimladi.jpg\" alt=\"\" width=\"340\" height=\"226\" srcset=\"https:\/\/www.enerjigazetesi.ist\/wp-content\/uploads\/2020\/12\/enerji-bakanligi-staj-seferberligi-projesi-duyurusunu-yayimladi.jpg 660w, https:\/\/www.enerjigazetesi.ist\/wp-content\/uploads\/2020\/12\/enerji-bakanligi-staj-seferberligi-projesi-duyurusunu-yayimladi-300x199.jpg 300w, https:\/\/www.enerjigazetesi.ist\/wp-content\/uploads\/2020\/12\/enerji-bakanligi-staj-seferberligi-projesi-duyurusunu-yayimladi-500x332.jpg 500w, https:\/\/www.enerjigazetesi.ist\/wp-content\/uploads\/2020\/12\/enerji-bakanligi-staj-seferberligi-projesi-duyurusunu-yayimladi-75x50.jpg 75w, https:\/\/www.enerjigazetesi.ist\/wp-content\/uploads\/2020\/12\/enerji-bakanligi-staj-seferberligi-projesi-duyurusunu-yayimladi-450x300.jpg 450w\" sizes=\"(max-width: 340px) 100vw, 340px\" \/>imkanlar\u0131na y\u00f6nelik duyuru yay\u0131mland\u0131.<\/strong><\/h1>\n<p><strong>Cumhurba\u015fkanl\u0131\u011f\u0131 \u0130nsan Kaynaklar\u0131 Ofisi Ba\u015fkanl\u0131\u011f\u0131<\/strong>&#8216;n\u0131n ba\u015flatt\u0131\u011f\u0131 <strong>\u201cStaj Seferberli\u011fi Projesi\u201d<\/strong> kapsam\u0131nda <strong>2021 y\u0131l\u0131<\/strong> itibar\u0131yla <strong>\u00fcniversite \u00f6\u011frencilerine staj<\/strong> imkanlar\u0131 sa\u011flanacak.<\/p>\n<p><strong>Enerji ve Tabii Kaynaklar Bakanl\u0131\u011f\u0131<\/strong>&#8216; ise konuya y\u00f6nelik <span style=\"text-decoration: underline;\">\u015fu duyuruyu payla\u015fm\u0131\u015ft\u0131r:<\/span><\/p>\n<p><em><strong>27\/10\/2020<\/strong> tarihli <strong>31287<\/strong> say\u0131l\u0131 (m\u00fckerrer) <strong>Resmi Gazete<\/strong>\u2019de <strong>Cumhurba\u015fkan\u0131 Karar\u0131<\/strong> olarak yay\u0131mlanarak y\u00fcr\u00fcrl\u00fc\u011fe giren \u201c2021 Y\u0131l\u0131 Cumhurba\u015fkanl\u0131\u011f\u0131 Y\u0131ll\u0131k Programlar\u0131&#8217;n\u0131n <strong>571.2 say\u0131l\u0131 tedbirine<\/strong> istinaden <strong>2021 y\u0131l\u0131ndan<\/strong> itibaren <strong>\u00fcniversite \u00f6\u011frencilerinin<\/strong> <strong>staj ba\u015fvurular\u0131<\/strong> <strong>Staj Seferberli\u011fi Projesi<\/strong> Kapsam\u0131nda <strong>Kariyer Kap\u0131s\u0131<\/strong> \u00fczerinden al\u0131nacak.<\/em><\/p>\n<p><em>\u0130lgili ilanlar\u0131 takip ederek ba\u015fvuru yapmak i\u00e7in\u00a0<strong><a href=\"https:\/\/kariyerkapisi.cbiko.gov.tr\/\" target=\"_blank\" rel=\"nofollow noopener\">TIKLAYIN &gt;&gt;&gt;<\/a><\/strong><\/em><\/p>","protected":false},"excerpt":{"rendered":"<p>Sorry, this entry is only available in Turkish. For the sake of viewer convenience, the content is shown below in the alternative language. You may click the link to switch the active language. Enerji ve Tabii Kaynaklar Bakanl\u0131\u011f\u0131&#8217;nca &#8216;Staj Seferberli\u011fi Projesi&#8217; \u00e7er\u00e7evesinde staj imkanlar\u0131na y\u00f6nelik duyuru yay\u0131mland\u0131. Cumhurba\u015fkanl\u0131\u011f\u0131 \u0130nsan Kaynaklar\u0131 Ofisi Ba\u015fkanl\u0131\u011f\u0131&#8216;n\u0131n ba\u015flatt\u0131\u011f\u0131 \u201cStaj Seferberli\u011fi [&hellip;]<\/p>\n","protected":false},"author":1,"featured_media":125115,"comment_status":"open","ping_status":"open","sticky":false,"template":"","format":"standard","meta":[],"categories":[51,53],"tags":[83456,52259,83458,1972,83460,83459,83455,83461,83457],"views":200,"_links":{"self":[{"href":"https:\/\/www.enerjigazetesi.ist\/en\/wp-json\/wp\/v2\/posts\/125112"}],"collection":[{"href":"https:\/\/www.enerjigazetesi.ist\/en\/wp-json\/wp\/v2\/posts"}],"about":[{"href":"https:\/\/www.enerjigazetesi.ist\/en\/wp-json\/wp\/v2\/types\/post"}],"author":[{"embeddable":true,"href":"https:\/\/www.enerjigazetesi.ist\/en\/wp-json\/wp\/v2\/users\/1"}],"replies":[{"embeddable":true,"href":"https:\/\/www.enerjigazetesi.ist\/en\/wp-json\/wp\/v2\/comments?post=125112"}],"version-history":[{"count":0,"href":"https:\/\/www.enerjigazetesi.ist\/en\/wp-json\/wp\/v2\/posts\/125112\/revisions"}],"wp:featuredmedia":[{"embeddable":true,"href":"https:\/\/www.enerjigazetesi.ist\/en\/wp-json\/wp\/v2\/media\/125115"}],"wp:attachment":[{"href":"https:\/\/www.enerjigazetesi.ist\/en\/wp-json\/wp\/v2\/media?parent=125112"}],"wp:term":[{"taxonomy":"category","embeddable":true,"href":"https:\/\/www.enerjigazetesi.ist\/en\/wp-json\/wp\/v2\/categories?post=125112"},{"taxonomy":"post_tag","embeddable":true,"href":"https:\/\/www.enerjigazetesi.ist\/en\/wp-json\/wp\/v2\/tags?post=125112"}],"curies":[{"name":"wp","href":"https:\/\/api.w.org\/{rel}","templated":true}]}}