{"id":125060,"date":"2020-12-13T11:28:26","date_gmt":"2020-12-13T08:28:26","guid":{"rendered":"https:\/\/www.enerjigazetesi.ist\/?p=125060"},"modified":"2020-12-13T11:31:22","modified_gmt":"2020-12-13T08:31:22","slug":"uluslararasi-yatirim-zirvesi-gelecek-donem-yatirim-trendlerini-ortaya-koydu","status":"publish","type":"post","link":"https:\/\/www.enerjigazetesi.ist\/en\/uluslararasi-yatirim-zirvesi-gelecek-donem-yatirim-trendlerini-ortaya-koydu\/","title":{"rendered":"(Turkish) Uluslararas\u0131 Yat\u0131r\u0131m Zirvesi Gelecek D\u00f6nem Yat\u0131r\u0131m Trendlerini Ortaya Koydu"},"content":{"rendered":"<p class=\"qtranxs-available-languages-message qtranxs-available-languages-message-en\">Sorry, this entry is only available in <a href=\"https:\/\/www.enerjigazetesi.ist\/tr\/wp-json\/wp\/v2\/posts\/125060\" class=\"qtranxs-available-language-link qtranxs-available-language-link-tr\" title=\"Turkish\">Turkish<\/a>. For the sake of viewer convenience, the content is shown below in the alternative language. You may click the link to switch the active language.<\/p><p><\/p>\n<h1><strong>Uluslararas\u0131 Yat\u0131r\u0131mc\u0131lar Derne\u011fi\u2019nin (YASED) SOCAR T\u00fcrkiye\u2019nin ana sponsorlu\u011funda SAP, Boeing, Fiat, Kale Grubu, Oyak Renault Otomobil Fabrikalar\u0131 ve PepsiCo\u2019nun sponsorlu\u011funda d\u00fczenledi\u011fi, 5 g\u00fcn s\u00fcren Uluslararas\u0131 Yat\u0131r\u0131m Zirvesi sona erdi. Zirvede hem T\u00fcrkiye\u2019nin hem de d\u00fcnyan\u0131n gelecek d\u00f6nemde yat\u0131r\u0131m <img loading=\"lazy\" class=\"alignright wp-image-125062\" src=\"https:\/\/www.enerjigazetesi.ist\/wp-content\/uploads\/2020\/12\/uluslararasi-yatirim-zirvesi-gelecek-donem-yatirim-trendlerini-ortaya-koydu-2.jpg\" alt=\"\" width=\"320\" height=\"480\" srcset=\"https:\/\/www.enerjigazetesi.ist\/wp-content\/uploads\/2020\/12\/uluslararasi-yatirim-zirvesi-gelecek-donem-yatirim-trendlerini-ortaya-koydu-2.jpg 325w, https:\/\/www.enerjigazetesi.ist\/wp-content\/uploads\/2020\/12\/uluslararasi-yatirim-zirvesi-gelecek-donem-yatirim-trendlerini-ortaya-koydu-2-200x300.jpg 200w, https:\/\/www.enerjigazetesi.ist\/wp-content\/uploads\/2020\/12\/uluslararasi-yatirim-zirvesi-gelecek-donem-yatirim-trendlerini-ortaya-koydu-2-266x400.jpg 266w, https:\/\/www.enerjigazetesi.ist\/wp-content\/uploads\/2020\/12\/uluslararasi-yatirim-zirvesi-gelecek-donem-yatirim-trendlerini-ortaya-koydu-2-33x50.jpg 33w\" sizes=\"(max-width: 320px) 100vw, 320px\" \/>trendlerini ortaya koydu.<\/strong><\/h1>\n<p><em>Uluslararas\u0131 Yat\u0131r\u0131mc\u0131lar Derne\u011fi\u2019nin (YASED)<\/em> <strong>SOCAR T\u00fcrkiye<\/strong>\u2019nin ana sponsorlu\u011funda <strong>SAP, Boeing, Fiat, Kale Grubu, Oyak Renault Otomobil Fabrikalar\u0131<\/strong> ve <strong>PepsiCo<\/strong>\u2019nun sponsorlu\u011funda d\u00fczenledi\u011fi ve<strong> ABD\u2019den \u00c7in\u2019e<\/strong> <strong>kadar<\/strong> t\u00fcm d\u00fcnyadaki uluslararas\u0131 do\u011frudan yat\u0131r\u0131mlar\u0131n gelece\u011fine dair g\u00fc\u00e7l\u00fc \u00f6ng\u00f6r\u00fclerin payla\u015f\u0131ld\u0131\u011f\u0131 <strong>Uluslararas\u0131 Yat\u0131r\u0131m Zirvesi<\/strong> sona erdi. <strong>5 g\u00fcn s\u00fcren<\/strong> zirve ile T\u00fcrkiye\u2019nin g\u00fcndemi, uluslararas\u0131 do\u011frudan yat\u0131r\u0131mlara \u00e7evrildi.<\/p>\n<p>Zirve hakk\u0131nda konu\u015fan YASED Ba\u015fkan\u0131 <strong>Ay\u015fem Sarg\u0131n<\/strong>, <em>\u201cYASED\u2019in k\u0131rk y\u0131l\u0131 \u015f\u00fcphesiz \u00fcyelerinin T\u00fcrkiye\u2019ye g\u00f6sterdi\u011fi bir ba\u011fl\u0131l\u0131k ve g\u00fcvenin bir kan\u0131t\u0131d\u0131r. T\u00fcrkiye, b\u00fcy\u00fcyen ekonomisi, gen\u00e7 ve yetenekli i\u015f g\u00fcc\u00fc, geli\u015fmi\u015f i\u015f k\u00fclt\u00fcr\u00fc ve kilit pazarlara ula\u015f\u0131m\u0131 ile bize kayda de\u011fer imkanlar sa\u011flad\u0131. Ve T\u00fcrkiye\u2019nin uluslararas\u0131 \u015firketleri olarak, y\u00fcksek katma de\u011ferli \u00fcretim, i\u015f imkanlar, ihracat ve Ar-Ge ile T\u00fcrkiye\u2019nin b\u00fcy\u00fcmesine katk\u0131 sa\u011flad\u0131k. T\u00fcrkiye\u2019nin g\u00fc\u00e7l\u00fc potansiyeline inanmaya devam ettik ve \u00f6n\u00fcm\u00fczdeki y\u0131llardaki ba\u015far\u0131s\u0131na katk\u0131 sa\u011flamay\u0131 sab\u0131rs\u0131zl\u0131kla bekliyoruz\u201d<\/em> dedi.<\/p>\n<h2><strong>\u2018K\u00fcresel pazar yat\u0131r\u0131mc\u0131lara yeni imkanlar sunmaya devam edecek\u2019<\/strong><\/h2>\n<p><strong>Cumhurba\u015fkan\u0131 Recep Tayyip Erdo\u011fan, Cumhurba\u015fkan\u0131 Yard\u0131mc\u0131s\u0131 Fuat Oktay, Hazine ve Maliye Bakan\u0131 L\u00fctfi Elvan, Sanayi ve Teknoloji Bakan\u0131 Mustafa Varank, Ticaret Bakan\u0131 Ruhsar Pekcan ve Cumhurba\u015fkanl\u0131\u011f\u0131 Yat\u0131r\u0131m Ofisi Ba\u015fkan\u0131 A. Burak Da\u011fl\u0131o\u011flu<\/strong> gibi T\u00fcrkiye\u2019deki yat\u0131r\u0131m ortam\u0131n\u0131 belirleyen H\u00fck\u00fcmet ve kamu temsilcilerinin de zirveye kat\u0131l\u0131m g\u00f6sterdiklerini hat\u0131rlatan YASED Ba\u015fkan\u0131 Sarg\u0131n, <span style=\"text-decoration: underline;\">\u015f\u00f6yle devam etti:<\/span> <em>\u201cOyunun kurallar\u0131 de\u011fi\u015fiyor ve yat\u0131r\u0131mc\u0131lar salg\u0131n sonras\u0131 s\u00fcre\u00e7te rekabet\u00e7i kalmaya haz\u0131rlan\u0131rken bug\u00fcn\u00fcn de\u011fi\u015fen dinamiklerini yakalamaya \u00e7al\u0131\u015f\u0131yorlar. Uluslararas\u0131 do\u011frudan yat\u0131r\u0131m i\u00e7in, d\u00fc\u015f\u00fc\u015f e\u011filiminin en az birka\u00e7 y\u0131l daha devam etmesini bekliyoruz. Fakat, di\u011fer her \u015fey gibi, uluslararas\u0131 do\u011frudan yat\u0131r\u0131m da d\u00f6n\u00fc\u015fecek ve iyile\u015fecek. B\u00f6lgeselle\u015fme, yat\u0131r\u0131mlar\u0131n \u00fclke i\u00e7ine ta\u015f\u0131nmas\u0131, \u00fcretimin ulusalla\u015fmas\u0131 ve k\u00fcresel tedarik zincirinin yeniden \u015fekillendirilmesi gibi baz\u0131 trendlerin y\u00fckselmesini \u00f6ng\u00f6r\u00fcyoruz. T\u00fcm bu de\u011fi\u015fimlere ra\u011fmen, k\u00fcresel pazar\u0131n yat\u0131r\u0131mc\u0131lara yeni imkanlar sunmaya devam edece\u011fini biliyoruz.\u201d<\/em><\/p>\n<h2><strong>\u2018T\u00fcrkiye\u2019nin yat\u0131r\u0131m potansiyeline bir kez daha tan\u0131k olduk\u2019<\/strong><\/h2>\n<p><strong>7-11 Aral\u0131k 2020<\/strong> tarihlerinde ger\u00e7ekle\u015fen <strong>Uluslararas\u0131 Yat\u0131r\u0131m Zirvesi<\/strong>\u2019nde T\u00fcrkiye\u2019nin yat\u0131r\u0131m potansiyeline bir kez daha tan\u0131k olduklar\u0131n\u0131 dile getiren YASED Y\u00f6netim Kurulu Ba\u015fkan Vekili ve SOCAR T\u00fcrkiye CEO&#8217;su <strong>Zaur Gahramanov<\/strong>, \u201c<em>T\u00fcrkiye\u2019nin salg\u0131n sonras\u0131nda de\u011fi\u015fen d\u00fcnya ko\u015fullar\u0131nda yeni ve g\u00fc\u00e7l\u00fc bir pozisyon alaca\u011f\u0131na inan\u0131yor ve bunun i\u015faretlerini g\u00f6r\u00fcyoruz. Stratejik konumu nedeniyle yat\u0131r\u0131mc\u0131lar i\u00e7in \u00f6zel bir yere sahip olan T\u00fcrkiye, gerek k\u00fcresel tedarik zincirleri gerekse b\u00fcy\u00fck potansiyel bar\u0131nd\u0131ran i\u00e7 pazar\u0131 ile yat\u0131r\u0131mc\u0131lar\u0131n her zaman ajandas\u0131nda yer alacakt\u0131r. Pandemi nedeniyle ilk kez online olarak yap\u0131lmas\u0131na ra\u011fmen y\u00fcksek kat\u0131l\u0131m ile ger\u00e7ekle\u015ftirilen bu zirve, gelecek i\u00e7in bize umut veriyor; katk\u0131da bulunanlara bir kez daha te\u015fekk\u00fcr ederim\u201d<\/em> diye konu\u015ftu.<\/p>\n<h2><strong>\u2018Kurumlar, beklenmedik krizlere kar\u015f\u0131 dijitalle\u015fmesini h\u0131zland\u0131racak\u2019<\/strong><\/h2>\n<p>Covid-19 nedeniyle ya\u015fam\u0131n her alan\u0131nda oldu\u011fu gibi i\u015f s\u00fcre\u00e7lerinde de kesintiler oldu\u011funu anlatan SAP T\u00fcrkiye Genel M\u00fcd\u00fcr\u00fc U\u011fur Candan, \u015f\u00f6yle devam etti: <em>\u201cAncak dijital d\u00f6n\u00fc\u015f\u00fcm\u00fcn\u00fc ger\u00e7ekle\u015ftirmi\u015f olan kurumlar\u0131n pandemi kar\u015f\u0131s\u0131nda daha iyi bir s\u0131nav verdiklerini g\u00f6rd\u00fck. Bu durum i\u015flerin devaml\u0131l\u0131\u011f\u0131 i\u00e7in teknolojinin ne denli \u00f6nemli oldu\u011funu bir kez daha ortaya koydu. B\u00f6ylesine beklenmedik krizler kar\u015f\u0131s\u0131nda dayan\u0131kl\u0131l\u0131k ve s\u00fcrd\u00fcr\u00fclebilirlik imk\u00e2n\u0131 tan\u0131mas\u0131 nedeniyle kurumlar bundan sonraki d\u00f6nemde de dijitalle\u015fmesini h\u0131zland\u0131racak. \u00d6zellikle her d\u00f6nem sa\u011flad\u0131\u011f\u0131 \u00e7eviklik ve h\u0131z\u0131n yan\u0131nda, esnek \u00e7al\u0131\u015fma modellerine ge\u00e7i\u015fi kolayla\u015ft\u0131rd\u0131\u011f\u0131 i\u00e7in bulut teknolojileri daha \u00f6n planda olacak. SAP olarak biz de \u2018D\u00fcnyay\u0131 daha ya\u015fan\u0131l\u0131r k\u0131lmak ve insan hayat\u0131n\u0131 iyile\u015ftirmek\u2019 vizyonumuz do\u011frultusunda m\u00fc\u015fterilerimize sundu\u011fumuz yenilik\u00e7i \u00e7\u00f6z\u00fcmlerle dijital d\u00f6n\u00fc\u015f\u00fcm\u00fcn tam merkezinde yer al\u0131yoruz. T\u00fcrkiye\u2019de 60\u2019dan fazla yerel i\u015f orta\u011f\u0131m\u0131z ile birlikte T\u00fcrk \u015firketlerinin dijitalle\u015fme yolculu\u011funda en yak\u0131n i\u015f orta\u011f\u0131 olarak \u00e7al\u0131\u015f\u0131yoruz. Bir yandan da yak\u0131n co\u011frafyada teknoloji ve inovasyon merkez \u00fcss\u00fc olarak g\u00f6rd\u00fc\u011f\u00fcm\u00fcz T\u00fcrkiye\u2019ye yat\u0131r\u0131mlar\u0131m\u0131za devam ediyoruz. 2013\u2019den beri faaliyet g\u00f6steren Yaz\u0131l\u0131m Geli\u015ftirme Merkezi\u2019miz de SAP\u2019nin T\u00fcrkiye ekonomisine duydu\u011fu g\u00fcvenin \u00f6nemli bir g\u00f6stergesi. K\u00fcresel yat\u0131r\u0131m trendlerinin tart\u0131\u015f\u0131ld\u0131\u011f\u0131 ve konunun t\u00fcm payda\u015flar\u0131n\u0131n bir araya geldi\u011fi Uluslararas\u0131 Yat\u0131r\u0131m Zirvesi\u2019ne YASED\u2019in bir \u00fcyesi olarak destek olmaktan dolay\u0131 b\u00fcy\u00fck mutluluk duyuyoruz. SAP olarak T\u00fcrkiye\u2019de gen\u00e7 istihdam\u0131n\u0131 art\u0131rmaya y\u00f6nelik e\u011fitim programlar\u0131m\u0131z, i\u015f d\u00fcnyas\u0131 \u00f6rg\u00fctlerindeki aktif \u00e7al\u0131\u015fmalar\u0131m\u0131z, farkl\u0131 alanlardaki sponsorluk faaliyetlerimiz ile bili\u015fim sekt\u00f6r\u00fcn\u00fcn geli\u015fmesine \u015fu ana kadar oldu\u011fu gibi bundan sonra da katk\u0131 sa\u011flamaya devam edece\u011fiz.\u201d<\/em><\/p>\n<h2><strong>\u2018Zirve hem yat\u0131r\u0131mc\u0131lar hem de \u00fclkeler a\u00e7\u0131s\u0131ndan f\u0131rsat sundu\u2019<\/strong><\/h2>\n<p>D\u00fcnyan\u0131n nas\u0131l h\u0131zla de\u011fi\u015fip d\u00f6n\u00fc\u015ft\u00fc\u011f\u00fcn\u00fcn, k\u00fcresel salg\u0131nla birlikte \u00e7ok daha \u00e7arp\u0131c\u0131 \u015fekilde g\u00f6r\u00fcn\u00fcr hale geldi\u011fini s\u00f6yleyen Kale Grubu Ba\u015fkan Yard\u0131mc\u0131s\u0131 ve Teknik B\u00f6l\u00fcm Ba\u015fkan\u0131 <strong>Osman Okyay<\/strong>, <em>\u201cB\u00fct\u00fcn dinamikleri k\u00f6kten de\u011fi\u015ftiren, dolay\u0131s\u0131yla yat\u0131r\u0131m ortam\u0131n\u0131n da evrildi\u011fi bu kritik d\u00f6nemde k\u00fcresel yat\u0131r\u0131mc\u0131lar\u0131n bir araya geldi\u011fi, gelece\u011fin yat\u0131r\u0131m ortam\u0131n\u0131n ele al\u0131nd\u0131\u011f\u0131, yap\u0131lmas\u0131 gerekenlerin konu\u015fuldu\u011fu YASED Uluslararas\u0131 Yat\u0131r\u0131m Zirvesi, hem yat\u0131r\u0131mc\u0131lar hem de \u00fclkeler a\u00e7\u0131s\u0131ndan \u00e7ok iyi bir f\u0131rsat sundu. Zirvenin \u00f6zellikle k\u00fcresel tedarik zincirlerinin \u00f6n\u00fcm\u00fczdeki d\u00f6nemde teknolojik ve s\u00fcrd\u00fcr\u00fclebilir d\u00f6n\u00fc\u015f\u00fcmlerle alaca\u011f\u0131 yeni forma ve kar\u015f\u0131 kar\u015f\u0131ya oldu\u011fumuz \u201cyeni normale\u201d dair bizleri \u00e7\u0131kard\u0131\u011f\u0131 ufuk turunu \u00e7ok de\u011ferli buluyorum. Uluslararas\u0131 i\u015f birli\u011finin ve uluslararas\u0131 yat\u0131r\u0131mlar\u0131n; ancak inovasyonla, iyi y\u00f6neti\u015fimle, teknoloji transferi ve bilgi\/veri payla\u015f\u0131m\u0131yla desteklendi\u011fi takdirde katma de\u011fer yarataca\u011f\u0131 y\u00f6n\u00fcnde hemen hemen b\u00fct\u00fcn kat\u0131l\u0131mc\u0131lar\u0131n yapt\u0131\u011f\u0131 de\u011ferli vurgu \u00e7ok hayati. \u00dclkemizin, hem g\u00fc\u00e7l\u00fc i\u015f g\u00fcc\u00fc ve yat\u0131r\u0131m potansiyeliyle, hem jeostratejik avantajlar\u0131yla gelece\u011fin yeni tedarik zincirlerinin merkezinde yer alabilmesi i\u00e7in k\u0131ymetli avantajlar\u0131 oldu\u011funu g\u00f6r\u00fcp umudumuzu peki\u015ftiren bulu\u015fma i\u00e7in YASED\u2019e te\u015fekk\u00fcr ediyor, olduk\u00e7a verimli ge\u00e7en zirveyi \u00fclkemizin b\u00fcy\u00fck at\u0131l\u0131mlar yapabilmesi yolunda g\u00fc\u00e7l\u00fc bir basamak olarak g\u00f6r\u00fcyorum. T\u00fcrkiye\u2019nin parlak gelece\u011fine ve g\u00fc\u00e7l\u00fc potansiyeline olan inanc\u0131m\u0131zla 63 y\u0131ld\u0131r \u00fcreten ve yat\u0131r\u0131m yapan bir sanayi grubu olarak bug\u00fcn \u00fclkece bulundu\u011fumuz noktadan daha fazlas\u0131n\u0131 yapabilece\u011fimizi biliyor; k\u00fcresel yat\u0131r\u0131mlar\u0131n da katk\u0131s\u0131yla yeni d\u00f6nemde de g\u00fc\u00e7l\u00fc bir \u015fekilde ilerleyece\u011fimize inan\u0131yorum\u201d<\/em> dedi.<\/p>\n<h2><strong>\u2018Daha g\u00fc\u00e7l\u00fc bir ekonomi i\u00e7in \u00e7\u0131kt\u0131lar\u0131n ilham vermesini dilerim\u2019<\/strong><\/h2>\n<p>PepsiCo olarak, YASED taraf\u0131ndan d\u00fczenlenen Uluslararas\u0131 Yat\u0131r\u0131m Zirvesi\u2019ne kat\u0131lm\u0131\u015f olmaktan mutluluk duyduklar\u0131n\u0131 ifade eden PepsiCo Genel M\u00fcd\u00fcr\u00fc Ece Aksel, \u201cHem \u00fclkemiz ekonomisine hem de topluma daha fazla fayda yaratmaya y\u00f6nelik yakla\u015f\u0131m\u0131m\u0131zla, her zaman oda\u011f\u0131m\u0131zdaki dijital d\u00f6n\u00fc\u015f\u00fcm, inovasyon, s\u00fcrd\u00fcr\u00fclebilirlik konular\u0131nda ilgili konu\u015fmac\u0131lar\u0131n payla\u015f\u0131mlar\u0131 \u00e7ok de\u011ferliydi. Daha g\u00fc\u00e7l\u00fc bir ekonomi i\u00e7in bu ba\u015fl\u0131klardaki \u00e7\u0131kt\u0131lar\u0131n t\u00fcm sekt\u00f6r ve kurumlara ilham vermesini dilerim\u201d ifadelerini kulland\u0131.<\/p>","protected":false},"excerpt":{"rendered":"<p>Sorry, this entry is only available in Turkish. For the sake of viewer convenience, the content is shown below in the alternative language. You may click the link to switch the active language. Uluslararas\u0131 Yat\u0131r\u0131mc\u0131lar Derne\u011fi\u2019nin (YASED) SOCAR T\u00fcrkiye\u2019nin ana sponsorlu\u011funda SAP, Boeing, Fiat, Kale Grubu, Oyak Renault Otomobil Fabrikalar\u0131 ve PepsiCo\u2019nun sponsorlu\u011funda d\u00fczenledi\u011fi, 5 [&hellip;]<\/p>\n","protected":false},"author":1,"featured_media":125065,"comment_status":"open","ping_status":"open","sticky":false,"template":"","format":"standard","meta":[],"categories":[51,53],"tags":[52259,83428,13124,83202,75813,82834],"views":88,"_links":{"self":[{"href":"https:\/\/www.enerjigazetesi.ist\/en\/wp-json\/wp\/v2\/posts\/125060"}],"collection":[{"href":"https:\/\/www.enerjigazetesi.ist\/en\/wp-json\/wp\/v2\/posts"}],"about":[{"href":"https:\/\/www.enerjigazetesi.ist\/en\/wp-json\/wp\/v2\/types\/post"}],"author":[{"embeddable":true,"href":"https:\/\/www.enerjigazetesi.ist\/en\/wp-json\/wp\/v2\/users\/1"}],"replies":[{"embeddable":true,"href":"https:\/\/www.enerjigazetesi.ist\/en\/wp-json\/wp\/v2\/comments?post=125060"}],"version-history":[{"count":0,"href":"https:\/\/www.enerjigazetesi.ist\/en\/wp-json\/wp\/v2\/posts\/125060\/revisions"}],"wp:featuredmedia":[{"embeddable":true,"href":"https:\/\/www.enerjigazetesi.ist\/en\/wp-json\/wp\/v2\/media\/125065"}],"wp:attachment":[{"href":"https:\/\/www.enerjigazetesi.ist\/en\/wp-json\/wp\/v2\/media?parent=125060"}],"wp:term":[{"taxonomy":"category","embeddable":true,"href":"https:\/\/www.enerjigazetesi.ist\/en\/wp-json\/wp\/v2\/categories?post=125060"},{"taxonomy":"post_tag","embeddable":true,"href":"https:\/\/www.enerjigazetesi.ist\/en\/wp-json\/wp\/v2\/tags?post=125060"}],"curies":[{"name":"wp","href":"https:\/\/api.w.org\/{rel}","templated":true}]}}