{"id":125006,"date":"2020-12-13T08:28:09","date_gmt":"2020-12-13T05:28:09","guid":{"rendered":"https:\/\/www.enerjigazetesi.ist\/?p=125006"},"modified":"2020-12-13T08:28:09","modified_gmt":"2020-12-13T05:28:09","slug":"2021-yili-enerji-bakanligi-butcesi-kabul-edildi","status":"publish","type":"post","link":"https:\/\/www.enerjigazetesi.ist\/en\/2021-yili-enerji-bakanligi-butcesi-kabul-edildi\/","title":{"rendered":"(Turkish) 2021 Y\u0131l\u0131 Enerji Bakanl\u0131\u011f\u0131 B\u00fct\u00e7esi Kabul Edildi"},"content":{"rendered":"<p class=\"qtranxs-available-languages-message qtranxs-available-languages-message-en\">Sorry, this entry is only available in <a href=\"https:\/\/www.enerjigazetesi.ist\/tr\/wp-json\/wp\/v2\/posts\/125006\" class=\"qtranxs-available-language-link qtranxs-available-language-link-tr\" title=\"Turkish\">Turkish<\/a>. For the sake of viewer convenience, the content is shown below in the alternative language. You may click the link to switch the active language.<\/p><p><\/p>\n<h1><strong>Enerji ve Tabii Kaynaklar Bakan\u0131 Fatih D\u00f6nmez taraf\u0131ndan<\/strong>\u00a0T\u00fcrkiye B\u00fcy\u00fck Millet Meclisi\u2019nde 2021 Y\u0131l\u0131 Merkezi Y\u00f6netim B\u00fct\u00e7e Kanunu Teklifi g\u00f6r\u00fc\u015fmelerine Enerji Bakanl\u0131\u011f\u0131&#8217;nca y\u00fcr\u00fct\u00fclen politikalar ve hedeflere y\u00f6nelik milletvekillerine bilgi verildi.<\/h1>\n<p>Bakan Fatih D\u00f6nmez yapt\u0131\u011f\u0131 konu\u015fmada <strong>yerli<\/strong> ve <strong>yenilenebilir kaynakl\u0131 elektrik \u00fcretimi<\/strong>nin pay\u0131n\u0131n art\u0131\u015f\u0131na y\u00f6nelik politikalar\u0131n sonu\u00e7lar\u0131n\u0131n bu kaynaklara dayal\u0131 elektrik \u00fcretiminin<strong> %60<\/strong>\u2019lar <img loading=\"lazy\" class=\"alignright wp-image-125010\" src=\"https:\/\/www.enerjigazetesi.ist\/wp-content\/uploads\/2020\/12\/2021-yili-enerji-bakanligi-butcesi-kabul-edildi-1.jpg\" alt=\"\" width=\"320\" height=\"180\" srcset=\"https:\/\/www.enerjigazetesi.ist\/wp-content\/uploads\/2020\/12\/2021-yili-enerji-bakanligi-butcesi-kabul-edildi-1.jpg 750w, https:\/\/www.enerjigazetesi.ist\/wp-content\/uploads\/2020\/12\/2021-yili-enerji-bakanligi-butcesi-kabul-edildi-1-300x169.jpg 300w, https:\/\/www.enerjigazetesi.ist\/wp-content\/uploads\/2020\/12\/2021-yili-enerji-bakanligi-butcesi-kabul-edildi-1-500x281.jpg 500w, https:\/\/www.enerjigazetesi.ist\/wp-content\/uploads\/2020\/12\/2021-yili-enerji-bakanligi-butcesi-kabul-edildi-1-80x45.jpg 80w\" sizes=\"(max-width: 320px) 100vw, 320px\" \/>seviyesine ula\u015ft\u0131\u011f\u0131n\u0131, <strong>do\u011falgaza dayal\u0131 \u00fcretimin<\/strong> yar\u0131dan fazla \u015fekilde azalarak ge\u00e7en y\u0131l ise <strong>yenilenebilir kaynakl\u0131<\/strong> olarak elektrik \u00fcretim miktar\u0131n\u0131n <strong>2002 senesindeki t\u00fcm \u00fcretimden<\/strong> fazla oldu\u011funa dikkat \u00e7ekti.<\/p>\n<p>Ayr\u0131ca D\u00f6nmez,\u00a0<strong>Yenilenebilir enerji<\/strong> ve <strong>enerji verimlili\u011fi<\/strong>ni merkeze alacak \u015fekilde at\u0131lan ad\u0131mlar\u0131n\u00a0meyvelerinin de \u015fimdi toplanmaya ba\u015fland\u0131\u011f\u0131n\u0131 belirterek\u00a0<strong>2023 y\u0131l\u0131na<\/strong> kadar <strong>yerli<\/strong> ve <strong>yenilenebilir<\/strong> enerji kaynaklar\u0131na dayal\u0131 elektrik kurulu g\u00fcc\u00fcn\u00fcn, toplam kurulu g\u00fc\u00e7 i\u00e7erisindeki pay\u0131n\u0131 <strong>% 65<\/strong>\u2019ler seviyesine ula\u015ft\u0131rmay\u0131 hedeflendi\u011fini\u00a0<strong>Enerji verimlili\u011fi<\/strong> ve kaynaklar\u0131n <strong>s\u00fcrd\u00fcr\u00fclebilir kullan\u0131m\u0131<\/strong> kapsam\u0131nda, <strong>55 eylemi<\/strong> kapsayan <strong>Ulusal Enerji Verimlili\u011fi Eylem Plan\u0131<\/strong>\u2019ndaki t\u00fcm eylemlerin uygulanmas\u0131 h\u00e2linde <strong>2033 y\u0131l\u0131na kadar<\/strong> yakla\u015f\u0131k <strong>30 milyar dolarl\u0131k<\/strong> mali tasarruf hedeflenmi\u015f olup baz\u0131 tasarruflar\u0131n etkisi <strong>2040 y\u0131l\u0131na kadar<\/strong> da s\u00fcrece\u011fini ve bu eylemlerin hayata ge\u00e7irilmesiyle 2023 y\u0131l\u0131na kadar <strong>sera gaz\u0131 sal\u0131m\u0131<\/strong>nda <strong>66 milyon ton karbondioksit azalt\u0131m\u0131<\/strong> sa\u011flanarak yap\u0131lacak <strong>1 birim<\/strong> maliyetli yat\u0131r\u0131mla <strong>3 birim tasarruf<\/strong> etme imk\u00e2n\u0131n\u0131n olaca\u011f\u0131n\u0131 dile getirdi.<\/p>","protected":false},"excerpt":{"rendered":"<p>Sorry, this entry is only available in Turkish. For the sake of viewer convenience, the content is shown below in the alternative language. You may click the link to switch the active language. Enerji ve Tabii Kaynaklar Bakan\u0131 Fatih D\u00f6nmez taraf\u0131ndan\u00a0T\u00fcrkiye B\u00fcy\u00fck Millet Meclisi\u2019nde 2021 Y\u0131l\u0131 Merkezi Y\u00f6netim B\u00fct\u00e7e Kanunu Teklifi g\u00f6r\u00fc\u015fmelerine Enerji Bakanl\u0131\u011f\u0131&#8217;nca y\u00fcr\u00fct\u00fclen [&hellip;]<\/p>\n","protected":false},"author":1,"featured_media":125009,"comment_status":"open","ping_status":"open","sticky":false,"template":"","format":"standard","meta":[],"categories":[51,53,52],"tags":[83401,47449,52259,26559,58103,70608,57125,24245,83402],"views":164,"_links":{"self":[{"href":"https:\/\/www.enerjigazetesi.ist\/en\/wp-json\/wp\/v2\/posts\/125006"}],"collection":[{"href":"https:\/\/www.enerjigazetesi.ist\/en\/wp-json\/wp\/v2\/posts"}],"about":[{"href":"https:\/\/www.enerjigazetesi.ist\/en\/wp-json\/wp\/v2\/types\/post"}],"author":[{"embeddable":true,"href":"https:\/\/www.enerjigazetesi.ist\/en\/wp-json\/wp\/v2\/users\/1"}],"replies":[{"embeddable":true,"href":"https:\/\/www.enerjigazetesi.ist\/en\/wp-json\/wp\/v2\/comments?post=125006"}],"version-history":[{"count":0,"href":"https:\/\/www.enerjigazetesi.ist\/en\/wp-json\/wp\/v2\/posts\/125006\/revisions"}],"wp:featuredmedia":[{"embeddable":true,"href":"https:\/\/www.enerjigazetesi.ist\/en\/wp-json\/wp\/v2\/media\/125009"}],"wp:attachment":[{"href":"https:\/\/www.enerjigazetesi.ist\/en\/wp-json\/wp\/v2\/media?parent=125006"}],"wp:term":[{"taxonomy":"category","embeddable":true,"href":"https:\/\/www.enerjigazetesi.ist\/en\/wp-json\/wp\/v2\/categories?post=125006"},{"taxonomy":"post_tag","embeddable":true,"href":"https:\/\/www.enerjigazetesi.ist\/en\/wp-json\/wp\/v2\/tags?post=125006"}],"curies":[{"name":"wp","href":"https:\/\/api.w.org\/{rel}","templated":true}]}}