{"id":124924,"date":"2020-12-10T15:55:45","date_gmt":"2020-12-10T12:55:45","guid":{"rendered":"https:\/\/www.enerjigazetesi.ist\/?p=124924"},"modified":"2020-12-10T15:55:45","modified_gmt":"2020-12-10T12:55:45","slug":"alarko-carrier-in-academi-webinar-lari-suruyor","status":"publish","type":"post","link":"https:\/\/www.enerjigazetesi.ist\/en\/alarko-carrier-in-academi-webinar-lari-suruyor\/","title":{"rendered":"(Turkish) Alarko Carrier\u2019\u0131n ACademi Webinarlar\u0131 S\u00fcr\u00fcyor!"},"content":{"rendered":"<p class=\"qtranxs-available-languages-message qtranxs-available-languages-message-en\">Sorry, this entry is only available in <a href=\"https:\/\/www.enerjigazetesi.ist\/tr\/wp-json\/wp\/v2\/posts\/124924\" class=\"qtranxs-available-language-link qtranxs-available-language-link-tr\" title=\"Turkish\">Turkish<\/a>. For the sake of viewer convenience, the content is shown below in the alternative language. You may click the link to switch the active language.<\/p><p><\/p>\n<h1>Salg\u0131na neden olan koronavir\u00fcs\u00fcn hava yoluyla bula\u015fmas\u0131ndan dolay\u0131, solunan havan\u0131n kalitesinin \u00f6nemi bu d\u00f6nemde \u00e7ok daha iyi anla\u015f\u0131ld\u0131. Bu da i\u00e7 ortam iklimlendirmesi ve klimalar\u0131n kullan\u0131m\u0131na <img loading=\"lazy\" class=\"alignright wp-image-124926\" src=\"https:\/\/www.enerjigazetesi.ist\/wp-content\/uploads\/2020\/12\/alarko-carrier-in-academi-webinar-lari-suruyor.jpg\" alt=\"\" width=\"340\" height=\"221\" srcset=\"https:\/\/www.enerjigazetesi.ist\/wp-content\/uploads\/2020\/12\/alarko-carrier-in-academi-webinar-lari-suruyor.jpg 650w, https:\/\/www.enerjigazetesi.ist\/wp-content\/uploads\/2020\/12\/alarko-carrier-in-academi-webinar-lari-suruyor-300x195.jpg 300w, https:\/\/www.enerjigazetesi.ist\/wp-content\/uploads\/2020\/12\/alarko-carrier-in-academi-webinar-lari-suruyor-500x325.jpg 500w, https:\/\/www.enerjigazetesi.ist\/wp-content\/uploads\/2020\/12\/alarko-carrier-in-academi-webinar-lari-suruyor-77x50.jpg 77w\" sizes=\"(max-width: 340px) 100vw, 340px\" \/>dair \u00e7e\u015fitli sorular\u0131 ak\u0131llara getirdi.<\/h1>\n<p><strong>\u0130klimlendirme sekt\u00f6r\u00fc<\/strong>n\u00fcn \u00f6nc\u00fc markas\u0131 Alarko Carrier da <strong>koronavir\u00fcs salg\u0131n\u0131<\/strong>yla birlikte g\u00fcndeme gelen <strong>havaland\u0131rma sistemleri<\/strong> ve<strong> klima kullan\u0131m\u0131<\/strong> konusuna dikkat \u00e7ekmeye devam ediyor. Alarko Carrier, bu konuyu<strong> online e\u011fitim platformu<\/strong> <em>ACademi<\/em>\u2019nin d\u00fczenledi\u011fi <strong>webinar<\/strong> ile de tart\u0131\u015fmaya haz\u0131rlan\u0131yor.<\/p>\n<p><strong>11 Aral\u0131k 2020 Cuma<\/strong> g\u00fcn\u00fc saat<strong> 14:30\u2019da<\/strong> ger\u00e7ekle\u015ftirilecek yeni webinar\u0131n konusu \u201c<strong>COVID-19 Salg\u0131n\u0131<\/strong>nda <strong>Kapal\u0131 Alanlarda Havaland\u0131rma ve Ba\u011f\u0131l Nemin \u00d6nemi<\/strong>\u201d olacak.<\/p>\n<p>Moderat\u00f6rl\u00fc\u011f\u00fcn\u00fc <strong>Alarko Carrier<\/strong> Genel M\u00fcd\u00fcr Yard\u0131mc\u0131s\u0131 <strong>H\u0131rant Kalata\u015f<\/strong>\u2019\u0131n \u00fcstlenece\u011fi webinara <strong>FNP M\u00fchendislik<\/strong> Genel M\u00fcd\u00fcr\u00fc Filiz Pehlivan konuk olacak.<\/p>\n<p>Webinar&#8217;e Kat\u0131lmak i\u00e7in <strong><u><a href=\"https:\/\/register.gotowebinar.com\/register\/1517511175758874381\" target=\"_blank\" rel=\"nofollow noopener\">TIKLAYIN &gt;&gt;&gt;<\/a><\/u>\u00a0<\/strong><\/p>","protected":false},"excerpt":{"rendered":"<p>Sorry, this entry is only available in Turkish. For the sake of viewer convenience, the content is shown below in the alternative language. You may click the link to switch the active language. Salg\u0131na neden olan koronavir\u00fcs\u00fcn hava yoluyla bula\u015fmas\u0131ndan dolay\u0131, solunan havan\u0131n kalitesinin \u00f6nemi bu d\u00f6nemde \u00e7ok daha iyi anla\u015f\u0131ld\u0131. Bu da i\u00e7 ortam [&hellip;]<\/p>\n","protected":false},"author":1,"featured_media":124926,"comment_status":"open","ping_status":"open","sticky":false,"template":"","format":"standard","meta":[],"categories":[53,52],"tags":[71901,71563,71090,52259,83341,83342,83340,53499,83343,68651,69696,71900],"views":176,"_links":{"self":[{"href":"https:\/\/www.enerjigazetesi.ist\/en\/wp-json\/wp\/v2\/posts\/124924"}],"collection":[{"href":"https:\/\/www.enerjigazetesi.ist\/en\/wp-json\/wp\/v2\/posts"}],"about":[{"href":"https:\/\/www.enerjigazetesi.ist\/en\/wp-json\/wp\/v2\/types\/post"}],"author":[{"embeddable":true,"href":"https:\/\/www.enerjigazetesi.ist\/en\/wp-json\/wp\/v2\/users\/1"}],"replies":[{"embeddable":true,"href":"https:\/\/www.enerjigazetesi.ist\/en\/wp-json\/wp\/v2\/comments?post=124924"}],"version-history":[{"count":0,"href":"https:\/\/www.enerjigazetesi.ist\/en\/wp-json\/wp\/v2\/posts\/124924\/revisions"}],"wp:featuredmedia":[{"embeddable":true,"href":"https:\/\/www.enerjigazetesi.ist\/en\/wp-json\/wp\/v2\/media\/124926"}],"wp:attachment":[{"href":"https:\/\/www.enerjigazetesi.ist\/en\/wp-json\/wp\/v2\/media?parent=124924"}],"wp:term":[{"taxonomy":"category","embeddable":true,"href":"https:\/\/www.enerjigazetesi.ist\/en\/wp-json\/wp\/v2\/categories?post=124924"},{"taxonomy":"post_tag","embeddable":true,"href":"https:\/\/www.enerjigazetesi.ist\/en\/wp-json\/wp\/v2\/tags?post=124924"}],"curies":[{"name":"wp","href":"https:\/\/api.w.org\/{rel}","templated":true}]}}