{"id":124882,"date":"2020-12-10T11:56:06","date_gmt":"2020-12-10T08:56:06","guid":{"rendered":"https:\/\/www.enerjigazetesi.ist\/?p=124882"},"modified":"2020-12-10T11:57:00","modified_gmt":"2020-12-10T08:57:00","slug":"akunuz-kisa-hazir-mi","status":"publish","type":"post","link":"https:\/\/www.enerjigazetesi.ist\/en\/akunuz-kisa-hazir-mi\/","title":{"rendered":"(Turkish) Ak\u00fcn\u00fcz K\u0131\u015fa Haz\u0131r m\u0131?"},"content":{"rendered":"<p class=\"qtranxs-available-languages-message qtranxs-available-languages-message-en\">Sorry, this entry is only available in <a href=\"https:\/\/www.enerjigazetesi.ist\/tr\/wp-json\/wp\/v2\/posts\/124882\" class=\"qtranxs-available-language-link qtranxs-available-language-link-tr\" title=\"Turkish\">Turkish<\/a>. For the sake of viewer convenience, the content is shown below in the alternative language. You may click the link to switch the active language.<\/p><p><\/p>\n<h1><strong>D\u00fcnya&#8217;n<\/strong><strong>\u0131<\/strong><strong>n enerji uzman<\/strong><strong>\u0131<\/strong> <strong>\u0130<\/strong><strong>nci Ak<\/strong><strong>\u00fc<\/strong><strong>, k<\/strong><strong>\u0131\u015f\u0131<\/strong><strong>n yolda kalmak istemeyen s<\/strong><strong>\u00fc<\/strong><strong>r<\/strong><strong>\u00fc<\/strong><strong>c<\/strong><strong>\u00fc<\/strong><strong>lere ak<\/strong><strong>\u00fc<\/strong><strong> ve ak<\/strong><strong>\u00fc<\/strong> <strong>\u015f<\/strong><strong>arj sisteminin bak<\/strong><strong>\u0131<\/strong><strong>m<\/strong><strong>\u0131<\/strong><strong>na dair <\/strong><strong>\u00f6<\/strong><strong>nemli ipu<\/strong><strong>\u00e7<\/strong><strong>lar<\/strong><strong>\u0131<\/strong><strong> verdi. G<\/strong><strong>\u00fc<\/strong><strong>venli bir s<\/strong><strong>\u00fc<\/strong><strong>r<\/strong><strong>\u00fc<\/strong><strong>\u015f<\/strong><strong> i<\/strong><strong>\u00e7<\/strong><strong>in ak<\/strong><strong>\u00fc<\/strong><strong> bak<\/strong><strong>\u0131<\/strong><strong>m<\/strong><strong>\u0131<\/strong><strong>n<\/strong><strong>\u0131<\/strong><strong> ihmal etmemek gerekti<\/strong><strong>\u011f<\/strong><strong>ini s<\/strong><strong>\u00f6<\/strong><strong>yleyen <em>M<\/em><\/strong><em><strong>\u00fc<\/strong><strong>\u015f<\/strong><strong>teri Deneyimi Departman M<\/strong><strong>\u00fc<\/strong><strong>d<\/strong><strong>\u00fc<\/strong><strong>r<\/strong><strong>\u00fc<\/strong><\/em><strong> Murat Terzi, <\/strong><strong>\u201c<\/strong><strong>Ara\u00e7lara k<\/strong><strong>\u0131\u015f<\/strong><strong> bak<\/strong><strong>\u0131<\/strong><strong>m<\/strong><strong>\u0131<\/strong><strong> yaparak zorlu hava ko<\/strong><strong>\u015f<\/strong><strong>ullar<\/strong><strong>\u0131<\/strong><strong>n<\/strong><strong>\u0131<\/strong><strong>n <\/strong><strong>\u00fc<\/strong><strong>stesinden kolayca gelmek m<\/strong><strong>\u00fc<\/strong><strong>mk<\/strong><strong>\u00fc<\/strong><strong>n. Ak<\/strong><strong>\u00fc<\/strong><strong>lerin bak<\/strong><strong>\u0131<\/strong><strong>m<\/strong><strong>\u0131<\/strong><strong> zaman<\/strong><strong>\u0131<\/strong><strong>nda yapt<\/strong><strong>\u0131<\/strong><strong>r<\/strong><strong>\u0131<\/strong><strong>lmazsa arac<\/strong><strong>\u0131<\/strong><strong>n mar<\/strong><strong>\u015f<\/strong><strong> motoru, ate<\/strong><strong>\u015f<\/strong><strong>leme sistemi, far gibi elektrik arac<\/strong><strong>\u0131<\/strong><strong>l<\/strong><strong>\u0131\u011f\u0131<\/strong><strong> ile <\/strong><strong>\u00e7<\/strong><strong>al<\/strong><strong>\u0131\u015f<\/strong><strong>an fonksiyonlar<\/strong><strong>\u0131<\/strong><strong>nda aksama olabilir<\/strong><strong>\u201d<\/strong><strong> dedi.<\/strong><\/h1>\n<p>D\u00fcnyan\u0131n enerji uzman\u0131 <strong>\u0130nci Ak\u00fc<\/strong>, arac\u0131n\u0131 k\u0131\u015fa haz\u0131rlamak isteyen s\u00fcr\u00fcc\u00fclere <strong>ak\u00fc <\/strong>ve<strong> ak\u00fc \u015farj sistemi<\/strong>nin bak\u0131m\u0131na dair \u00f6nemli bilgiler verdi. Ak\u00fclerin \u00f6zellikle yaz aylar\u0131nda s\u0131ca\u011fa maruz kald\u0131\u011f\u0131n\u0131, so\u011fuk havaya kar\u015f\u0131 yap\u0131lacak bak\u0131m\u0131n ak\u00fcn\u00fcn \u00f6mr\u00fcn\u00fc uzataca\u011f\u0131n\u0131 belirten <em>M\u00fc\u015fteri Deneyimi Departman M\u00fcd\u00fcr\u00fc<\/em> <strong>Murat Terzi<\/strong>, k\u0131\u015f bak\u0131m\u0131n\u0131n arac\u0131n performans\u0131n\u0131 da olumlu etkileyece\u011fini <img loading=\"lazy\" class=\"alignright wp-image-124885\" src=\"https:\/\/www.enerjigazetesi.ist\/wp-content\/uploads\/2020\/12\/akunuz-kisa-hazir-mi.jpg\" alt=\"\" width=\"320\" height=\"186\" srcset=\"https:\/\/www.enerjigazetesi.ist\/wp-content\/uploads\/2020\/12\/akunuz-kisa-hazir-mi.jpg 460w, https:\/\/www.enerjigazetesi.ist\/wp-content\/uploads\/2020\/12\/akunuz-kisa-hazir-mi-300x175.jpg 300w, https:\/\/www.enerjigazetesi.ist\/wp-content\/uploads\/2020\/12\/akunuz-kisa-hazir-mi-80x47.jpg 80w\" sizes=\"(max-width: 320px) 100vw, 320px\" \/>s\u00f6yledi. <strong>So\u011fuk havalarda ak\u00fclerin ar\u0131zalar\u0131<\/strong>n\u0131n artt\u0131\u011f\u0131na dikkat \u00e7ekerken, <strong>k\u0131\u015fa haz\u0131rl\u0131k<\/strong> i\u00e7inde <span style=\"text-decoration: underline;\">\u015fu ipu\u00e7lar\u0131n\u0131 verdi:<\/span><\/p>\n<p>&#8211; Ak\u00fcde ilk olarak <strong>kutup ba\u015flar\u0131na<\/strong> bak\u0131n. E\u011fer <strong>kutup ba\u015flar\u0131nda oksitlenme<\/strong> var ise <strong>ak\u00fc kablolar\u0131n\u0131 s\u00f6kmeden<\/strong> ve <strong>ara\u00e7 stop halindeyken<\/strong> kutup ba\u015flar\u0131na s\u0131cak su d\u00f6k\u00fcn. Ard\u0131ndan k\u00fc\u00e7\u00fck <strong>bir f\u0131r\u00e7a<\/strong> ile <strong>kutup ba\u015flar\u0131n\u0131<\/strong> temizleyin.<\/p>\n<p>&#8211; <strong>Hava s\u0131cakl\u0131\u011f\u0131<\/strong> s\u0131f\u0131r derecenin alt\u0131na d\u00fc\u015ft\u00fc\u011f\u00fcnde<strong> ak\u00fcn\u00fcn performans\u0131<\/strong> neredeyse <strong>yar\u0131 yar\u0131ya<\/strong> azal\u0131r. Bu duruma \u00e7\u00f6z\u00fcm olarak <strong>arac\u0131 \u0131s\u0131tmal\u0131<\/strong> bir park alan\u0131na b\u0131rak\u0131n.<\/p>\n<p>&#8211; <strong>Ak\u00fc, koltuk \u0131s\u0131t\u0131c\u0131s\u0131, arka cam \u0131s\u0131t\u0131c\u0131s\u0131, dizel motorlardaki k\u0131zd\u0131rma bujileri<\/strong> veya <strong>kabin i\u00e7i \u0131s\u0131t\u0131c\u0131s\u0131<\/strong> gibi sonradan eklenen donan\u0131mlara enerji sa\u011flar. <strong>So\u011fuk havalarda<\/strong> bu durum ak\u00fc i\u00e7in fazladan y\u00fck demektir. Ak\u00fcn\u00fcn zorlanmas\u0131n\u0131 engellemek i\u00e7in <strong>fazladan elektrik enerjisi<\/strong> gerektiren donan\u0131mlar\u0131 devre d\u0131\u015f\u0131 b\u0131rak\u0131n.<\/p>\n<h2><strong>V kay\u0131\u015f\u0131<\/strong>n\u0131 mutlaka kontrol ettirin<\/h2>\n<p>&#8211; D\u00fczenli olarak bak\u0131m\u0131 yap\u0131lmam\u0131\u015f, kirlenmi\u015f ak\u00fcler k\u0131\u015f aylar\u0131nda daha kolay ar\u0131zalan\u0131r. Bunun \u00f6n\u00fcne ge\u00e7mek ve <strong>elektrik ka\u00e7a\u011f\u0131n\u0131 engellemek<\/strong> i\u00e7in<strong> ak\u00fcy\u00fc kirden<\/strong> ar\u0131nd\u0131r\u0131n.<\/p>\n<p>&#8211; <strong>Ak\u00fcn\u00fcn \u015farj kapasitesi<\/strong>ni kontrol edin. <strong>Sistemsel ar\u0131zadan kaynaklanan<\/strong> eksik \u015farj etme durumu varsa \u015farj takviyesi yap\u0131n.<\/p>\n<p>&#8211; <strong>Ak\u00fcn\u00fcn V kay\u0131\u015f\u0131<\/strong>n\u0131n kayd\u0131rma yap\u0131p yapmad\u0131\u011f\u0131n\u0131, <strong>\u015fasiyle ba\u011flant\u0131s\u0131<\/strong>n\u0131n oldu\u011fu yerde paslanma olup olmad\u0131\u011f\u0131n\u0131 kontrol edin.<\/p>\n<p>Ara\u00e7 belirli bir s\u00fcre i\u00e7in kullan\u0131lmayacaksa <strong>ak\u00fc<\/strong> ile <strong>\u015fase kablosunun ba\u011flant\u0131s\u0131n\u0131<\/strong> kesin. Arac\u0131, <strong>a\u015f\u0131r\u0131 s\u0131cak<\/strong> veya <strong>a\u015f\u0131r\u0131 so\u011fuk olmayan<\/strong> bir ortamda b\u0131rak\u0131n. Uzun bir s\u00fcrenin ard\u0131ndan ilk kez \u00e7al\u0131\u015ft\u0131r\u0131lan arac\u0131 ak\u00fcs\u00fcnde \u015farj s\u0131k\u0131nt\u0131s\u0131n\u0131n olu\u015fmas\u0131n\u0131 \u00f6nlemek ad\u0131na <strong>20-30 dakika<\/strong> r\u00f6lantide \u00e7al\u0131\u015ft\u0131r\u0131n.<\/p>","protected":false},"excerpt":{"rendered":"<p>Sorry, this entry is only available in Turkish. For the sake of viewer convenience, the content is shown below in the alternative language. You may click the link to switch the active language. D\u00fcnya&#8217;n\u0131n enerji uzman\u0131 \u0130nci Ak\u00fc, k\u0131\u015f\u0131n yolda kalmak istemeyen s\u00fcr\u00fcc\u00fclere ak\u00fc ve ak\u00fc \u015farj sisteminin bak\u0131m\u0131na dair \u00f6nemli ipu\u00e7lar\u0131 verdi. G\u00fcvenli bir [&hellip;]<\/p>\n","protected":false},"author":1,"featured_media":124885,"comment_status":"open","ping_status":"open","sticky":false,"template":"","format":"standard","meta":[],"categories":[51,53],"tags":[83308,83304,83311,83312,83305,5070,52259,83307,83303,59666,83310,83306,83309],"views":137,"_links":{"self":[{"href":"https:\/\/www.enerjigazetesi.ist\/en\/wp-json\/wp\/v2\/posts\/124882"}],"collection":[{"href":"https:\/\/www.enerjigazetesi.ist\/en\/wp-json\/wp\/v2\/posts"}],"about":[{"href":"https:\/\/www.enerjigazetesi.ist\/en\/wp-json\/wp\/v2\/types\/post"}],"author":[{"embeddable":true,"href":"https:\/\/www.enerjigazetesi.ist\/en\/wp-json\/wp\/v2\/users\/1"}],"replies":[{"embeddable":true,"href":"https:\/\/www.enerjigazetesi.ist\/en\/wp-json\/wp\/v2\/comments?post=124882"}],"version-history":[{"count":0,"href":"https:\/\/www.enerjigazetesi.ist\/en\/wp-json\/wp\/v2\/posts\/124882\/revisions"}],"wp:featuredmedia":[{"embeddable":true,"href":"https:\/\/www.enerjigazetesi.ist\/en\/wp-json\/wp\/v2\/media\/124885"}],"wp:attachment":[{"href":"https:\/\/www.enerjigazetesi.ist\/en\/wp-json\/wp\/v2\/media?parent=124882"}],"wp:term":[{"taxonomy":"category","embeddable":true,"href":"https:\/\/www.enerjigazetesi.ist\/en\/wp-json\/wp\/v2\/categories?post=124882"},{"taxonomy":"post_tag","embeddable":true,"href":"https:\/\/www.enerjigazetesi.ist\/en\/wp-json\/wp\/v2\/tags?post=124882"}],"curies":[{"name":"wp","href":"https:\/\/api.w.org\/{rel}","templated":true}]}}