{"id":124870,"date":"2020-12-09T16:38:11","date_gmt":"2020-12-09T13:38:11","guid":{"rendered":"https:\/\/www.enerjigazetesi.ist\/?p=124870"},"modified":"2020-12-09T16:39:34","modified_gmt":"2020-12-09T13:39:34","slug":"bitlis-belediyesi-enerjisini-gunesten-aliyor","status":"publish","type":"post","link":"https:\/\/www.enerjigazetesi.ist\/en\/bitlis-belediyesi-enerjisini-gunesten-aliyor\/","title":{"rendered":"(Turkish) &#8217;Bitlis Belediyesi&#8217; Enerjisini G\u00fcne\u015ften Al\u0131yor!"},"content":{"rendered":"<p class=\"qtranxs-available-languages-message qtranxs-available-languages-message-en\">Sorry, this entry is only available in <a href=\"https:\/\/www.enerjigazetesi.ist\/tr\/wp-json\/wp\/v2\/posts\/124870\" class=\"qtranxs-available-language-link qtranxs-available-language-link-tr\" title=\"Turkish\">Turkish<\/a>. For the sake of viewer convenience, the content is shown below in the alternative language. You may click the link to switch the active language.<\/p><p><\/p>\n<h1><strong>Bitlis Belediyesi taraf\u0131ndan Sanayi ve Teknoloji Bakanl\u0131\u011f\u0131&#8217;n\u0131n Do\u011fu Anadolu Projesi (DAP) \u0130daresi Ba\u015fkanl\u0131\u011f\u0131yla ortakla\u015fa yap\u0131lan 2,1 MW&#8217;l\u0131k G\u00fcne\u015f Enerjisi <img loading=\"lazy\" class=\"alignright wp-image-124873\" src=\"https:\/\/www.enerjigazetesi.ist\/wp-content\/uploads\/2020\/12\/bitlis-belediyesi-enerjisini-gunesten-aliyor.jpg\" alt=\"\" width=\"320\" height=\"192\" srcset=\"https:\/\/www.enerjigazetesi.ist\/wp-content\/uploads\/2020\/12\/bitlis-belediyesi-enerjisini-gunesten-aliyor.jpg 701w, https:\/\/www.enerjigazetesi.ist\/wp-content\/uploads\/2020\/12\/bitlis-belediyesi-enerjisini-gunesten-aliyor-300x180.jpg 300w, https:\/\/www.enerjigazetesi.ist\/wp-content\/uploads\/2020\/12\/bitlis-belediyesi-enerjisini-gunesten-aliyor-500x300.jpg 500w, https:\/\/www.enerjigazetesi.ist\/wp-content\/uploads\/2020\/12\/bitlis-belediyesi-enerjisini-gunesten-aliyor-80x48.jpg 80w\" sizes=\"(max-width: 320px) 100vw, 320px\" \/>Santrali Projesi enerji \u00fcretimine ba\u015flad\u0131.<\/strong><\/h1>\n<p><strong>G\u00fcne\u015f Enerjisi&#8217;nden<\/strong> yararlanmaya y\u00f6nelik g\u00fcney yamaca\u00a0<strong>kurulan santralde \u00fcretilen<\/strong> enerjiyle belediye yakla\u015f\u0131k <strong>400 bin lira<\/strong> gelir sa\u011flarken\u00a0<strong>Tatl\u0131kaynak k\u00f6y\u00fc<\/strong> mevkiinde\u00a0<strong>30 d\u00f6n\u00fcm<\/strong>\u00a0alan \u00fczerine<strong>\u00a05 bin 400 g\u00fcne\u015f paneli<\/strong> kullanarak meydana getirilen\u00a0<strong>g\u00fcne\u015f santrali ile enerji\u00a0<\/strong>\u00fcretimi yap\u0131l\u0131yor.<\/p>\n<p><strong>Sanayi ve Teknoloji Bakanl\u0131\u011f\u0131<\/strong> <em>DAP \u0130daresi Ba\u015fkanl\u0131\u011f\u0131<\/em> ile ortak ger\u00e7ekle\u015ftirilen \u00e7al\u0131\u015fma kapsam\u0131nda A\u011fustos&#8217;ta\u00a0<strong>2,1 MW <\/strong>g\u00fcce sahip\u00a0<strong>g\u00fcne\u015f enerjisi projesi<\/strong>nin yap\u0131m\u0131na ba\u015flanarak tamamlanan proje ile\u00a0<strong>Bitlis Belediyesi<\/strong>\u00a0ayl\u0131k yakla\u015f\u0131k <strong>400 bin lira<\/strong> bir gelir elde ediyor.<\/p>","protected":false},"excerpt":{"rendered":"<p>Sorry, this entry is only available in Turkish. For the sake of viewer convenience, the content is shown below in the alternative language. You may click the link to switch the active language. Bitlis Belediyesi taraf\u0131ndan Sanayi ve Teknoloji Bakanl\u0131\u011f\u0131&#8217;n\u0131n Do\u011fu Anadolu Projesi (DAP) \u0130daresi Ba\u015fkanl\u0131\u011f\u0131yla ortakla\u015fa yap\u0131lan 2,1 MW&#8217;l\u0131k G\u00fcne\u015f Enerjisi Santrali Projesi enerji [&hellip;]<\/p>\n","protected":false},"author":1,"featured_media":124873,"comment_status":"open","ping_status":"open","sticky":false,"template":"","format":"standard","meta":[],"categories":[51,53,49],"tags":[83295,83297,83296,5070,52259,45942,53157,15785],"views":113,"_links":{"self":[{"href":"https:\/\/www.enerjigazetesi.ist\/en\/wp-json\/wp\/v2\/posts\/124870"}],"collection":[{"href":"https:\/\/www.enerjigazetesi.ist\/en\/wp-json\/wp\/v2\/posts"}],"about":[{"href":"https:\/\/www.enerjigazetesi.ist\/en\/wp-json\/wp\/v2\/types\/post"}],"author":[{"embeddable":true,"href":"https:\/\/www.enerjigazetesi.ist\/en\/wp-json\/wp\/v2\/users\/1"}],"replies":[{"embeddable":true,"href":"https:\/\/www.enerjigazetesi.ist\/en\/wp-json\/wp\/v2\/comments?post=124870"}],"version-history":[{"count":0,"href":"https:\/\/www.enerjigazetesi.ist\/en\/wp-json\/wp\/v2\/posts\/124870\/revisions"}],"wp:featuredmedia":[{"embeddable":true,"href":"https:\/\/www.enerjigazetesi.ist\/en\/wp-json\/wp\/v2\/media\/124873"}],"wp:attachment":[{"href":"https:\/\/www.enerjigazetesi.ist\/en\/wp-json\/wp\/v2\/media?parent=124870"}],"wp:term":[{"taxonomy":"category","embeddable":true,"href":"https:\/\/www.enerjigazetesi.ist\/en\/wp-json\/wp\/v2\/categories?post=124870"},{"taxonomy":"post_tag","embeddable":true,"href":"https:\/\/www.enerjigazetesi.ist\/en\/wp-json\/wp\/v2\/tags?post=124870"}],"curies":[{"name":"wp","href":"https:\/\/api.w.org\/{rel}","templated":true}]}}