{"id":12484,"date":"2013-06-28T16:41:15","date_gmt":"2013-06-28T13:41:15","guid":{"rendered":"https:\/\/www.enerjigazetesi.ist\/?p=12484"},"modified":"2013-06-28T17:16:19","modified_gmt":"2013-06-28T14:16:19","slug":"karakaya-hes-rehabilite-edilecek","status":"publish","type":"post","link":"https:\/\/www.enerjigazetesi.ist\/en\/karakaya-hes-rehabilite-edilecek\/","title":{"rendered":"(Turkish) Karakaya HES Rehabilite Edilecek"},"content":{"rendered":"<p class=\"qtranxs-available-languages-message qtranxs-available-languages-message-en\">Sorry, this entry is only available in <a href=\"https:\/\/www.enerjigazetesi.ist\/tr\/wp-json\/wp\/v2\/posts\/12484\" class=\"qtranxs-available-language-link qtranxs-available-language-link-tr\" title=\"Turkish\">Turkish<\/a>. For the sake of viewer convenience, the content is shown below in the alternative language. You may click the link to switch the active language.<\/p><p><strong>T\u00fcrkiye\u2019nin kamudaki en b\u00fcy\u00fck hidroelektrik santrallerinden Karakaya HES, rehabilite edilecek. Elektrik \u00dcretim A.\u015e. (E\u00dcA\u015e) Genel M\u00fcd\u00fcrl\u00fc\u011f\u00fc, Karakaya Hidroelektrik Enerji Santral\u0131\u2019n\u0131n (HES) Rehabilitasyon \u0130\u015fi i\u00e7in Kamu \u0130hale B\u00fclteni\u2019nde ihale duyurusu yay\u0131nlad\u0131.<\/strong><\/p>\n<p>\u0130hale d\u00f6k\u00fcmanlar\u0131, \u0130dare\u2019nin adresinden g\u00f6rebilecek ve 536 TL bedel kar\u015f\u0131l\u0131\u011f\u0131 E\u00dcA\u015e Genel M\u00fcd\u00fcrl\u00fc\u011f\u00fc Ticaret Daire Ba\u015fkanl\u0131\u011f\u0131 Kat:13 Oda No:19 Nasuh Akar Mah. T\u00fcrkoca\u011f\u0131 Cad. No:2 \u00c7ankaya\/Ankara adresinden sat\u0131n al\u0131nabilec<a href=\"https:\/\/www.enerjigazetesi.ist\/wp-content\/uploads\/2013\/06\/karakaya-hes-rehabilite-edilecek.jpg\"><img loading=\"lazy\" class=\"alignright size-medium wp-image-12485\" title=\"karakaya-hes-rehabilite-edilecek\" src=\"https:\/\/www.enerjigazetesi.ist\/wp-content\/uploads\/2013\/06\/karakaya-hes-rehabilite-edilecek-300x219.jpg\" alt=\"\" width=\"300\" height=\"219\" srcset=\"https:\/\/www.enerjigazetesi.ist\/wp-content\/uploads\/2013\/06\/karakaya-hes-rehabilite-edilecek-300x219.jpg 300w, https:\/\/www.enerjigazetesi.ist\/wp-content\/uploads\/2013\/06\/karakaya-hes-rehabilite-edilecek-500x365.jpg 500w, https:\/\/www.enerjigazetesi.ist\/wp-content\/uploads\/2013\/06\/karakaya-hes-rehabilite-edilecek-68x50.jpg 68w, https:\/\/www.enerjigazetesi.ist\/wp-content\/uploads\/2013\/06\/karakaya-hes-rehabilite-edilecek.jpg 900w\" sizes=\"(max-width: 300px) 100vw, 300px\" \/><\/a>ek.<\/p>\n<p>\u0130hale, 10 Eyl\u00fcl 2013 tarihinde saat 14.00\u2019te E\u00dcA\u015e Genel M\u00fcd\u00fcrl\u00fc\u011f\u00fc Ticaret Daire Ba\u015fkanl\u0131\u011f\u0131 zemin kat \u0130hale Komisyonu Toplant\u0131 Salonu Nasuh Akar Mah. T\u00fcrkoca\u011f\u0131 Cad. No:2 \u00c7ankaya\/Ankara adresinde yap\u0131lacak olup, teklifler ayn\u0131 adrese elden teslim edilebilece\u011fi gibi iadeli taahh\u00fctl\u00fc posta vas\u0131tas\u0131yla da g\u00f6nderilebilecek.<\/p>\n<p>\u0130steklilerin teklif ettikleri bedelin y\u00fczde 3\u2019\u00fcnden az olmamak \u00fczere kendi belirleyecekleri tutarda ge\u00e7ici teminat verecekleri ihalede, verilen tekliflerin ge\u00e7erlilik s\u00fcresi ihale tarihinden itibaren 150 takvim g\u00fcn\u00fc olarak belirlendi. \u0130\u015fin s\u00fcresi ise, yer tesliminden itibaren 2.180 takvim g\u00fcn\u00fc olarak a\u00e7\u0131kland\u0131.<\/p>\n<p>\u0130halede, son be\u015f y\u0131l i\u00e7inde bedel i\u00e7eren bir s\u00f6zle\u015fme kapsam\u0131nda kabul i\u015flemleri tamamlanan ve teklif edilen bedelin y\u00fczde 20 oran\u0131ndan az olmamak \u00fczere, ihale konusu i\u015f veya benzer i\u015flere ili\u015fkin i\u015f deneyimini g\u00f6steren belgeler kabul edilecek. Bu ihalede i\u015f hacmi olarak ise, isteklinin toplam cirosunun teklif edilen bedelinin y\u00fczde 10\u2019undan, taahh\u00fct alt\u0131nda devam eden i\u015flerin ger\u00e7ekle\u015ftirilen k\u0131sm\u0131n\u0131n veya bitirilen i\u015flerin parasal tutar\u0131n\u0131n ise teklif edilen bedelin y\u00fczde 6\u2019s\u0131ndan az olmamas\u0131 isteniyor.<\/p>\n<p>Kaynak: <a href=\"http:\/\/enerjigunlugu.net\/karakaya-hes-rehabilite-edilecek_4059.html\" target=\"_blank\">Enerji G\u00fcnl\u00fc\u011f\u00fc<\/a><\/p>","protected":false},"excerpt":{"rendered":"<p>Sorry, this entry is only available in Turkish. For the sake of viewer convenience, the content is shown below in the alternative language. You may click the link to switch the active language.T\u00fcrkiye\u2019nin kamudaki en b\u00fcy\u00fck hidroelektrik santrallerinden Karakaya HES, rehabilite edilecek. Elektrik \u00dcretim A.\u015e. (E\u00dcA\u015e) Genel M\u00fcd\u00fcrl\u00fc\u011f\u00fc, Karakaya Hidroelektrik Enerji Santral\u0131\u2019n\u0131n (HES) Rehabilitasyon \u0130\u015fi [&hellip;]<\/p>\n","protected":false},"author":1,"featured_media":12485,"comment_status":"open","ping_status":"open","sticky":false,"template":"","format":"standard","meta":[],"categories":[53,47],"tags":[4316,63,67,165,1033,35370,6409,942,1090,6408],"views":1646,"_links":{"self":[{"href":"https:\/\/www.enerjigazetesi.ist\/en\/wp-json\/wp\/v2\/posts\/12484"}],"collection":[{"href":"https:\/\/www.enerjigazetesi.ist\/en\/wp-json\/wp\/v2\/posts"}],"about":[{"href":"https:\/\/www.enerjigazetesi.ist\/en\/wp-json\/wp\/v2\/types\/post"}],"author":[{"embeddable":true,"href":"https:\/\/www.enerjigazetesi.ist\/en\/wp-json\/wp\/v2\/users\/1"}],"replies":[{"embeddable":true,"href":"https:\/\/www.enerjigazetesi.ist\/en\/wp-json\/wp\/v2\/comments?post=12484"}],"version-history":[{"count":2,"href":"https:\/\/www.enerjigazetesi.ist\/en\/wp-json\/wp\/v2\/posts\/12484\/revisions"}],"predecessor-version":[{"id":12487,"href":"https:\/\/www.enerjigazetesi.ist\/en\/wp-json\/wp\/v2\/posts\/12484\/revisions\/12487"}],"wp:featuredmedia":[{"embeddable":true,"href":"https:\/\/www.enerjigazetesi.ist\/en\/wp-json\/wp\/v2\/media\/12485"}],"wp:attachment":[{"href":"https:\/\/www.enerjigazetesi.ist\/en\/wp-json\/wp\/v2\/media?parent=12484"}],"wp:term":[{"taxonomy":"category","embeddable":true,"href":"https:\/\/www.enerjigazetesi.ist\/en\/wp-json\/wp\/v2\/categories?post=12484"},{"taxonomy":"post_tag","embeddable":true,"href":"https:\/\/www.enerjigazetesi.ist\/en\/wp-json\/wp\/v2\/tags?post=12484"}],"curies":[{"name":"wp","href":"https:\/\/api.w.org\/{rel}","templated":true}]}}