{"id":124835,"date":"2020-12-09T13:48:14","date_gmt":"2020-12-09T10:48:14","guid":{"rendered":"https:\/\/www.enerjigazetesi.ist\/?p=124835"},"modified":"2020-12-09T13:49:53","modified_gmt":"2020-12-09T10:49:53","slug":"yogusmali-kombiler-ile-dogalgaz-tuketiminde-yuzde-35-tasarruf-saglanabilir","status":"publish","type":"post","link":"https:\/\/www.enerjigazetesi.ist\/en\/yogusmali-kombiler-ile-dogalgaz-tuketiminde-yuzde-35-tasarruf-saglanabilir\/","title":{"rendered":"(Turkish) Yo\u011fu\u015fmal\u0131 Kombiler ile Do\u011falgaz T\u00fcketiminde % 35 Tasarruf Sa\u011flanabilir"},"content":{"rendered":"<p class=\"qtranxs-available-languages-message qtranxs-available-languages-message-en\">Sorry, this entry is only available in <a href=\"https:\/\/www.enerjigazetesi.ist\/tr\/wp-json\/wp\/v2\/posts\/124835\" class=\"qtranxs-available-language-link qtranxs-available-language-link-tr\" title=\"Turkish\">Turkish<\/a>. For the sake of viewer convenience, the content is shown below in the alternative language. You may click the link to switch the active language.<\/p><p><\/p>\n<h1><strong>Vaillant, geni<\/strong><strong>\u015f<\/strong><strong>letti<\/strong><strong>\u011f<\/strong><strong>i ve yeni <\/strong><strong>\u00f6<\/strong><strong>zellikler ekledi<\/strong><strong>\u011f<\/strong><strong>i tam yo<\/strong><strong>\u011f<\/strong><strong>u<\/strong><strong>\u015f<\/strong><strong>mal<\/strong><strong>\u0131<\/strong> <strong>\u00fc<\/strong><strong>r<\/strong><strong>\u00fc<\/strong><strong>n ailesi ile zaman<\/strong><strong>\u0131<\/strong><strong>n b<\/strong><strong>\u00fc<\/strong><strong>y<\/strong><strong>\u00fc<\/strong><strong>k b<\/strong><strong>\u00f6<\/strong><strong>l<\/strong><strong>\u00fc<\/strong><strong>m<\/strong><strong>\u00fc<\/strong><strong>n<\/strong><strong>\u00fc<\/strong><strong>n ge<\/strong><strong>\u00e7<\/strong><strong>irildi<\/strong><strong>\u011f<\/strong><strong>i evlerde, enerji maliyetini %<\/strong><strong>\u00a035<\/strong><strong>\u2019<\/strong><strong>e kadar d<\/strong><strong>\u00fc<\/strong><strong>\u015f<\/strong><strong>\u00fc<\/strong><strong>r<\/strong><strong>\u00fc<\/strong><strong>yor. Ald<\/strong><strong>\u0131\u011f\u0131<\/strong> <strong>\u00f6<\/strong><strong>nlemler ve dijitalle<\/strong><strong>\u015f<\/strong><strong>me yat<\/strong><strong>\u0131<\/strong><strong>r<\/strong><strong>\u0131<\/strong><strong>mlar<\/strong><strong>\u0131<\/strong><strong> sayesinde marka, pandemi d<\/strong><strong>\u00f6<\/strong><strong>neminde de m<\/strong><strong>\u00fc<\/strong><strong>\u015f<\/strong><strong>terisine kesintisiz hizmet vermeye devam ediyor. <\/strong><\/h1>\n<p>Kombinin mucidi <strong>Vaillant<\/strong>, pandeminin etkisiyle t\u00fcm d\u00fcnyada zor bir s\u00fcrecin ya\u015fand\u0131\u011f\u0131 <strong>2020\u2019de<\/strong>, <img loading=\"lazy\" class=\"alignright wp-image-124838\" src=\"https:\/\/www.enerjigazetesi.ist\/wp-content\/uploads\/2020\/12\/yogusmali-kombiler-ile-dogalgaz-tuketiminde-yuzde-35-tasarruf-saglanabilir-1.jpg\" alt=\"\" width=\"320\" height=\"213\" srcset=\"https:\/\/www.enerjigazetesi.ist\/wp-content\/uploads\/2020\/12\/yogusmali-kombiler-ile-dogalgaz-tuketiminde-yuzde-35-tasarruf-saglanabilir-1.jpg 732w, https:\/\/www.enerjigazetesi.ist\/wp-content\/uploads\/2020\/12\/yogusmali-kombiler-ile-dogalgaz-tuketiminde-yuzde-35-tasarruf-saglanabilir-1-300x200.jpg 300w, https:\/\/www.enerjigazetesi.ist\/wp-content\/uploads\/2020\/12\/yogusmali-kombiler-ile-dogalgaz-tuketiminde-yuzde-35-tasarruf-saglanabilir-1-500x333.jpg 500w, https:\/\/www.enerjigazetesi.ist\/wp-content\/uploads\/2020\/12\/yogusmali-kombiler-ile-dogalgaz-tuketiminde-yuzde-35-tasarruf-saglanabilir-1-75x50.jpg 75w, https:\/\/www.enerjigazetesi.ist\/wp-content\/uploads\/2020\/12\/yogusmali-kombiler-ile-dogalgaz-tuketiminde-yuzde-35-tasarruf-saglanabilir-1-450x300.jpg 450w\" sizes=\"(max-width: 320px) 100vw, 320px\" \/>m\u00fc\u015fteri memnuniyeti odakl\u0131 <strong>i\u015f stratejisi, dijital altyap\u0131s\u0131<\/strong> ve <strong>evlere tasarruf<\/strong> getiren yenilik\u00e7i \u00fcr\u00fcnleriyle b\u00fcy\u00fcmeye devam etti. Pandemiye ra\u011fmen <strong>2019\u2019da<\/strong> elde etti\u011fi b\u00fcy\u00fcmenin \u00fczerine \u00e7\u0131kan Vaillant T\u00fcrkiye, y\u0131l\u0131 <strong>% 50<\/strong> b\u00fcy\u00fcme ile tamamlamay\u0131 planl\u0131yor. <strong>Vaillant T\u00fcrkiye<\/strong>\u2019nin 2020 y\u0131l\u0131 performans\u0131n\u0131n de\u011ferlendiren <strong>Vaillant Group T\u00fcrkiye CEO\u2019su Alper Avdel<\/strong>, \u201c<strong>Vaillant Group T\u00fcrkiye<\/strong> olarak t\u00fcm yat\u0131r\u0131mlar\u0131n\u0131 sadece ana i\u015f kollar\u0131na yapan son derece odakl\u0131 bir grubuz. Gelecekle ilgili planlar\u0131m\u0131z i\u00e7erisinde de sadece bu sekt\u00f6re yat\u0131r\u0131m yapmak var. Amac\u0131m\u0131z; pazar pay\u0131m\u0131z\u0131 ve \u00fcretim \u00e7e\u015fitlili\u011fini art\u0131rarak m\u00fc\u015fteri memnuniyetini \u00fcst seviyeye \u00e7\u0131karmak\u201d dedi.<\/p>\n<h2>\u201c<strong>Tam yo<\/strong><strong>\u011f<\/strong><strong>u<\/strong><strong>\u015f<\/strong><strong>mal<\/strong><strong>\u0131<\/strong><strong> kombiler %<\/strong><strong>\u00a035<\/strong><strong>\u2019<\/strong><strong>e kadar tasarruf sa<\/strong><strong>\u011f<\/strong><strong>l<\/strong><strong>\u0131<\/strong><strong>yor<\/strong><strong>\u201d<\/strong><\/h2>\n<p>Yo\u011fu\u015fmal\u0131 kombi kullan\u0131m\u0131 artt\u0131k\u00e7a toplam enerji maliyetinde de \u00f6nemli oranda tasarruf sa\u011fland\u0131\u011f\u0131n\u0131 vurgulayan Alper Avdel, var olan kombilerin tamam\u0131n\u0131n tam yo\u011fu\u015fmal\u0131ya d\u00f6n\u00fc\u015fmesi ile <strong>1 milyar dolar<\/strong> tasarruf sa\u011flanabilece\u011fini s\u00f6yledi. Avdel \u015f\u00f6yle konu\u015ftu: <em>\u201cToplam do\u011falgaz t\u00fcketiminin hane halk\u0131 kullan\u0131m\u0131 ilk 6 ayda <strong>%43,9<\/strong> olarak ger\u00e7ekle\u015fti. Ge\u00e7en y\u0131l\u0131n ayn\u0131 d\u00f6neminde bu oran <strong>% 41,2<\/strong> idi. Bununla beraber <strong>6 ayl\u0131k<\/strong> d\u00f6nemde<strong> 327 bin yeni abone<\/strong> sisteme giri\u015f yapt\u0131. Hem abone say\u0131s\u0131, hem kombi say\u0131s\u0131 hem de <strong>do\u011falgaz t\u00fcketimi<\/strong> art\u0131yor. Konutlarda kullan\u0131lan<strong> tam yo\u011fu\u015fmal\u0131 kombi<\/strong> say\u0131s\u0131 artt\u0131k\u00e7a hem t\u00fcketicilerin hem de \u00fclkemizin<strong> fatura maliyetleri<\/strong> azal\u0131yor. Tam yo\u011fu\u015fmal\u0131 kombiler ile artan maliyetleri azalt\u0131yoruz. <strong>Oda termostatlar\u0131<\/strong>n\u0131n da kullan\u0131m\u0131yla tam yo\u011fu\u015fmal\u0131 kombiler yo\u011fu\u015fmas\u0131z \u00fcr\u00fcnlere g\u00f6re <strong>% 35<\/strong>\u2019e kadar tasarruf sa\u011fl\u0131yor.\u201d<\/em><\/p>\n<h2><strong>\u0130<\/strong><strong>klimlendirme sekt<\/strong><strong>\u00f6<\/strong><strong>r<\/strong><strong>\u00fc<\/strong><strong> pozitif ayr<\/strong><strong>\u0131\u015f<\/strong><strong>an sekt<\/strong><strong>\u00f6<\/strong><strong>rler aras<\/strong><strong>\u0131<\/strong><strong>nda yer ald<\/strong><strong>\u0131<\/strong><\/h2>\n<p>Vaillant&#8217;\u0131n global yap\u0131s\u0131 i\u00e7inde <strong>% 10<\/strong>&#8216;luk paya sahip olan T\u00fcrkiye\u2019nin bu zorlu d\u00f6nemde grup i\u00e7inde <strong>Almanya<\/strong> ve <strong>Polonya<\/strong> ile birlikte en iyi b\u00fcy\u00fcme rakamlar\u0131na ula\u015fan ilk \u00fc\u00e7 \u00fclke aras\u0131nda yer ald\u0131\u011f\u0131n\u0131 dile getiren Alper Avdel, <em>\u201cD\u00f6vizin a\u015f\u0131r\u0131 de\u011ferlendi\u011fi bir y\u0131l ya\u015fad\u0131k. Bu sebeple de adetsel bazda art\u0131\u015f\u0131 daha anlaml\u0131 buluyoruz. Bu y\u0131l\u0131, adetsel bazda <strong>% 20<\/strong>\u2019nin \u00fczerinde b\u00fcy\u00fcmeyle bitirece\u011fimizi \u00f6ng\u00f6r\u00fcyoruz. Y\u00fczde 6,7 olarak a\u00e7\u0131klanan T\u00fcrkiye ekonomisinin \u00fc\u00e7\u00fcnc\u00fc \u00e7eyrek b\u00fcy\u00fcme rakam\u0131na bakt\u0131\u011f\u0131m\u0131zda, bu b\u00fcy\u00fcmede in\u015faat sekt\u00f6r\u00fcn\u00fcn pay\u0131n\u0131n <strong>% 0.42<\/strong> oldu\u011funu g\u00f6r\u00fcyoruz. \u0130klimlendirme sekt\u00f6r\u00fc ise <strong>2020 y\u0131l\u0131<\/strong>n\u0131n<strong> ilk 6 ay\u0131nda<\/strong> elde etti\u011fi <strong>y\u00fczde 10<\/strong> b\u00fcy\u00fcme ile pandemi s\u00fcrecinde pozitif ayr\u0131\u015fan sekt\u00f6rler aras\u0131nda yer ald\u0131. \u00dcretti\u011fimiz \u00fcr\u00fcnlerin insanlar i\u00e7in gerekli olan hijyen ihtiyac\u0131n\u0131 kar\u015f\u0131lamaya y\u00f6nelik olmas\u0131 bu noktada \u00f6nemli rol oynad\u0131. <strong>2021 y\u0131l\u0131<\/strong> i\u00e7in ise temkinli bir iyimserlik i\u00e7erisindeyiz\u201d<\/em> diye konu\u015ftu.<\/p>\n<h2><strong>T\u00fcketiciler sa<\/strong><strong>\u011f<\/strong><strong>l<\/strong><strong>\u0131<\/strong><strong>k, ba<\/strong><strong>\u011f\u0131\u015f\u0131<\/strong><strong>kl<\/strong><strong>\u0131<\/strong><strong>k, hijyen ile ba<\/strong><strong>\u011f<\/strong><strong>da<\/strong><strong>\u015f<\/strong><strong>t<\/strong><strong>\u0131<\/strong><strong>rd<\/strong><strong>\u0131<\/strong><strong>klar<\/strong><strong>\u0131<\/strong> <strong>\u00fc<\/strong><strong>r<\/strong><strong>\u00fc<\/strong><strong>nlere y<\/strong><strong>\u00f6<\/strong><strong>neldi <\/strong><\/h2>\n<p><strong>Vaillant T\u00fcrkiye Sat<\/strong><strong>\u0131\u015f<\/strong><strong> ve Pazarlama Direkt<\/strong><strong>\u00f6<\/strong><strong>r<\/strong><strong>\u00fc<\/strong><strong> Erol Kayao<\/strong><strong>\u011f<\/strong><strong>lu<\/strong>, toplant\u0131da yapt\u0131\u011f\u0131 konu\u015fmada,Vaillant\u2019\u0131n <strong>% 30<\/strong> olan <strong>2020 y\u0131l\u0131<\/strong> b\u00fcy\u00fcme beklentisinin \u00fczerine \u00e7\u0131karak kaydetti\u011fi <strong>% 50<\/strong>\u2019lik <img loading=\"lazy\" class=\"wp-image-124837 alignleft\" src=\"https:\/\/www.enerjigazetesi.ist\/wp-content\/uploads\/2020\/12\/yogusmali-kombiler-ile-dogalgaz-tuketiminde-yuzde-35-tasarruf-saglanabilir-2.jpg\" alt=\"\" width=\"320\" height=\"213\" srcset=\"https:\/\/www.enerjigazetesi.ist\/wp-content\/uploads\/2020\/12\/yogusmali-kombiler-ile-dogalgaz-tuketiminde-yuzde-35-tasarruf-saglanabilir-2.jpg 732w, https:\/\/www.enerjigazetesi.ist\/wp-content\/uploads\/2020\/12\/yogusmali-kombiler-ile-dogalgaz-tuketiminde-yuzde-35-tasarruf-saglanabilir-2-300x200.jpg 300w, https:\/\/www.enerjigazetesi.ist\/wp-content\/uploads\/2020\/12\/yogusmali-kombiler-ile-dogalgaz-tuketiminde-yuzde-35-tasarruf-saglanabilir-2-500x333.jpg 500w, https:\/\/www.enerjigazetesi.ist\/wp-content\/uploads\/2020\/12\/yogusmali-kombiler-ile-dogalgaz-tuketiminde-yuzde-35-tasarruf-saglanabilir-2-75x50.jpg 75w, https:\/\/www.enerjigazetesi.ist\/wp-content\/uploads\/2020\/12\/yogusmali-kombiler-ile-dogalgaz-tuketiminde-yuzde-35-tasarruf-saglanabilir-2-450x300.jpg 450w\" sizes=\"(max-width: 320px) 100vw, 320px\" \/>b\u00fcy\u00fcmeye dikkat \u00e7ekti. Kayao\u011flu, \u201cT\u00fcrkiye genelinde y\u00fcr\u00fctt\u00fc\u011f\u00fcm\u00fcz \u00e7al\u0131\u015fmalar sonucunda t\u00fcm kategorilerde b\u00fcy\u00fcmenin yan\u0131 s\u0131ra yeni gaz gelen <strong>Do\u011fu Anadolu<\/strong> ve <strong>G\u00fcneydo\u011fu Anadolu B\u00f6lgeleri<\/strong>nde di\u011fer b\u00f6lgelere k\u0131yasla daha h\u0131zl\u0131 b\u00fcy\u00fcd\u00fck. Kategori baz\u0131nda bakarsak y\u00fcksek kapasiteli kazan \u00fcr\u00fcnlerinde<strong> 2 kat<\/strong>, \u0131s\u0131 pompas\u0131nda ise <strong>% 27<\/strong> b\u00fcy\u00fcd\u00fck. Geleneksel i\u015f kolumuz olan kombi kategorisinde ise <strong>100 bin adedin<\/strong> \u00fczerinde sat\u0131\u015f ger\u00e7ekle\u015ftirerek y\u0131l\u0131 kapatmay\u0131 planl\u0131yoruz\u201d dedi.<\/p>\n<p>\u00dcr\u00fcnlerinin yan\u0131 s\u0131ra hayata ge\u00e7irdikleri uygulamalarla evlerde ge\u00e7irilen zaman\u0131 cazip hale getirmeyi hedeflediklerini belirten Kayao\u011flu, \u201cYapt\u0131rd\u0131\u011f\u0131m\u0131z ara\u015ft\u0131rmalarda t\u00fcketicilerin sa\u011fl\u0131k, ba\u011f\u0131\u015f\u0131kl\u0131k, hijyen vb. faydalarla ba\u011fda\u015ft\u0131rd\u0131klar\u0131 \u00fcr\u00fcnlere y\u00f6nelmeyi s\u00fcrd\u00fcrece\u011fini g\u00f6rd\u00fck. <strong>Al\u0131\u015fveri\u015f al\u0131\u015fkanl\u0131klar\u0131<\/strong>nda g\u00f6r\u00fcnen <strong>\u00e7oklu kanal kullan\u0131m\u0131<\/strong> etkisini farkl\u0131 sekt\u00f6rlerde de g\u00f6sterdi ve bu etkinin devam etmesi bekleniyor\u201d diye konu\u015ftu.<\/p>\n<p>Bu d\u00f6nemde <strong>dijitalle\u015fme<\/strong> yolunda yapt\u0131klar\u0131 yat\u0131r\u0131mlar\u0131n sonu\u00e7lar\u0131n\u0131 ald\u0131klar\u0131n\u0131 vurgulayan Kayao\u011flu s\u00f6zlerine \u015f\u00f6yle devam etti: \u201cT\u00fcm kanallardan <strong>7\/24 kesintisiz \u00e7a\u011fr\u0131 merkezi hizmeti<\/strong> vermeye devam ediyoruz.<strong> Sat\u0131\u015f<\/strong> ve <strong>sat\u0131\u015f sonras\u0131<\/strong> hizmetler esnas\u0131nda temas\u0131 en aza indirmeye y\u00f6nelik yeni projeler de hayata ge\u00e7iriyoruz. Temas\u0131 en aza indirmeye y\u00f6nelik<strong> \u201cG\u00f6r\u00fcnt\u00fcl\u00fc \u00dccretsiz Ke\u015fif\u201d projesi<\/strong> ile sat\u0131n alma s\u00fcrecinde <strong>2 kez<\/strong> yap\u0131lan ev ziyaretini bire d\u00fc\u015f\u00fcrd\u00fck. Uygulamay\u0131 devreye ald\u0131\u011f\u0131m\u0131z ilk <strong>15 g\u00fcnde<\/strong> gelen ke\u015fif taleplerinin <strong>% 20<\/strong>\u2019sini <strong>\u2018G\u00f6r\u00fcnt\u00fcl\u00fc \u00dccretsiz Ke\u015fif\u2019 uygulamas\u0131<\/strong> ile ger\u00e7ekle\u015ftirdik. G\u00f6r\u00fcnt\u00fcl\u00fc ke\u015fif taleplerinin <strong>% 23<\/strong>\u2019\u00fc sat\u0131\u015fa d\u00f6nd\u00fc. G\u00f6r\u00fcnt\u00fcl\u00fc ke\u015fif \u00fczerinden <strong>% 50<\/strong> daha fazla sat\u0131\u015f oran\u0131 yakal\u0131yoruz.\u201d<\/p>\n<h2><strong>Green iQ etiketli \u00fcr\u00fcnlerle d\u00fcnyam<\/strong><strong>\u0131<\/strong><strong>z<\/strong><strong>\u0131<\/strong><strong>n korunmas<\/strong><strong>\u0131<\/strong><strong> ad<\/strong><strong>\u0131<\/strong><strong>na <\/strong><strong>\u00e7<\/strong><strong>\u0131<\/strong><strong>tay<\/strong><strong>\u0131<\/strong><strong> en <\/strong><strong>\u00fc<\/strong><strong>st noktaya <\/strong><strong>\u00e7<\/strong><strong>\u0131<\/strong><strong>kar<\/strong><strong>\u0131<\/strong><strong>yor <\/strong><\/h2>\n<p>Pandemiye ra\u011fmen \u00fcr\u00fcn lansmanlar\u0131na devam eden <strong>Vaillant T\u00fcrkiye<\/strong>, yo\u011fu\u015fmal\u0131 \u00fcr\u00fcn gam\u0131n\u0131, \u00e7evre dostu ve tasarrufu \u00fcst seviyeye \u00e7\u0131karan cihazlarla geni\u015fletti. D\u00fcnyay\u0131 ve \u00e7evreyi d\u00fc\u015f\u00fcnen kullan\u0131c\u0131lar\u0131n s\u00fcrd\u00fcr\u00fclebilir \u00fcr\u00fcnleri tercih etti\u011fini vurgulayan <strong>Erol Kayao\u011flu<\/strong> \u015fu bilgileri verdi: \u201c<em>Yak\u0131n zaman \u00f6nce hem toprak hem su hem de hava bazl\u0131 \u00e7al\u0131\u015fabilen benzersiz bir \u00fcr\u00fcn olan Flexotherm \u0131s\u0131 pompas\u0131n\u0131 t\u00fcketicinin be\u011fenisine sunduk. <strong>Green iQ felsefesi<\/strong> ile \u00fcretilen <strong>ecoTEC Exclusive yo\u011fu\u015fmal\u0131 kombi<\/strong>; multi yo\u011fu\u015fma sa\u011flayan teknolojisi ile standart kombilere k\u0131yasla <strong>% 8<\/strong>\u2019e varan <strong>ek tasarruf<\/strong> ve <strong>d\u00fc\u015f\u00fck maliyetli enerji kullan\u0131m\u0131<\/strong> vadediyor. <strong>% 85<\/strong> geri d\u00f6n\u00fc\u015ft\u00fcr\u00fclebilir malzemelerden \u00fcretilen \u00fcr\u00fcn, cep telefonuyla kontrol ve uzaktan eri\u015fim gibi \u00fcst\u00fcn \u00f6zelliklere sahip. Hem kullan\u0131c\u0131ya daha fazla <strong>tasarruf<\/strong> imkan\u0131 sa\u011flayan hem de do\u011fadaki gaz sal\u0131n\u0131m\u0131n\u0131 azaltan <strong>Green iQ felsefesi<\/strong> ile \u00fcretilen \u00fcr\u00fcnlerimizi, t\u00fcketicilerimizle bulu\u015fturmaya devam ediyoruz.\u201d<\/em><\/p>","protected":false},"excerpt":{"rendered":"<p>Sorry, this entry is only available in Turkish. For the sake of viewer convenience, the content is shown below in the alternative language. You may click the link to switch the active language. Vaillant, geni\u015fletti\u011fi ve yeni \u00f6zellikler ekledi\u011fi tam yo\u011fu\u015fmal\u0131 \u00fcr\u00fcn ailesi ile zaman\u0131n b\u00fcy\u00fck b\u00f6l\u00fcm\u00fcn\u00fcn ge\u00e7irildi\u011fi evlerde, enerji maliyetini %\u00a035\u2019e kadar d\u00fc\u015f\u00fcr\u00fcyor. Ald\u0131\u011f\u0131 [&hellip;]<\/p>\n","protected":false},"author":1,"featured_media":124838,"comment_status":"open","ping_status":"open","sticky":false,"template":"","format":"standard","meta":[],"categories":[46,53],"tags":[83271,36997,83274,54036,60162,40807,52259,83273,83270,25779,11662,83272],"views":136,"_links":{"self":[{"href":"https:\/\/www.enerjigazetesi.ist\/en\/wp-json\/wp\/v2\/posts\/124835"}],"collection":[{"href":"https:\/\/www.enerjigazetesi.ist\/en\/wp-json\/wp\/v2\/posts"}],"about":[{"href":"https:\/\/www.enerjigazetesi.ist\/en\/wp-json\/wp\/v2\/types\/post"}],"author":[{"embeddable":true,"href":"https:\/\/www.enerjigazetesi.ist\/en\/wp-json\/wp\/v2\/users\/1"}],"replies":[{"embeddable":true,"href":"https:\/\/www.enerjigazetesi.ist\/en\/wp-json\/wp\/v2\/comments?post=124835"}],"version-history":[{"count":0,"href":"https:\/\/www.enerjigazetesi.ist\/en\/wp-json\/wp\/v2\/posts\/124835\/revisions"}],"wp:featuredmedia":[{"embeddable":true,"href":"https:\/\/www.enerjigazetesi.ist\/en\/wp-json\/wp\/v2\/media\/124838"}],"wp:attachment":[{"href":"https:\/\/www.enerjigazetesi.ist\/en\/wp-json\/wp\/v2\/media?parent=124835"}],"wp:term":[{"taxonomy":"category","embeddable":true,"href":"https:\/\/www.enerjigazetesi.ist\/en\/wp-json\/wp\/v2\/categories?post=124835"},{"taxonomy":"post_tag","embeddable":true,"href":"https:\/\/www.enerjigazetesi.ist\/en\/wp-json\/wp\/v2\/tags?post=124835"}],"curies":[{"name":"wp","href":"https:\/\/api.w.org\/{rel}","templated":true}]}}