{"id":124776,"date":"2020-12-08T12:56:04","date_gmt":"2020-12-08T09:56:04","guid":{"rendered":"https:\/\/www.enerjigazetesi.ist\/?p=124776"},"modified":"2020-12-08T12:56:24","modified_gmt":"2020-12-08T09:56:24","slug":"enerya-erzincandaki-abonelerine-enerji-tasarrufu-konusunda-bilgi-verdi","status":"publish","type":"post","link":"https:\/\/www.enerjigazetesi.ist\/en\/enerya-erzincandaki-abonelerine-enerji-tasarrufu-konusunda-bilgi-verdi\/","title":{"rendered":"(Turkish) &#8217;Enerya&#8217; Erzincan&#8217;daki Abonelerine Enerji Tasarrufu Konusunda Bilgi Verdi"},"content":{"rendered":"<p class=\"qtranxs-available-languages-message qtranxs-available-languages-message-en\">Sorry, this entry is only available in <a href=\"https:\/\/www.enerjigazetesi.ist\/tr\/wp-json\/wp\/v2\/posts\/124776\" class=\"qtranxs-available-language-link qtranxs-available-language-link-tr\" title=\"Turkish\">Turkish<\/a>. For the sake of viewer convenience, the content is shown below in the alternative language. You may click the link to switch the active language.<\/p><p><\/p>\n<h1>Enerya taraf\u0131ndan Erzincan&#8217;daki do\u011falgaz abonelerine k\u0131\u015f haz\u0131rl\u0131klar\u0131 kapsam\u0131nda tasarruflu do\u011fal gaz\u00a0 kullan\u0131m\u0131na y\u00f6nelik\u00a0bilgilendirdi. \u015eirketten yap\u0131lan a\u00e7\u0131klamaya g\u00f6re, kombi bak\u0131m\u0131, binalar\u0131n yal\u0131t\u0131m\u0131 ve\u00a0yal\u0131t\u0131ma ba\u011fl\u0131 \u0131s\u0131 kayb\u0131 gibi konular do\u011fal gaz\u0131n k\u0131\u015f mevsiminde\u00a0ekonomik\u00a0kullan\u0131lmas\u0131 kapsam\u0131nda\u00a0\u00f6nem ta\u015f\u0131yor.<\/h1>\n<p>Abonelerin k\u0131\u015f aylar\u0131nda <strong>do\u011fal gaz kullanmaya ba\u015flamadan<\/strong> \u00f6nce bacalar\u0131n ve <strong>ba\u011flant\u0131 noktalar\u0131<\/strong>n\u0131n \u00e7eki\u015f kontrollerini\u00a0<strong>kontrol ettirmesi<\/strong> ve <strong>kombi bak\u0131mlar\u0131n\u0131<\/strong>\u00a0mutlaka yapt\u0131rmas\u0131 gerekiyor.<\/p>\n<p><img loading=\"lazy\" class=\"alignright wp-image-124778\" src=\"https:\/\/www.enerjigazetesi.ist\/wp-content\/uploads\/2020\/12\/enerya-erzincandaki-abonelerine-enerji-tasarrufu-konusunda-bilgi-verdi.jpg\" alt=\"\" width=\"340\" height=\"192\" srcset=\"https:\/\/www.enerjigazetesi.ist\/wp-content\/uploads\/2020\/12\/enerya-erzincandaki-abonelerine-enerji-tasarrufu-konusunda-bilgi-verdi.jpg 810w, https:\/\/www.enerjigazetesi.ist\/wp-content\/uploads\/2020\/12\/enerya-erzincandaki-abonelerine-enerji-tasarrufu-konusunda-bilgi-verdi-300x170.jpg 300w, https:\/\/www.enerjigazetesi.ist\/wp-content\/uploads\/2020\/12\/enerya-erzincandaki-abonelerine-enerji-tasarrufu-konusunda-bilgi-verdi-768x434.jpg 768w, https:\/\/www.enerjigazetesi.ist\/wp-content\/uploads\/2020\/12\/enerya-erzincandaki-abonelerine-enerji-tasarrufu-konusunda-bilgi-verdi-500x283.jpg 500w, https:\/\/www.enerjigazetesi.ist\/wp-content\/uploads\/2020\/12\/enerya-erzincandaki-abonelerine-enerji-tasarrufu-konusunda-bilgi-verdi-80x45.jpg 80w\" sizes=\"(max-width: 340px) 100vw, 340px\" \/>Konutlarda al\u0131nacak \u00f6nlemler\u00a0<strong>do\u011fal gaz faturas\u0131<\/strong>nda\u00a0tasarruf sa\u011flarken,\u00a0enerji\u00a0kaynaklar\u0131n\u0131n da verimli kullan\u0131lmas\u0131na imkan tan\u0131yor.<\/p>\n<p>Di\u011fer yandan, do\u011fal gaz kombisinin bulundu\u011fu <strong>mekandaki\u00a0havaland\u0131rma menfezleri<\/strong>nin kapat\u0131lmamas\u0131 gerekiyor.\u00a0T\u00fcm do\u011fal gaz abonelerinin <strong>yak\u0131c\u0131 cihazlar\u0131n\u0131n periyodik bak\u0131mlar\u0131<\/strong>n\u0131 yapt\u0131rmas\u0131 <strong>konforlu<\/strong> ve <strong>g\u00fcvenilir do\u011fal gaz kullan\u0131m\u0131<\/strong> a\u00e7\u0131s\u0131ndan \u00f6nem ta\u015f\u0131yor.<\/p>\n<p><strong>Kombi, \u015fofben, soba<\/strong> ve <strong>kazan<\/strong> gibi <strong>yak\u0131c\u0131 cihazlar\u0131n baca sens\u00f6rleri<\/strong>nin\u00a0\u00e7al\u0131\u015f\u0131r durumda oldu\u011funun da kontrol edilmesi, y\u0131lda\u00a0en az <strong>1 kere baca temizli\u011fi<\/strong>nin yapt\u0131r\u0131lmas\u0131 \u00f6neriliyor.<\/p>\n<p>A\u00e7\u0131klamada g\u00f6r\u00fc\u015flerine yer\u00a0verilen\u00a0<em>Enerya Erzincan \u0130\u015fletme M\u00fcd\u00fcr\u00fc<\/em><strong> Serdar Karaca<\/strong>, temel kurallara uyularak kullan\u0131lan <strong>do\u011fal gaz\u0131n g\u00fcvenilir, konforlu<\/strong> ve<strong> ekonomik bir yak\u0131t<\/strong> oldu\u011funu belirterek, &#8220;Erzincan&#8217;da<strong> 60 bini<\/strong> a\u015fk\u0131n aboneyi do\u011fal gazla bulu\u015fturuyoruz. <strong>Cihaz<\/strong> ve <strong>tesisat yenileme<\/strong>, yer <strong>de\u011fi\u015fimi<\/strong> ve <strong>tadilat<\/strong> gibi durumlarda abonelerimiz mutlaka <strong>Enerya&#8217;y\u0131<\/strong> bilgilendirmelidir. <strong>444 8 429<\/strong> numaral\u0131 telefondan \u00e7a\u011fr\u0131 merkezimizi arayabilir veya abone merkezlerimize gelerek bilgi alabilirler. Abonelerimiz, yap\u0131lan i\u015fleme ekiplerimiz taraf\u0131ndan onay verilmesinin ard\u0131ndan gaz kullan\u0131m\u0131na tekrar ba\u015flayabilirler. Enerya taraf\u0131ndan <strong>tesisat kontrol\u00fc<\/strong> yap\u0131lm\u0131\u015f <strong>aktif do\u011fal gaz kullanan aboneleri<\/strong>mizin do\u011fal gaz borular\u0131n\u0131 boyatmas\u0131 gerekmektedir.&#8221;dedi.<\/p>\n<p>Karaca, <strong>bina mantolamalar\u0131<\/strong>n\u0131n <strong>do\u011fal gaz t\u00fcketimini<\/strong> etkiledi\u011fine i\u015faret ederek, <em>&#8220;<strong>Yal\u0131t\u0131m<\/strong> ve <strong>mantolama<\/strong> ile konut ba\u015f\u0131 y\u0131ll\u0131k <strong>1946 liraya<\/strong> kadar tasarruf sa\u011flamak m\u00fcmk\u00fcn. D\u0131\u015f cephesi yal\u0131t\u0131ms\u0131z binalar <strong>% 40<\/strong>, tek caml\u0131 pencereler <strong>% 15<\/strong>, yal\u0131t\u0131ms\u0131z \u00e7at\u0131 <strong>% 30<\/strong> oran\u0131nda \u0131s\u0131 kayb\u0131na sebep oluyor. <strong>Yal\u0131t\u0131m<\/strong> ve <strong>mantolama<\/strong> s\u0131ras\u0131nda <strong>do\u011fal gaz tesisatlar\u0131<\/strong>n\u0131n <strong>kapal\u0131 hacim<\/strong> i\u00e7erisinde b\u0131rak\u0131lmamas\u0131 gerekiyor.&#8221;<\/em> de\u011ferlendirmesinde bulundu.<\/p>","protected":false},"excerpt":{"rendered":"<p>Sorry, this entry is only available in Turkish. For the sake of viewer convenience, the content is shown below in the alternative language. You may click the link to switch the active language. Enerya taraf\u0131ndan Erzincan&#8217;daki do\u011falgaz abonelerine k\u0131\u015f haz\u0131rl\u0131klar\u0131 kapsam\u0131nda tasarruflu do\u011fal gaz\u00a0 kullan\u0131m\u0131na y\u00f6nelik\u00a0bilgilendirdi. \u015eirketten yap\u0131lan a\u00e7\u0131klamaya g\u00f6re, kombi bak\u0131m\u0131, binalar\u0131n yal\u0131t\u0131m\u0131 ve\u00a0yal\u0131t\u0131ma [&hellip;]<\/p>\n","protected":false},"author":1,"featured_media":124778,"comment_status":"open","ping_status":"open","sticky":false,"template":"","format":"standard","meta":[],"categories":[46,51,53],"tags":[83244,83247,54036,52259,59667,83246,83017,83245],"views":140,"_links":{"self":[{"href":"https:\/\/www.enerjigazetesi.ist\/en\/wp-json\/wp\/v2\/posts\/124776"}],"collection":[{"href":"https:\/\/www.enerjigazetesi.ist\/en\/wp-json\/wp\/v2\/posts"}],"about":[{"href":"https:\/\/www.enerjigazetesi.ist\/en\/wp-json\/wp\/v2\/types\/post"}],"author":[{"embeddable":true,"href":"https:\/\/www.enerjigazetesi.ist\/en\/wp-json\/wp\/v2\/users\/1"}],"replies":[{"embeddable":true,"href":"https:\/\/www.enerjigazetesi.ist\/en\/wp-json\/wp\/v2\/comments?post=124776"}],"version-history":[{"count":0,"href":"https:\/\/www.enerjigazetesi.ist\/en\/wp-json\/wp\/v2\/posts\/124776\/revisions"}],"wp:featuredmedia":[{"embeddable":true,"href":"https:\/\/www.enerjigazetesi.ist\/en\/wp-json\/wp\/v2\/media\/124778"}],"wp:attachment":[{"href":"https:\/\/www.enerjigazetesi.ist\/en\/wp-json\/wp\/v2\/media?parent=124776"}],"wp:term":[{"taxonomy":"category","embeddable":true,"href":"https:\/\/www.enerjigazetesi.ist\/en\/wp-json\/wp\/v2\/categories?post=124776"},{"taxonomy":"post_tag","embeddable":true,"href":"https:\/\/www.enerjigazetesi.ist\/en\/wp-json\/wp\/v2\/tags?post=124776"}],"curies":[{"name":"wp","href":"https:\/\/api.w.org\/{rel}","templated":true}]}}