{"id":124660,"date":"2020-12-06T16:47:57","date_gmt":"2020-12-06T13:47:57","guid":{"rendered":"https:\/\/www.enerjigazetesi.ist\/?p=124660"},"modified":"2020-12-06T16:47:57","modified_gmt":"2020-12-06T13:47:57","slug":"petrol-ve-petrol-urunleri-sanayi-meclisi-yilin-son-toplantisini-yapti","status":"publish","type":"post","link":"https:\/\/www.enerjigazetesi.ist\/en\/petrol-ve-petrol-urunleri-sanayi-meclisi-yilin-son-toplantisini-yapti\/","title":{"rendered":"(Turkish) Petrol ve Petrol \u00dcr\u00fcnleri Sanayi Meclisi Y\u0131l\u0131n Son Toplant\u0131s\u0131n\u0131 Yapt\u0131"},"content":{"rendered":"<p class=\"qtranxs-available-languages-message qtranxs-available-languages-message-en\">Sorry, this entry is only available in <a href=\"https:\/\/www.enerjigazetesi.ist\/tr\/wp-json\/wp\/v2\/posts\/124660\" class=\"qtranxs-available-language-link qtranxs-available-language-link-tr\" title=\"Turkish\">Turkish<\/a>. For the sake of viewer convenience, the content is shown below in the alternative language. You may click the link to switch the active language.<\/p><p><\/p>\n<h1>T\u00fcrkiye Odalar ve Borsalar Birli\u011fi (TOBB) T\u00fcrkiye Petrol ve Petrol \u00dcr\u00fcnleri Sanayi Meclisi, Ahmet Erdem ba\u015fkanl\u0131\u011f\u0131nda sekt\u00f6rdeki geli\u015fmeleri isti\u015fare etmek \u00fczere video konferans arac\u0131l\u0131\u011f\u0131yla bir araya geldi.\u200b<\/h1>\n<p><em>TOBB Ba\u015fkan\u0131 M. Rifat Hisarc\u0131kl\u0131o\u011flu, Hazine ve Maliye Bakan\u0131 <strong>L\u00fctfi Elvan<\/strong>, Adalet Bakan\u0131 <img loading=\"lazy\" class=\"alignright wp-image-124662\" src=\"https:\/\/www.enerjigazetesi.ist\/wp-content\/uploads\/2020\/12\/petrol-ve-petrol-urunleri-sanayi-meclisi-yilin-son-toplantisini-yapti.jpg\" alt=\"\" width=\"320\" height=\"212\" srcset=\"https:\/\/www.enerjigazetesi.ist\/wp-content\/uploads\/2020\/12\/petrol-ve-petrol-urunleri-sanayi-meclisi-yilin-son-toplantisini-yapti.jpg 499w, https:\/\/www.enerjigazetesi.ist\/wp-content\/uploads\/2020\/12\/petrol-ve-petrol-urunleri-sanayi-meclisi-yilin-son-toplantisini-yapti-300x198.jpg 300w, https:\/\/www.enerjigazetesi.ist\/wp-content\/uploads\/2020\/12\/petrol-ve-petrol-urunleri-sanayi-meclisi-yilin-son-toplantisini-yapti-76x50.jpg 76w, https:\/\/www.enerjigazetesi.ist\/wp-content\/uploads\/2020\/12\/petrol-ve-petrol-urunleri-sanayi-meclisi-yilin-son-toplantisini-yapti-450x300.jpg 450w\" sizes=\"(max-width: 320px) 100vw, 320px\" \/><strong>Abdulhamit G\u00fcl<\/strong>, Sanayi ve Teknoloji Bakan\u0131 <strong>Mustafa Varank<\/strong>, Tar\u0131m ve Orman Bakan\u0131 <strong>Bekir Pakdemirli<\/strong>, Ticaret Bakan\u0131 <strong>Ruhsar Pekcan,<\/strong> Aile, \u00c7al\u0131\u015fma ve Sosyal Hizmetler Bakan\u0131 <strong>Zehra Z\u00fcmr\u00fct Sel\u00e7uk<\/strong> ve T\u00fcrkiye Cumhuriyeti Merkez Bankas\u0131 Ba\u015fkan\u0131 <strong>Naci A\u011fbal<\/strong><\/em>\u2019\u0131n kat\u0131l\u0131m\u0131yla <strong>28 Kas\u0131m 2020<\/strong> tarihinde bir toplant\u0131 d\u00fczenlendi\u011fini aktaran Meclis Ba\u015fkan\u0131 Erdem, burada sekt\u00f6r\u00fcn <strong>sorun<\/strong> ve <strong>\u00e7\u00f6z\u00fcm \u00f6nerilerini<\/strong> ilk elden <strong>iletme f\u0131rsat\u0131 buldu\u011funu<\/strong> dile getirdi.<\/p>\n<p><strong>Ka\u00e7ak akaryak\u0131t sat\u0131\u015flar\u0131<\/strong>n\u0131n \u00f6nlenmesi i\u00e7in <strong>KDV<\/strong>\u2019nin s\u0131f\u0131rlanarak <strong>\u00d6TV<\/strong>\u2019ye eklenmesi \u00f6nerisinin isti\u015fare edildi\u011fi toplant\u0131da ilgili konuda kamu temsilcilerinin de yer ald\u0131\u011f\u0131 bir <strong>\u00e7al\u0131\u015fma grubu<\/strong> kurulmas\u0131na ve etki analizi ile uygulama prosed\u00fcrlerini de i\u00e7eren bir rapor haz\u0131rlanmas\u0131na karar verilirken <strong>Biodizel<\/strong> konusunda <strong>fiyat\u0131n y\u00fckseldi\u011fi<\/strong> ve <strong>sekt\u00f6rde zarara yol a\u00e7t\u0131\u011f\u0131<\/strong> belirtilirken en az\u0131ndan <strong>ilave y\u00fcklerin kald\u0131r\u0131lmas\u0131<\/strong>n\u0131n \u00f6nemli oldu\u011fu ve bu sebeple <strong>teminat mektubu<\/strong>nun kald\u0131r\u0131lmas\u0131n\u0131n iyi olaca\u011f\u0131 belirtildi.<\/p>","protected":false},"excerpt":{"rendered":"<p>Sorry, this entry is only available in Turkish. For the sake of viewer convenience, the content is shown below in the alternative language. You may click the link to switch the active language. T\u00fcrkiye Odalar ve Borsalar Birli\u011fi (TOBB) T\u00fcrkiye Petrol ve Petrol \u00dcr\u00fcnleri Sanayi Meclisi, Ahmet Erdem ba\u015fkanl\u0131\u011f\u0131nda sekt\u00f6rdeki geli\u015fmeleri isti\u015fare etmek \u00fczere video [&hellip;]<\/p>\n","protected":false},"author":1,"featured_media":124662,"comment_status":"open","ping_status":"open","sticky":false,"template":"","format":"standard","meta":[],"categories":[53,44],"tags":[8498,52407,83159,52259,83156,83157,83158,53153,32594,67115,83160],"views":122,"_links":{"self":[{"href":"https:\/\/www.enerjigazetesi.ist\/en\/wp-json\/wp\/v2\/posts\/124660"}],"collection":[{"href":"https:\/\/www.enerjigazetesi.ist\/en\/wp-json\/wp\/v2\/posts"}],"about":[{"href":"https:\/\/www.enerjigazetesi.ist\/en\/wp-json\/wp\/v2\/types\/post"}],"author":[{"embeddable":true,"href":"https:\/\/www.enerjigazetesi.ist\/en\/wp-json\/wp\/v2\/users\/1"}],"replies":[{"embeddable":true,"href":"https:\/\/www.enerjigazetesi.ist\/en\/wp-json\/wp\/v2\/comments?post=124660"}],"version-history":[{"count":0,"href":"https:\/\/www.enerjigazetesi.ist\/en\/wp-json\/wp\/v2\/posts\/124660\/revisions"}],"wp:featuredmedia":[{"embeddable":true,"href":"https:\/\/www.enerjigazetesi.ist\/en\/wp-json\/wp\/v2\/media\/124662"}],"wp:attachment":[{"href":"https:\/\/www.enerjigazetesi.ist\/en\/wp-json\/wp\/v2\/media?parent=124660"}],"wp:term":[{"taxonomy":"category","embeddable":true,"href":"https:\/\/www.enerjigazetesi.ist\/en\/wp-json\/wp\/v2\/categories?post=124660"},{"taxonomy":"post_tag","embeddable":true,"href":"https:\/\/www.enerjigazetesi.ist\/en\/wp-json\/wp\/v2\/tags?post=124660"}],"curies":[{"name":"wp","href":"https:\/\/api.w.org\/{rel}","templated":true}]}}