{"id":12464,"date":"2013-06-28T10:48:03","date_gmt":"2013-06-28T07:48:03","guid":{"rendered":"https:\/\/www.enerjigazetesi.ist\/?p=12464"},"modified":"2013-06-28T10:48:03","modified_gmt":"2013-06-28T07:48:03","slug":"fransa-japonyaya-nukleer-yakit-gonderdi","status":"publish","type":"post","link":"https:\/\/www.enerjigazetesi.ist\/en\/fransa-japonyaya-nukleer-yakit-gonderdi\/","title":{"rendered":"(Turkish) Fransa, Japonya`ya N\u00fckleer Yak\u0131t G\u00f6nderdi&#8230;"},"content":{"rendered":"<p class=\"qtranxs-available-languages-message qtranxs-available-languages-message-en\">Sorry, this entry is only available in <a href=\"https:\/\/www.enerjigazetesi.ist\/tr\/wp-json\/wp\/v2\/posts\/12464\" class=\"qtranxs-available-language-link qtranxs-available-language-link-tr\" title=\"Turkish\">Turkish<\/a>. For the sake of viewer convenience, the content is shown below in the alternative language. You may click the link to switch the active language.<\/p><p><strong>Japonya`da 2 y\u0131l \u00f6nce ya\u015fanan n\u00fckleer afetin ard\u0131ndan ilk kez Fransa`dan bu \u00fclkeye &#8220;MOX&#8221; diye isimlendirilen n\u00fckleer yak\u0131t ula\u015ft\u0131. Fransa`dan ge\u00e7ti\u011fimiz nisan ay\u0131nda yola \u00e7\u0131kan n\u00fckleer yak\u0131t, Japon D<a href=\"https:\/\/www.enerjigazetesi.ist\/wp-content\/uploads\/2013\/01\/ankara-nukleer-enerji-semineri-kongresi-505x242.jpg\"><img loading=\"lazy\" class=\"alignright size-medium wp-image-5435\" title=\"fransa-japonya-ya-n\u00fckleer-yak\u0131t-g\u00f6nderdi\" src=\"https:\/\/www.enerjigazetesi.ist\/wp-content\/uploads\/2013\/01\/ankara-nukleer-enerji-semineri-kongresi-505x242-300x191.jpg\" alt=\"\" width=\"300\" height=\"191\" srcset=\"https:\/\/www.enerjigazetesi.ist\/wp-content\/uploads\/2013\/01\/ankara-nukleer-enerji-semineri-kongresi-505x242-300x191.jpg 300w, https:\/\/www.enerjigazetesi.ist\/wp-content\/uploads\/2013\/01\/ankara-nukleer-enerji-semineri-kongresi-505x242-78x50.jpg 78w, https:\/\/www.enerjigazetesi.ist\/wp-content\/uploads\/2013\/01\/ankara-nukleer-enerji-semineri-kongresi-505x242.jpg 379w\" sizes=\"(max-width: 300px) 100vw, 300px\" \/><\/a>enizi`ne k\u0131y\u0131s\u0131 bulunan Fukui eyaletindeki Takahama N\u00fckleer Santrali`ne bug\u00fcn ula\u015ft\u0131.<\/strong><\/p>\n<p>Askerlerin e\u015flik etti\u011fi geminin hangi rotay\u0131 takip edece\u011fi gizlenmi\u015fti. Kansai Elektrik \u015eirketi, sipari\u015f etti\u011fi n\u00fckleer yak\u0131t\u0131 Takahama`daki \u00fc\u00e7\u00fcnc\u00fc n\u00fckleer santralinde kullanmay\u0131 hedefliyor. \u015eirket yetkilileri, yeni a\u00e7\u0131klanan g\u00fcvenlik tedbirlerini h\u0131zl\u0131 bir \u015fekilde hayata ge\u00e7irip tekrar hizmete ge\u00e7meyi ama\u00e7l\u0131yor.<\/p>\n<div>Japonya`y\u0131 2 y\u0131l \u00f6nce vuran 9.0 \u015fiddetindeki deprem ve ard\u0131ndan gelen tsunaminin neden oldu\u011fu n\u00fckleer kriz sonras\u0131, b\u00fct\u00fcn santraller kapat\u0131lm\u0131\u015ft\u0131. Bu santrallerin, g\u00fcvenlik kontrollerinin yap\u0131lmas\u0131n\u0131n ard\u0131ndan tekrar a\u00e7\u0131lmas\u0131 d\u00fc\u015f\u00fcn\u00fclmesine ra\u011fmen toplum i\u00e7inde n\u00fckleer kar\u015f\u0131t\u0131 hava bulunuyor. Japon ekonomisini tekrar ray\u0131na sokmak isteyen Ba\u015fbakan \u015einzo Abe ise n\u00fckleer santrallerin tekrar a\u00e7\u0131lmas\u0131ndan yana&#8230;<\/div>\n<div><\/div>\n<div>Kaynak: <a href=\"http:\/\/enerjigunlugu.net\/fransa-japonyaya-nukleer-yakit-gonderdi_4054.html\" target=\"_blank\">Enerji G\u00fcnl\u00fc\u011f\u00fc<\/a><\/div>\n<p><\/p>","protected":false},"excerpt":{"rendered":"<p>Sorry, this entry is only available in Turkish. For the sake of viewer convenience, the content is shown below in the alternative language. You may click the link to switch the active language.Japonya`da 2 y\u0131l \u00f6nce ya\u015fanan n\u00fckleer afetin ard\u0131ndan ilk kez Fransa`dan bu \u00fclkeye &#8220;MOX&#8221; diye isimlendirilen n\u00fckleer yak\u0131t ula\u015ft\u0131. Fransa`dan ge\u00e7ti\u011fimiz nisan ay\u0131nda [&hellip;]<\/p>\n","protected":false},"author":1,"featured_media":5435,"comment_status":"open","ping_status":"open","sticky":false,"template":"","format":"standard","meta":[],"categories":[53,43],"tags":[63,67,165,6393,6391,71,21,5652,6392],"views":841,"_links":{"self":[{"href":"https:\/\/www.enerjigazetesi.ist\/en\/wp-json\/wp\/v2\/posts\/12464"}],"collection":[{"href":"https:\/\/www.enerjigazetesi.ist\/en\/wp-json\/wp\/v2\/posts"}],"about":[{"href":"https:\/\/www.enerjigazetesi.ist\/en\/wp-json\/wp\/v2\/types\/post"}],"author":[{"embeddable":true,"href":"https:\/\/www.enerjigazetesi.ist\/en\/wp-json\/wp\/v2\/users\/1"}],"replies":[{"embeddable":true,"href":"https:\/\/www.enerjigazetesi.ist\/en\/wp-json\/wp\/v2\/comments?post=12464"}],"version-history":[{"count":1,"href":"https:\/\/www.enerjigazetesi.ist\/en\/wp-json\/wp\/v2\/posts\/12464\/revisions"}],"predecessor-version":[{"id":12465,"href":"https:\/\/www.enerjigazetesi.ist\/en\/wp-json\/wp\/v2\/posts\/12464\/revisions\/12465"}],"wp:featuredmedia":[{"embeddable":true,"href":"https:\/\/www.enerjigazetesi.ist\/en\/wp-json\/wp\/v2\/media\/5435"}],"wp:attachment":[{"href":"https:\/\/www.enerjigazetesi.ist\/en\/wp-json\/wp\/v2\/media?parent=12464"}],"wp:term":[{"taxonomy":"category","embeddable":true,"href":"https:\/\/www.enerjigazetesi.ist\/en\/wp-json\/wp\/v2\/categories?post=12464"},{"taxonomy":"post_tag","embeddable":true,"href":"https:\/\/www.enerjigazetesi.ist\/en\/wp-json\/wp\/v2\/tags?post=12464"}],"curies":[{"name":"wp","href":"https:\/\/api.w.org\/{rel}","templated":true}]}}