{"id":124619,"date":"2020-12-04T15:40:18","date_gmt":"2020-12-04T12:40:18","guid":{"rendered":"https:\/\/www.enerjigazetesi.ist\/?p=124619"},"modified":"2020-12-04T15:40:34","modified_gmt":"2020-12-04T12:40:34","slug":"kagider-den-5-aralik-basin-aciklamasi","status":"publish","type":"post","link":"https:\/\/www.enerjigazetesi.ist\/en\/kagider-den-5-aralik-basin-aciklamasi\/","title":{"rendered":"(Turkish) KAG\u0130DER\u2019den 5 Aral\u0131k Bas\u0131n A\u00e7\u0131klamas\u0131"},"content":{"rendered":"<p class=\"qtranxs-available-languages-message qtranxs-available-languages-message-en\">Sorry, this entry is only available in <a href=\"https:\/\/www.enerjigazetesi.ist\/tr\/wp-json\/wp\/v2\/posts\/124619\" class=\"qtranxs-available-language-link qtranxs-available-language-link-tr\" title=\"Turkish\">Turkish<\/a>. For the sake of viewer convenience, the content is shown below in the alternative language. You may click the link to switch the active language.<\/p><p><\/p>\n<h1><strong>\u00dclkemiz Siyasetinde Kad\u0131n Temsili Yetersiz<\/strong><\/h1>\n<p><strong>5 Aral\u0131k<\/strong> T\u00fcrkiye\u2019de, <strong>kad\u0131nlara se\u00e7me ve se\u00e7ilme hakk\u0131<\/strong>n\u0131n tan\u0131nmas\u0131n\u0131n<strong> 86&#8217;inci y\u0131ld\u00f6n\u00fcm\u00fc<\/strong> olarak kutlan\u0131yor. <strong>Mustafa Kemal Atat\u00fcrk<\/strong> \u00f6nderli\u011findeki gen\u00e7 cumhuriyetimiz kad\u0131nlar\u0131n tam kat\u0131l\u0131m\u0131 olmadan <strong>ekonomik, toplumsal<\/strong> ve <strong>siyasi kalk\u0131nma<\/strong> olamayaca\u011f\u0131n\u0131 g\u00f6rerek bug\u00fcn ekonomisi geli\u015fmi\u015f pek \u00e7ok \u00fclkeden bile \u00e7ok daha \u00f6nce ad\u0131m att\u0131. <strong>1935\u2019te<\/strong> ilk kez kad\u0131nlar meclise <img loading=\"lazy\" class=\"alignright wp-image-124621\" src=\"https:\/\/www.enerjigazetesi.ist\/wp-content\/uploads\/2020\/12\/kagider-den-5-aralik-basin-aciklamasi.jpg\" alt=\"\" width=\"320\" height=\"224\" srcset=\"https:\/\/www.enerjigazetesi.ist\/wp-content\/uploads\/2020\/12\/kagider-den-5-aralik-basin-aciklamasi.jpg 697w, https:\/\/www.enerjigazetesi.ist\/wp-content\/uploads\/2020\/12\/kagider-den-5-aralik-basin-aciklamasi-300x210.jpg 300w, https:\/\/www.enerjigazetesi.ist\/wp-content\/uploads\/2020\/12\/kagider-den-5-aralik-basin-aciklamasi-500x350.jpg 500w, https:\/\/www.enerjigazetesi.ist\/wp-content\/uploads\/2020\/12\/kagider-den-5-aralik-basin-aciklamasi-71x50.jpg 71w\" sizes=\"(max-width: 320px) 100vw, 320px\" \/>girdi\u011finde kad\u0131n milletvekili say\u0131s\u0131 17\u2019diydi. Ancak <strong>85 y\u0131l sonra<\/strong> h\u00e2l\u00e2 \u00fclkemiz siyasetinde <strong>kad\u0131nlar\u0131n yeterince temsil edildi\u011fi<\/strong>ni s\u00f6ylemek m\u00fcmk\u00fcn de\u011fil.<\/p>\n<p><strong>Birle\u015fmi\u015f Milletler Kad\u0131n Birimi (UN Women)<\/strong> ve <strong>Parlamentolar Aras\u0131 Birlik (IPU)<\/strong> taraf\u0131ndan haz\u0131rlanan <strong>Siyasette Kad\u0131n Haritas\u0131 2020<\/strong> verilerine g\u00f6re, parlamentoda kad\u0131n temsili a\u00e7\u0131s\u0131ndan T\u00fcrkiye <strong>%17,3<\/strong> oran\u0131yla <strong>193 \u00fclke<\/strong> aras\u0131nda <strong>122\u2019inci s\u0131rada<\/strong> yer al\u0131yor.<\/p>\n<p>T\u00fcrkiye\u2019de h\u00e2l\u00e2 hi\u00e7 kad\u0131n milletvekili \u00e7\u0131karamam\u0131\u015f<strong> 20 il<\/strong> bulunuyor. Bu iller: <strong>Ad\u0131yaman, Ardahan, Artvin, Bayburt, Burdur, Erzincan, Giresun, G\u00fcm\u00fc\u015fhane, Karab\u00fck, Karaman, Kilis, K\u0131r\u0131kkale, K\u0131rklareli, K\u0131r\u015fehir, Nev\u015fehir, Ni\u011fde, Osmaniye, Rize, Sinop ve Yozgat<\/strong>. 2019 yerel se\u00e7imleri sonu\u00e7lar\u0131na g\u00f6re, <strong>30 b\u00fcy\u00fck\u015fehir belediyesi<\/strong>nden yaln\u0131zca <strong>3\u2019\u00fcnde<\/strong> kad\u0131n belediye ba\u015fkanlar\u0131 g\u00f6rev yap\u0131yor. T\u00fcrkiye genelindeki<strong> 50.157 muhtar<\/strong>dan sadece<strong> 1071\u2019i kad\u0131n<\/strong>.<\/p>\n<p>Bu, <strong>21\u2019inci y\u00fczy\u0131lda<\/strong> T\u00fcrkiye\u2019ye yak\u0131\u015fan bir tablo de\u011fil. <strong>Kamu y\u00f6netimi<\/strong> ve<strong> t\u00fcm siyasi partiler<\/strong> <strong>siyasetteki kad\u0131n say\u0131s\u0131<\/strong>n\u0131 art\u0131rmaya y\u00f6nelik \u00e7aba g\u00f6stermeli ve gerekirse<strong> kota d\u00fczenlemeleri<\/strong> yap\u0131lmal\u0131. G\u00fcn\u00fcm\u00fczde kad\u0131nlar\u0131n yeterli \u015fekilde temsil edildikleri ve y\u00f6netim g\u00f6revlerine ula\u015fabildikleri \u00fclkelerde siyasi kurumlar\u0131n daha <strong>ba\u015far\u0131l\u0131 performans g\u00f6sterdiklerine<\/strong> dair \u00f6rnekler giderek artmakta. T\u00fcrkiye de bu iyi \u00f6rneklerden biri olmal\u0131.<\/p>\n<p><strong>T\u00fcrkiye Kad\u0131n Giri\u015fimciler Derne\u011fi KAG\u0130DER<\/strong>, <em>kad\u0131n giri\u015fimcili\u011finin yayg\u0131nla\u015fmas\u0131<\/em> ve <em>kad\u0131n\u0131n ekonomik alanda g\u00fc\u00e7lenmesi<\/em>nin yan\u0131 s\u0131ra, <strong>sosyal ve siyasal<\/strong> alanda da varl\u0131\u011f\u0131n\u0131 g\u00f6stermesi i\u00e7in \u00e7al\u0131\u015fmalar\u0131n\u0131 kararl\u0131l\u0131kla s\u00fcrd\u00fcrmektedir.<\/p>\n<p>Sayg\u0131lar\u0131m\u0131zla,<\/p>\n<p><strong>KAG\u0130DER<\/strong><\/p>\n<p>T\u00fcrkiye Kad\u0131n Giri\u015fimciler Derne\u011fi<\/p>","protected":false},"excerpt":{"rendered":"<p>Sorry, this entry is only available in Turkish. For the sake of viewer convenience, the content is shown below in the alternative language. You may click the link to switch the active language. \u00dclkemiz Siyasetinde Kad\u0131n Temsili Yetersiz 5 Aral\u0131k T\u00fcrkiye\u2019de, kad\u0131nlara se\u00e7me ve se\u00e7ilme hakk\u0131n\u0131n tan\u0131nmas\u0131n\u0131n 86&#8217;inci y\u0131ld\u00f6n\u00fcm\u00fc olarak kutlan\u0131yor. Mustafa Kemal Atat\u00fcrk \u00f6nderli\u011findeki [&hellip;]<\/p>\n","protected":false},"author":1,"featured_media":124621,"comment_status":"open","ping_status":"open","sticky":false,"template":"","format":"standard","meta":[],"categories":[53],"tags":[71415,52259,83118,83121,83119,83120,83122,59258],"views":80,"_links":{"self":[{"href":"https:\/\/www.enerjigazetesi.ist\/en\/wp-json\/wp\/v2\/posts\/124619"}],"collection":[{"href":"https:\/\/www.enerjigazetesi.ist\/en\/wp-json\/wp\/v2\/posts"}],"about":[{"href":"https:\/\/www.enerjigazetesi.ist\/en\/wp-json\/wp\/v2\/types\/post"}],"author":[{"embeddable":true,"href":"https:\/\/www.enerjigazetesi.ist\/en\/wp-json\/wp\/v2\/users\/1"}],"replies":[{"embeddable":true,"href":"https:\/\/www.enerjigazetesi.ist\/en\/wp-json\/wp\/v2\/comments?post=124619"}],"version-history":[{"count":0,"href":"https:\/\/www.enerjigazetesi.ist\/en\/wp-json\/wp\/v2\/posts\/124619\/revisions"}],"wp:featuredmedia":[{"embeddable":true,"href":"https:\/\/www.enerjigazetesi.ist\/en\/wp-json\/wp\/v2\/media\/124621"}],"wp:attachment":[{"href":"https:\/\/www.enerjigazetesi.ist\/en\/wp-json\/wp\/v2\/media?parent=124619"}],"wp:term":[{"taxonomy":"category","embeddable":true,"href":"https:\/\/www.enerjigazetesi.ist\/en\/wp-json\/wp\/v2\/categories?post=124619"},{"taxonomy":"post_tag","embeddable":true,"href":"https:\/\/www.enerjigazetesi.ist\/en\/wp-json\/wp\/v2\/tags?post=124619"}],"curies":[{"name":"wp","href":"https:\/\/api.w.org\/{rel}","templated":true}]}}