{"id":124517,"date":"2020-12-03T12:39:49","date_gmt":"2020-12-03T09:39:49","guid":{"rendered":"https:\/\/www.enerjigazetesi.ist\/?p=124517"},"modified":"2020-12-03T12:39:49","modified_gmt":"2020-12-03T09:39:49","slug":"sosyallesmek-isteyen-54-milyon-dijitalde-bir-araya-geldi","status":"publish","type":"post","link":"https:\/\/www.enerjigazetesi.ist\/en\/sosyallesmek-isteyen-54-milyon-dijitalde-bir-araya-geldi\/","title":{"rendered":"(Turkish) Sosyalle\u015fmek \u0130steyen 54 Milyon Dijitalde Bir Araya Geldi"},"content":{"rendered":"<p class=\"qtranxs-available-languages-message qtranxs-available-languages-message-en\">Sorry, this entry is only available in <a href=\"https:\/\/www.enerjigazetesi.ist\/tr\/wp-json\/wp\/v2\/posts\/124517\" class=\"qtranxs-available-language-link qtranxs-available-language-link-tr\" title=\"Turkish\">Turkish<\/a>. For the sake of viewer convenience, the content is shown below in the alternative language. You may click the link to switch the active language.<\/p><p><\/p>\n<h1><strong>We Are Social 2020 verilerine g\u00f6re, n\u00fcfusu 82 milyonu a<\/strong><strong>\u015f<\/strong><strong>an T<\/strong><strong>\u00fc<\/strong><strong>rkiye<\/strong><strong>\u2019<\/strong><strong>de 62 milyon internet kullan<\/strong><strong>\u0131<\/strong><strong>c<\/strong><strong>\u0131<\/strong><strong>s<\/strong><strong>\u0131<\/strong><strong> var. Bu rakam, n<\/strong><strong>\u00fc<\/strong><strong>fusun % 74&#8217;\u00fcne kar<\/strong><strong>\u015f\u0131<\/strong><strong>l<\/strong><strong>\u0131<\/strong><strong>k gelirken, 54 milyon ki<\/strong><strong>\u015f<\/strong><strong>i aktif olarak sosyal medyay<\/strong><strong>\u0131<\/strong><strong> kullan<\/strong><strong>\u0131<\/strong><strong>yor. Bu durum, <\/strong><strong>\u015f<\/strong><strong>irketleri arama motorlar<\/strong><strong>\u0131<\/strong><strong>nda <\/strong><strong>\u00fc<\/strong><strong>st s<\/strong><strong>\u0131<\/strong><strong>ralarda <\/strong><strong>\u00e7<\/strong><strong>\u0131<\/strong><strong>kmak ve kolay bulunmak i<\/strong><strong>\u00e7<\/strong><strong>in reklam vermeye y<\/strong><strong>\u00f6<\/strong><strong>neltiyor.<\/strong><\/h1>\n<p><strong>We Are Social 2020<\/strong> verilerine g\u00f6re \u00fclkemizde kullan\u0131c\u0131 baz\u0131nda g\u00fcnde ortalama <strong>7,5 saat<\/strong> internete <img loading=\"lazy\" class=\"alignright wp-image-124520\" src=\"https:\/\/www.enerjigazetesi.ist\/wp-content\/uploads\/2020\/12\/sosyallesmek-isteyen-54-milyon-dijitalde-bir-araya-geldi-1.jpg\" alt=\"\" width=\"320\" height=\"214\" srcset=\"https:\/\/www.enerjigazetesi.ist\/wp-content\/uploads\/2020\/12\/sosyallesmek-isteyen-54-milyon-dijitalde-bir-araya-geldi-1.jpg 731w, https:\/\/www.enerjigazetesi.ist\/wp-content\/uploads\/2020\/12\/sosyallesmek-isteyen-54-milyon-dijitalde-bir-araya-geldi-1-300x200.jpg 300w, https:\/\/www.enerjigazetesi.ist\/wp-content\/uploads\/2020\/12\/sosyallesmek-isteyen-54-milyon-dijitalde-bir-araya-geldi-1-500x334.jpg 500w, https:\/\/www.enerjigazetesi.ist\/wp-content\/uploads\/2020\/12\/sosyallesmek-isteyen-54-milyon-dijitalde-bir-araya-geldi-1-75x50.jpg 75w\" sizes=\"(max-width: 320px) 100vw, 320px\" \/>ba\u011fl\u0131 kal\u0131n\u0131yor. \u0130nsanlar\u0131n <strong>dijital ortam\u0131<\/strong> s\u0131k kulland\u0131\u011f\u0131 \u00fclkemizde dijital mecralar b\u00fcy\u00fck bir pazar haline geliyor. <strong>Koronavir\u00fcs g\u00fcnlerinde<\/strong> olu\u015fan<strong> sosyal hareketsizlik, sosyal medya hareketlili\u011fine<\/strong> ortam sa\u011fl\u0131yor. \u015eirketlerin koronavir\u00fcs belirsizli\u011finde<strong> dijital pazarlamaya<\/strong> yo\u011funla\u015farak hedef kitleye <strong>\u00fcr\u00fcnlerini ula\u015ft\u0131rmalar\u0131<\/strong> ve <strong>markan\u0131n tan\u0131t\u0131m\u0131n\u0131<\/strong> sa\u011flamalar\u0131, <strong>b\u00fcy\u00fcme<\/strong> ve <strong>k\u00e2rl\u0131l\u0131\u011f\u0131<\/strong> beraberinde getiriyor.<\/p>\n<h2><strong>Dijital pazarlama rekabette avantaj sa<\/strong><strong>\u011f<\/strong><strong>l<\/strong><strong>\u0131<\/strong><strong>yor<\/strong><\/h2>\n<p>Dijital pazarlamada do\u011fru stratejiler belirleyen \u015firketlerin rekabette bir ad\u0131m \u00f6ne \u00e7\u0131kt\u0131\u011f\u0131n\u0131 vurgulayan <strong>EG Bili\u015fim Teknolojileri<\/strong> CEO&#8217;su <strong>G\u00f6khan B\u00fclb\u00fcl<\/strong>, m\u00fc\u015fterilerle ileti\u015fimin s\u00fcreklili\u011finin \u00f6nemine \u015fu s\u00f6zlerle dikkat \u00e7ekti: <em>\u201c\u0130\u00e7inde bulundu\u011fumuz d\u00f6nemde sosyal medya kanallar\u0131 insanlar\u0131 hi\u00e7 olmad\u0131\u011f\u0131 kadar ula\u015f\u0131labilir k\u0131l\u0131yor. <strong>Arama motoru optimizasyonu (SEO)<\/strong>, <strong>sosyal medya kanallar\u0131<\/strong>n\u0131n reklam a\u00e7\u0131s\u0131ndan etkili bir \u015fekilde kullan\u0131lmas\u0131 gibi stratejik ad\u0131mlarla \u015firketler do\u011fru zamanda, do\u011fru kullan\u0131c\u0131 ile bulu\u015fabiliyor. <strong>Salg\u0131n d\u00f6nemi<\/strong>nde <strong>dijital pazarlama<\/strong>ya ve <strong>ileti\u015fime<\/strong> ara veren \u015firketler, bu d\u00f6nemden sonra <strong>m\u00fc\u015fterileri<\/strong> ile <strong>ayn\u0131 ileti\u015fimi kurmakta<\/strong> zorlanabilir. \u015eirketlerin ileti\u015fime devam etmeleri, dijital pazarlama stratejilerini geli\u015ftirmeleri ve dijital pazarlaman\u0131n sundu\u011fu \u00f6l\u00e7\u00fcmlenebilir sonu\u00e7larla gelece\u011fe y\u00f6nelik yol haritalar\u0131 belirlemelerinin kritik derecede \u00f6nemli oldu\u011fu bir d\u00f6nemden ge\u00e7iyoruz.\u201d<\/em> dedi.<\/p>\n<h2><strong>Soka<\/strong><strong>\u011f<\/strong><strong>a <\/strong><strong>\u00e7<\/strong><strong>\u0131<\/strong><strong>kma yasa<\/strong><strong>\u011f\u0131<\/strong><strong> sosyal medyay<\/strong><strong>\u0131<\/strong><strong> hareketlendirdi<\/strong><\/h2>\n<p>G\u00fcndemde yeniden yer alan <strong>soka\u011fa \u00e7\u0131kma yasaklar\u0131<\/strong> ve<strong> k\u0131s\u0131tlamalar<\/strong>, sosyal medya kullan\u0131m\u0131nda art\u0131\u015fa neden oluyor. <strong>We Are Social\u2019<\/strong>\u0131n raporuna g\u00f6re, <strong>2,5 milyar<\/strong> aktif kullan\u0131c\u0131ya sahip <strong>Facebook<\/strong>, en fazla kullan\u0131c\u0131ya sahip<strong> sosyal medya mecras\u0131<\/strong> olurken, <strong>YouTube<\/strong> ve <strong>WhatsApp<\/strong> kullanan <strong>2 milyar kullan\u0131c\u0131<\/strong> mevcut. <strong>WeChat<\/strong>\u2019in 1 milyar kullan\u0131c\u0131ya, son zamanlarda pop\u00fclerle\u015fen platform <strong>TikTok<\/strong>\u2019un ise <strong>800 milyon<\/strong> kullan\u0131c\u0131ya ula\u015ft\u0131\u011f\u0131 g\u00f6r\u00fcl\u00fcyor.<\/p>","protected":false},"excerpt":{"rendered":"<p>Sorry, this entry is only available in Turkish. For the sake of viewer convenience, the content is shown below in the alternative language. You may click the link to switch the active language. We Are Social 2020 verilerine g\u00f6re, n\u00fcfusu 82 milyonu a\u015fan T\u00fcrkiye\u2019de 62 milyon internet kullan\u0131c\u0131s\u0131 var. Bu rakam, n\u00fcfusun % 74&#8217;\u00fcne kar\u015f\u0131l\u0131k [&hellip;]<\/p>\n","protected":false},"author":1,"featured_media":124521,"comment_status":"open","ping_status":"open","sticky":false,"template":"","format":"standard","meta":[],"categories":[53,157],"tags":[68447,83062,52259,70602,65918,81995,83061],"views":73,"_links":{"self":[{"href":"https:\/\/www.enerjigazetesi.ist\/en\/wp-json\/wp\/v2\/posts\/124517"}],"collection":[{"href":"https:\/\/www.enerjigazetesi.ist\/en\/wp-json\/wp\/v2\/posts"}],"about":[{"href":"https:\/\/www.enerjigazetesi.ist\/en\/wp-json\/wp\/v2\/types\/post"}],"author":[{"embeddable":true,"href":"https:\/\/www.enerjigazetesi.ist\/en\/wp-json\/wp\/v2\/users\/1"}],"replies":[{"embeddable":true,"href":"https:\/\/www.enerjigazetesi.ist\/en\/wp-json\/wp\/v2\/comments?post=124517"}],"version-history":[{"count":0,"href":"https:\/\/www.enerjigazetesi.ist\/en\/wp-json\/wp\/v2\/posts\/124517\/revisions"}],"wp:featuredmedia":[{"embeddable":true,"href":"https:\/\/www.enerjigazetesi.ist\/en\/wp-json\/wp\/v2\/media\/124521"}],"wp:attachment":[{"href":"https:\/\/www.enerjigazetesi.ist\/en\/wp-json\/wp\/v2\/media?parent=124517"}],"wp:term":[{"taxonomy":"category","embeddable":true,"href":"https:\/\/www.enerjigazetesi.ist\/en\/wp-json\/wp\/v2\/categories?post=124517"},{"taxonomy":"post_tag","embeddable":true,"href":"https:\/\/www.enerjigazetesi.ist\/en\/wp-json\/wp\/v2\/tags?post=124517"}],"curies":[{"name":"wp","href":"https:\/\/api.w.org\/{rel}","templated":true}]}}