{"id":124493,"date":"2020-12-02T17:09:48","date_gmt":"2020-12-02T14:09:48","guid":{"rendered":"https:\/\/www.enerjigazetesi.ist\/?p=124493"},"modified":"2020-12-02T17:10:49","modified_gmt":"2020-12-02T14:10:49","slug":"yenilenebilir-enerji-alanindaki-duzenlemeler-resmi-gazetede-yayimlandi","status":"publish","type":"post","link":"https:\/\/www.enerjigazetesi.ist\/en\/yenilenebilir-enerji-alanindaki-duzenlemeler-resmi-gazetede-yayimlandi\/","title":{"rendered":"(Turkish) Yenilenebilir Enerji Alan\u0131ndaki D\u00fczenlemeler Resmi Gazete&#8217;de Yay\u0131mland\u0131"},"content":{"rendered":"<p class=\"qtranxs-available-languages-message qtranxs-available-languages-message-en\">Sorry, this entry is only available in <a href=\"https:\/\/www.enerjigazetesi.ist\/tr\/wp-json\/wp\/v2\/posts\/124493\" class=\"qtranxs-available-language-link qtranxs-available-language-link-tr\" title=\"Turkish\">Turkish<\/a>. For the sake of viewer convenience, the content is shown below in the alternative language. You may click the link to switch the active language.<\/p><p><\/p>\n<h1><strong>Enerji alan\u0131nda d\u00fczenlemeler i\u00e7eren elektrik piyasas\u0131 kanunu ile baz\u0131 kanunlarda de\u011fi\u015fiklik yap\u0131lmas\u0131na dair kanun,\u00a0 Resmi Gazete\u2019nin 2 Aral\u0131k 2020 tarihli say\u0131s\u0131nda yay\u0131mland\u0131.<\/strong><\/h1>\n<p>Resmi Gazete\u2019nin bug\u00fcnk\u00fc say\u0131s\u0131nda yer alan yasaya g\u00f6re, <strong>30 Haziran 2021<\/strong> tarihinden sonra i\u015fletmeye girecek <strong>yerli aksam<\/strong> kullanan, <strong>yenilenebilir enerji kaynaklar\u0131<\/strong>n\u0131n bedeli <strong>TL<\/strong> olarak <img loading=\"lazy\" class=\"alignright wp-image-124495\" src=\"https:\/\/www.enerjigazetesi.ist\/wp-content\/uploads\/2020\/12\/yenilenebilir-enerji-alanindaki-duzenlemeler-resmi-gazetede-yayimlandi.jpg\" alt=\"\" width=\"340\" height=\"191\" srcset=\"https:\/\/www.enerjigazetesi.ist\/wp-content\/uploads\/2020\/12\/yenilenebilir-enerji-alanindaki-duzenlemeler-resmi-gazetede-yayimlandi.jpg 750w, https:\/\/www.enerjigazetesi.ist\/wp-content\/uploads\/2020\/12\/yenilenebilir-enerji-alanindaki-duzenlemeler-resmi-gazetede-yayimlandi-300x169.jpg 300w, https:\/\/www.enerjigazetesi.ist\/wp-content\/uploads\/2020\/12\/yenilenebilir-enerji-alanindaki-duzenlemeler-resmi-gazetede-yayimlandi-500x281.jpg 500w, https:\/\/www.enerjigazetesi.ist\/wp-content\/uploads\/2020\/12\/yenilenebilir-enerji-alanindaki-duzenlemeler-resmi-gazetede-yayimlandi-80x45.jpg 80w\" sizes=\"(max-width: 340px) 100vw, 340px\" \/>belirlenebilecek.<\/p>\n<p>Yasayla, <strong>lisanss\u0131z elektrik \u00fcretimi<\/strong>yle t\u00fcketicilerin kendi ihtiyac\u0131n\u0131 \u00fcretmesi de ama\u00e7lan\u0131yor. Elektri\u011fe ihtiyac\u0131 y\u00fcksek olan<strong> aboneler, ba\u011flant\u0131 anla\u015fmas\u0131ndaki s\u00f6zle\u015fme g\u00fcc\u00fcyle<\/strong> s\u0131n\u0131rl\u0131 olmak kayd\u0131yla mevzuatta yer alan <strong>\u00fcretim tesisi \u00fcst s\u0131n\u0131r\u0131<\/strong>ndan istisna olarak, <strong>\u00fcretim tesisi kurabilecek<\/strong> ve bu tip tesislerde<strong> anl\u0131k ihtiya\u00e7 fazlas\u0131<\/strong> olu\u015fmas\u0131 halinde <strong>bunu sisteme verebilmesi<\/strong> sa\u011flanacak.<\/p>\n<p>Kanunla ayr\u0131ca <strong>jeotermal sahalar\u0131n<\/strong> daha h\u0131zl\u0131 bir \u015fekilde ekonomiye kazand\u0131r\u0131lmas\u0131 amac\u0131yla sahalar\u0131n <strong>taksit imkan\u0131yla ihale edilmesi<\/strong>, maden kanununda oldu\u011fu gibi <strong>kamu kurumlar\u0131na bedeli<\/strong> kar\u015f\u0131l\u0131\u011f\u0131 <strong>do\u011frudan<\/strong> veya <strong>gelir payla\u015f\u0131m\u0131<\/strong> esas\u0131yla <strong>kamu kurum<\/strong> ve <strong>kurulu\u015flar\u0131<\/strong> ile bunlar\u0131n ba\u011fl\u0131 <strong>ortakl\u0131klar\u0131na devredilmesi<\/strong> ama\u00e7lan\u0131yor.<\/p>\n<p><strong>Genel ayd\u0131nlatma giderleri<\/strong>nin <strong>Enerji ve Tabii Kaynaklar Bakanl\u0131\u011f\u0131<\/strong>n\u0131n b\u00fct\u00e7esine konan \u00f6denekten kar\u015f\u0131lanmas\u0131 <strong>31 Aral\u0131k 2025 tarihine\u00a0<\/strong>kadar uzat\u0131lacak.<\/p>\n<p><strong>Kanunun Tam Metnine Ula\u015fmak \u0130\u00e7in\u00a0<a href=\"https:\/\/www.resmigazete.gov.tr\/eskiler\/2020\/12\/20201202-9.htm\" target=\"_blank\" rel=\"nofollow noopener\">TIKLAYIN &gt;&gt;&gt;<\/a><\/strong><\/p>","protected":false},"excerpt":{"rendered":"<p>Sorry, this entry is only available in Turkish. For the sake of viewer convenience, the content is shown below in the alternative language. You may click the link to switch the active language. Enerji alan\u0131nda d\u00fczenlemeler i\u00e7eren elektrik piyasas\u0131 kanunu ile baz\u0131 kanunlarda de\u011fi\u015fiklik yap\u0131lmas\u0131na dair kanun,\u00a0 Resmi Gazete\u2019nin 2 Aral\u0131k 2020 tarihli say\u0131s\u0131nda yay\u0131mland\u0131. [&hellip;]<\/p>\n","protected":false},"author":1,"featured_media":124495,"comment_status":"open","ping_status":"open","sticky":false,"template":"","format":"standard","meta":[],"categories":[51,53],"tags":[7450,52259,2282,1388,54979,83048],"views":149,"_links":{"self":[{"href":"https:\/\/www.enerjigazetesi.ist\/en\/wp-json\/wp\/v2\/posts\/124493"}],"collection":[{"href":"https:\/\/www.enerjigazetesi.ist\/en\/wp-json\/wp\/v2\/posts"}],"about":[{"href":"https:\/\/www.enerjigazetesi.ist\/en\/wp-json\/wp\/v2\/types\/post"}],"author":[{"embeddable":true,"href":"https:\/\/www.enerjigazetesi.ist\/en\/wp-json\/wp\/v2\/users\/1"}],"replies":[{"embeddable":true,"href":"https:\/\/www.enerjigazetesi.ist\/en\/wp-json\/wp\/v2\/comments?post=124493"}],"version-history":[{"count":0,"href":"https:\/\/www.enerjigazetesi.ist\/en\/wp-json\/wp\/v2\/posts\/124493\/revisions"}],"wp:featuredmedia":[{"embeddable":true,"href":"https:\/\/www.enerjigazetesi.ist\/en\/wp-json\/wp\/v2\/media\/124495"}],"wp:attachment":[{"href":"https:\/\/www.enerjigazetesi.ist\/en\/wp-json\/wp\/v2\/media?parent=124493"}],"wp:term":[{"taxonomy":"category","embeddable":true,"href":"https:\/\/www.enerjigazetesi.ist\/en\/wp-json\/wp\/v2\/categories?post=124493"},{"taxonomy":"post_tag","embeddable":true,"href":"https:\/\/www.enerjigazetesi.ist\/en\/wp-json\/wp\/v2\/tags?post=124493"}],"curies":[{"name":"wp","href":"https:\/\/api.w.org\/{rel}","templated":true}]}}