{"id":124480,"date":"2020-12-02T15:23:30","date_gmt":"2020-12-02T12:23:30","guid":{"rendered":"https:\/\/www.enerjigazetesi.ist\/?p=124480"},"modified":"2020-12-02T15:28:59","modified_gmt":"2020-12-02T12:28:59","slug":"utsa-cuval-in-gunes-enerjisi-santrali-yatirimi-ile-kendi-enerjisi-ni-uretecek","status":"publish","type":"post","link":"https:\/\/www.enerjigazetesi.ist\/en\/utsa-cuval-in-gunes-enerjisi-santrali-yatirimi-ile-kendi-enerjisi-ni-uretecek\/","title":{"rendered":"(Turkish) &#8217;Utsa \u00c7uval&#8217; \u00c7at\u0131 G\u00fcne\u015f Santrali Yat\u0131r\u0131m\u0131 ile Kendi Enerjisini \u00dcretecek"},"content":{"rendered":"<p class=\"qtranxs-available-languages-message qtranxs-available-languages-message-en\">Sorry, this entry is only available in <a href=\"https:\/\/www.enerjigazetesi.ist\/tr\/wp-json\/wp\/v2\/posts\/124480\" class=\"qtranxs-available-language-link qtranxs-available-language-link-tr\" title=\"Turkish\">Turkish<\/a>. For the sake of viewer convenience, the content is shown below in the alternative language. You may click the link to switch the active language.<\/p><p><\/p>\n<h1><strong>Ad\u0131yaman merkezli \u00e7uval \u00fcreticisi Utsa \u00c7uval, 1133 KW\u2019l\u0131k <\/strong>G\u00fcne\u015f Enerjisi Santrali (GES) yat\u0131r\u0131m\u0131nda Generalsolar\u2019\u0131 tercih etti.<\/h1>\n<p>Avrupa men\u015feli <strong>son teknoloji makine parkuru<\/strong> ile <strong>donat\u0131lm\u0131\u015f tesislerinde<\/strong> sentetik dokuma kuma\u015f ve \u00e7uval \u00fcretimi ger\u00e7ekle\u015ftiren <strong>Utsa \u00c7uval<\/strong>, \u00a0<strong>\u201cG\u00fcne\u015f Enerjisi ile \u00c7evre Dostu\u201d<\/strong> \u00e7at\u0131 GES yat\u0131r\u0131m\u0131 i\u00e7in enerji sekt\u00f6r\u00fcn\u00fcn deneyimli ve tan\u0131nan firmas\u0131 Generalsolar Enerji ile anla\u015ft\u0131.<\/p>\n<h2><strong><img loading=\"lazy\" class=\"alignright wp-image-124482\" src=\"https:\/\/www.enerjigazetesi.ist\/wp-content\/uploads\/2020\/12\/utsa-cuval-in-gunes-enerjisi-santrali-yatirimi-faaliyete-gecti.jpg\" alt=\"\" width=\"320\" height=\"289\" srcset=\"https:\/\/www.enerjigazetesi.ist\/wp-content\/uploads\/2020\/12\/utsa-cuval-in-gunes-enerjisi-santrali-yatirimi-faaliyete-gecti.jpg 541w, https:\/\/www.enerjigazetesi.ist\/wp-content\/uploads\/2020\/12\/utsa-cuval-in-gunes-enerjisi-santrali-yatirimi-faaliyete-gecti-300x271.jpg 300w, https:\/\/www.enerjigazetesi.ist\/wp-content\/uploads\/2020\/12\/utsa-cuval-in-gunes-enerjisi-santrali-yatirimi-faaliyete-gecti-443x400.jpg 443w, https:\/\/www.enerjigazetesi.ist\/wp-content\/uploads\/2020\/12\/utsa-cuval-in-gunes-enerjisi-santrali-yatirimi-faaliyete-gecti-55x50.jpg 55w, https:\/\/www.enerjigazetesi.ist\/wp-content\/uploads\/2020\/12\/utsa-cuval-in-gunes-enerjisi-santrali-yatirimi-faaliyete-gecti-500x451.jpg 500w\" sizes=\"(max-width: 320px) 100vw, 320px\" \/>Sancar: \u201cGelecek nesillere daha temiz bir d\u00fcnya b\u0131rakmay\u0131 hedefliyoruz\u201d<\/strong><\/h2>\n<p><strong>Ad\u0131yaman Organize Sanayi B\u00f6lgesi<\/strong>\u2019nde <strong>11 bin metrekaresi<\/strong> kapal\u0131 toplam <strong>21 bin metrekare<\/strong> alan \u00fczerine kurulu tesislerinde <strong>120 ki\u015filik<\/strong> personel kadrosuyla y\u0131ll\u0131k<strong> 60 milyon adet torba \u00fcretimi<\/strong> ger\u00e7ekle\u015ftirdiklerini aktaran Utsa \u00c7uval Y\u00f6netim Kurulu \u00dcyesi<strong> Zeynel Sancar<\/strong>, \u00e7at\u0131lar\u0131na kurulacak <strong>GES Projeleri<\/strong>ne start vermenin mutlulu\u011funu ya\u015fad\u0131klar\u0131n\u0131 belirtti. Sancar, <em>\u201cYat\u0131r\u0131m\u0131m\u0131z tamamland\u0131\u011f\u0131nda t\u00fcketti\u011fimiz elektri\u011fi <strong>temiz enerji kayna\u011f\u0131<\/strong>ndan sa\u011flayaca\u011f\u0131z. Di\u011fer taraftan bu yat\u0131r\u0131m\u0131m\u0131z ile gelecek nesillere <strong>daha temiz bir d\u00fcnya b\u0131rakma<\/strong> konusunda bir nebze de olsa \u00fczerimize d\u00fc\u015fen g\u00f6revi yerine getirecek olman\u0131n mutlulu\u011funu ya\u015f\u0131yoruz\u201d<\/em> dedi.<\/p>\n<h2><strong>Demirda\u015f: \u201cSekt\u00f6r\u00fcm\u00fczde bir\u00e7ok ilke imza att\u0131k\u201d<\/strong><\/h2>\n<p><em>Generalsolar Enerji Y\u00f6netim Kurulu Ba\u015fkan\u0131<\/em> <strong>Ali Demirda\u015f<\/strong> ise, \u00e7at\u0131 GES yat\u0131r\u0131mlar\u0131nda Generalsolar\u2019a duyduklar\u0131 g\u00fcven ve \u00e7evreye olan duyarl\u0131l\u0131klar\u0131ndan dolay\u0131 <strong>Utsa \u00c7uval<\/strong> y\u00f6netimine te\u015fekk\u00fcr etti. Ali Demirda\u015f, \u201c<strong>Yenilenebilir enerji sekt\u00f6r\u00fc<\/strong>n\u00fcn G\u00fcne\u015f alan\u0131nda faaliyet g\u00f6steren firmam\u0131z, tecr\u00fcbeli m\u00fchendis ve \u00e7al\u0131\u015fan kadrosu ile \u00fclke genelinde \u00e7ok say\u0131da ba\u015far\u0131l\u0131 projeler ger\u00e7ekle\u015ftirirken bir\u00e7ok ilke de imza att\u0131. \u00a0<strong>Ad\u0131yaman<\/strong>\u2019da <strong>Utsa \u00c7uval<\/strong>\u2019\u0131n da <strong>GES yat\u0131r\u0131m\u0131<\/strong>nda bizler ile i\u015fbirli\u011fi yapmas\u0131ndan dolay\u0131 \u00e7ok memnunuz\u201d ifadelerini kulland\u0131.<\/p>\n<p>\u201cUtsa \u00c7uval olarak \u00fcretimlerimizde kalite ve g\u00fcvenirli\u011fi \u00f6n planda tutuyoruz\u201d diyen Sancar, \u201c<strong>Yenilik\u00e7i bak\u0131\u015f a\u00e7\u0131m\u0131z ile yat\u0131r\u0131mlar\u0131m\u0131za y\u00f6n veriyoruz.\u00a0 Enerjimizi G\u00fcne\u015f\u2019ten kar\u015f\u0131lamaya y\u00f6nelik \u00e7evreci GES yat\u0131r\u0131m\u0131m\u0131z da bu yenilik\u00e7i anlay\u0131\u015f\u0131m\u0131z\u0131n bir sonucudur. Bu yat\u0131r\u0131m\u0131 ger\u00e7ekle\u015ftirmek i\u00e7in; uzman kadrosuyla g\u00fcven veren, sekt\u00f6r\u00fcn\u00fcn deneyimli ve tan\u0131nan firmas\u0131 Generalsolar<\/strong>\u2019\u0131 tercih etmekten dolay\u0131 biz de \u00e7ok memnunuz<strong>\u201d \u015feklinde konu\u015ftu.<\/strong><\/p>","protected":false},"excerpt":{"rendered":"<p>Sorry, this entry is only available in Turkish. For the sake of viewer convenience, the content is shown below in the alternative language. You may click the link to switch the active language. Ad\u0131yaman merkezli \u00e7uval \u00fcreticisi Utsa \u00c7uval, 1133 KW\u2019l\u0131k G\u00fcne\u015f Enerjisi Santrali (GES) yat\u0131r\u0131m\u0131nda Generalsolar\u2019\u0131 tercih etti. Avrupa men\u015feli son teknoloji makine parkuru [&hellip;]<\/p>\n","protected":false},"author":1,"featured_media":124486,"comment_status":"open","ping_status":"open","sticky":false,"template":"","format":"standard","meta":[],"categories":[51,53,49],"tags":[83037,68478,82660,83036,5070,52259,73550,83039,29013,74250,53157,54979,83035,83038],"views":143,"_links":{"self":[{"href":"https:\/\/www.enerjigazetesi.ist\/en\/wp-json\/wp\/v2\/posts\/124480"}],"collection":[{"href":"https:\/\/www.enerjigazetesi.ist\/en\/wp-json\/wp\/v2\/posts"}],"about":[{"href":"https:\/\/www.enerjigazetesi.ist\/en\/wp-json\/wp\/v2\/types\/post"}],"author":[{"embeddable":true,"href":"https:\/\/www.enerjigazetesi.ist\/en\/wp-json\/wp\/v2\/users\/1"}],"replies":[{"embeddable":true,"href":"https:\/\/www.enerjigazetesi.ist\/en\/wp-json\/wp\/v2\/comments?post=124480"}],"version-history":[{"count":0,"href":"https:\/\/www.enerjigazetesi.ist\/en\/wp-json\/wp\/v2\/posts\/124480\/revisions"}],"wp:featuredmedia":[{"embeddable":true,"href":"https:\/\/www.enerjigazetesi.ist\/en\/wp-json\/wp\/v2\/media\/124486"}],"wp:attachment":[{"href":"https:\/\/www.enerjigazetesi.ist\/en\/wp-json\/wp\/v2\/media?parent=124480"}],"wp:term":[{"taxonomy":"category","embeddable":true,"href":"https:\/\/www.enerjigazetesi.ist\/en\/wp-json\/wp\/v2\/categories?post=124480"},{"taxonomy":"post_tag","embeddable":true,"href":"https:\/\/www.enerjigazetesi.ist\/en\/wp-json\/wp\/v2\/tags?post=124480"}],"curies":[{"name":"wp","href":"https:\/\/api.w.org\/{rel}","templated":true}]}}