{"id":12440,"date":"2013-06-27T17:19:46","date_gmt":"2013-06-27T14:19:46","guid":{"rendered":"https:\/\/www.enerjigazetesi.ist\/?p=12440"},"modified":"2013-06-27T17:22:40","modified_gmt":"2013-06-27T14:22:40","slug":"nukleer-enerjinin-rolu-st-petersburgda-tartisilacak","status":"publish","type":"post","link":"https:\/\/www.enerjigazetesi.ist\/en\/nukleer-enerjinin-rolu-st-petersburgda-tartisilacak\/","title":{"rendered":"(Turkish) N\u00fckleer Enerjinin Rol\u00fc St.Petersburg\u2019da Tart\u0131\u015f\u0131lacak"},"content":{"rendered":"<p class=\"qtranxs-available-languages-message qtranxs-available-languages-message-en\">Sorry, this entry is only available in <a href=\"https:\/\/www.enerjigazetesi.ist\/tr\/wp-json\/wp\/v2\/posts\/12440\" class=\"qtranxs-available-language-link qtranxs-available-language-link-tr\" title=\"Turkish\">Turkish<\/a>. For the sake of viewer convenience, the content is shown below in the alternative language. You may click the link to switch the active language.<\/p><p><strong>St. Petersburg\u2019un Mohaylovsky alan\u0131nda V. Uluslararas\u0131 ATOMEXPO-2013 forumu a\u00e7\u0131ld\u0131. Programda \u201cXIX. yy atom enerjisi, istikrarl\u0131 geli\u015fim i\u00e7in sorumlu ortakl\u0131k\u201d konusu tart\u0131\u015f\u0131lacak. Forumun yap\u0131lmas\u0131ndaki ama\u00e7 son d\u00f6nemlerde artan k\u00fcresel taleplerin kar\u015f\u0131lanmas\u0131, bakanlar ve uluslararas\u0131 uzmanlar aras\u0131nda iklim de\u011fi\u015fikli\u011fi nedeniyle n\u00fckleer enerjinin rol\u00fcn\u00fcn tart\u0131\u015f\u0131lmas\u0131 olarak a\u00e7\u0131kland\u0131.<\/strong><\/p>\n<p>Konferansta 83 \u00fclke yer al\u0131rken, kay\u0131<a href=\"https:\/\/www.enerjigazetesi.ist\/wp-content\/uploads\/2012\/12\/edam-raporu-nukleer-enerjiye-geciste-turkiye-raporu-2012-505x315.jpg\"><img loading=\"lazy\" class=\"wp-image-4571 alignright\" title=\"nukleer-enerjinin-rolu-st-petersburgda-tartisilacak\" src=\"https:\/\/www.enerjigazetesi.ist\/wp-content\/uploads\/2012\/12\/edam-raporu-nukleer-enerjiye-geciste-turkiye-raporu-2012-505x315-300x187.jpg\" alt=\"\" width=\"300\" height=\"187\" srcset=\"https:\/\/www.enerjigazetesi.ist\/wp-content\/uploads\/2012\/12\/edam-raporu-nukleer-enerjiye-geciste-turkiye-raporu-2012-505x315-300x187.jpg 300w, https:\/\/www.enerjigazetesi.ist\/wp-content\/uploads\/2012\/12\/edam-raporu-nukleer-enerjiye-geciste-turkiye-raporu-2012-505x315-500x311.jpg 500w, https:\/\/www.enerjigazetesi.ist\/wp-content\/uploads\/2012\/12\/edam-raporu-nukleer-enerjiye-geciste-turkiye-raporu-2012-505x315-80x50.jpg 80w, https:\/\/www.enerjigazetesi.ist\/wp-content\/uploads\/2012\/12\/edam-raporu-nukleer-enerjiye-geciste-turkiye-raporu-2012-505x315.jpg 505w\" sizes=\"(max-width: 300px) 100vw, 300px\" \/><\/a>tl\u0131 584 kat\u0131l\u0131mc\u0131dan 60\u2019\u0131 bakanlardan olu\u015fuyor. Toplant\u0131 konu\u015fmac\u0131lar\u0131 aras\u0131nda MAGATE (uluslararas\u0131 atom enerjisi ajans\u0131) Genel M\u00fcd\u00fcr Yard\u0131mc\u0131s\u0131 Aleksander B\u0131\u00e7kov, Agneta Rizing D\u00fcnya N\u00fckleer Birli\u011fi M\u00fcd\u00fcr\u00fc Agneta Rizing, Rosatom devlet \u015firketinin Genel M\u00fcd\u00fcr Yard\u0131mc\u0131s\u0131 Kirill Komarov, di\u011fer n\u00fckleer kurulu\u015flar\u0131n ve sekt\u00f6rdeki b\u00fcy\u00fck \u015firketlerin y\u00f6neticileri ve temsilcileri bulunuyor.<\/p>\n<p>Kremlin bas\u0131n servisinden edinilen bilgiye g\u00f6re, MAGATE Genel M\u00fcd\u00fcr\u00fc Yukiya Amano \u201c21. Y\u00fczy\u0131lda atom enerjisi\u201d konferans\u0131na kat\u0131lacak ve Rusya Devlet Ba\u015fkan\u0131 Putin ile g\u00f6r\u00fc\u015fecek. Toplant\u0131 s\u0131ras\u0131nda Rusya ve MAGATE aras\u0131nda n\u00fckleer enerjinin bar\u0131\u015f\u00e7\u0131l kullan\u0131m\u0131 alan\u0131nda i\u015fbirli\u011finin yap\u0131lmas\u0131 ve n\u00fckleer silahlar\u0131n yay\u0131lmas\u0131n\u0131 \u00f6nleme alan\u0131nda uluslararas\u0131 i\u015fbirli\u011finin yap\u0131lmas\u0131 konular\u0131 g\u00f6r\u00fc\u015f\u00fclecek.<\/p>\n<p>\u0130ran Atom Enerjisi Ba\u015fkan\u0131 Fereydun Abbasi liderli\u011findeki heyet \u0130ran\u2019da bar\u0131\u015f\u00e7\u0131l ama\u00e7la kullan\u0131lan n\u00fckleer enerji konusunda ve \u201cXXI. y\u00fczy\u0131lda atom enerjisi\u201d konulu Uluslararas\u0131 MAGATE konferans\u0131nda \u0130ran \u0130slam Cumhuriyeti\u2019nin \u00e7al\u0131\u015fmalar\u0131n\u0131 sunacak.<\/p>\n<p>Kaynak: <a href=\"http:\/\/enerjienstitusu.com\/2013\/06\/27\/nukleer-enerjinin-rolu-st-petersburgda-tartisilacak\/\" target=\"_blank\">Enerji Enstit\u00fcs\u00fc<\/a><\/p>","protected":false},"excerpt":{"rendered":"<p>Sorry, this entry is only available in Turkish. For the sake of viewer convenience, the content is shown below in the alternative language. You may click the link to switch the active language.St. Petersburg\u2019un Mohaylovsky alan\u0131nda V. Uluslararas\u0131 ATOMEXPO-2013 forumu a\u00e7\u0131ld\u0131. Programda \u201cXIX. yy atom enerjisi, istikrarl\u0131 geli\u015fim i\u00e7in sorumlu ortakl\u0131k\u201d konusu tart\u0131\u015f\u0131lacak. Forumun yap\u0131lmas\u0131ndaki [&hellip;]<\/p>\n","protected":false},"author":1,"featured_media":4571,"comment_status":"open","ping_status":"open","sticky":false,"template":"","format":"standard","meta":[],"categories":[53,43],"tags":[600,6376,63,67,165,6371,1999,6373,71,21,6372,6375,2382,6374,6370],"views":769,"_links":{"self":[{"href":"https:\/\/www.enerjigazetesi.ist\/en\/wp-json\/wp\/v2\/posts\/12440"}],"collection":[{"href":"https:\/\/www.enerjigazetesi.ist\/en\/wp-json\/wp\/v2\/posts"}],"about":[{"href":"https:\/\/www.enerjigazetesi.ist\/en\/wp-json\/wp\/v2\/types\/post"}],"author":[{"embeddable":true,"href":"https:\/\/www.enerjigazetesi.ist\/en\/wp-json\/wp\/v2\/users\/1"}],"replies":[{"embeddable":true,"href":"https:\/\/www.enerjigazetesi.ist\/en\/wp-json\/wp\/v2\/comments?post=12440"}],"version-history":[{"count":8,"href":"https:\/\/www.enerjigazetesi.ist\/en\/wp-json\/wp\/v2\/posts\/12440\/revisions"}],"predecessor-version":[{"id":12448,"href":"https:\/\/www.enerjigazetesi.ist\/en\/wp-json\/wp\/v2\/posts\/12440\/revisions\/12448"}],"wp:featuredmedia":[{"embeddable":true,"href":"https:\/\/www.enerjigazetesi.ist\/en\/wp-json\/wp\/v2\/media\/4571"}],"wp:attachment":[{"href":"https:\/\/www.enerjigazetesi.ist\/en\/wp-json\/wp\/v2\/media?parent=12440"}],"wp:term":[{"taxonomy":"category","embeddable":true,"href":"https:\/\/www.enerjigazetesi.ist\/en\/wp-json\/wp\/v2\/categories?post=12440"},{"taxonomy":"post_tag","embeddable":true,"href":"https:\/\/www.enerjigazetesi.ist\/en\/wp-json\/wp\/v2\/tags?post=12440"}],"curies":[{"name":"wp","href":"https:\/\/api.w.org\/{rel}","templated":true}]}}