{"id":124369,"date":"2020-12-01T12:36:45","date_gmt":"2020-12-01T09:36:45","guid":{"rendered":"https:\/\/www.enerjigazetesi.ist\/?p=124369"},"modified":"2020-12-01T12:41:23","modified_gmt":"2020-12-01T09:41:23","slug":"ercomert-yenilenebilir-enerji-toplam-kapasitenin-yuzde-50-sini-gecti","status":"publish","type":"post","link":"https:\/\/www.enerjigazetesi.ist\/en\/ercomert-yenilenebilir-enerji-toplam-kapasitenin-yuzde-50-sini-gecti\/","title":{"rendered":"(Turkish) T\u00fcrkiye&#8217;nin Yenilenebilir Enerjisi Toplam Kapasitenin %50&#8217;sini A\u015ft\u0131!"},"content":{"rendered":"<p class=\"qtranxs-available-languages-message qtranxs-available-languages-message-en\">Sorry, this entry is only available in <a href=\"https:\/\/www.enerjigazetesi.ist\/tr\/wp-json\/wp\/v2\/posts\/124369\" class=\"qtranxs-available-language-link qtranxs-available-language-link-tr\" title=\"Turkish\">Turkish<\/a>. For the sake of viewer convenience, the content is shown below in the alternative language. You may click the link to switch the active language.<\/p><p><\/p>\n<h1>Yat\u0131r\u0131mc\u0131lara y\u00f6nelik son kez uygulanacak olan 10 y\u0131l s\u00fcreli d\u00f6viz bazl\u0131 yenilenebilir enerji te\u015fvi\u011finden faydalanmak i\u00e7in projelerin h\u0131zland\u0131r\u0131lmas\u0131yla kas\u0131m sonu itibar\u0131yla devreye al\u0131nan\u00a0yenilenebilir enerji\u00a0kurulu g\u00fcc\u00fc 4 bin 200 megavat\u0131 a\u015farak\u00a0rekor seviyeye ula\u015f\u0131rken Yenilenebilir Enerji Kaynaklar\u0131n\u0131 Destekleme Mekanizmas\u0131 (YEKDEM) kapsam\u0131nda elektri\u011fin kilovatsaatine r\u00fczgar ve hidroelektrik i\u00e7in 7,3 dolar\/sent, jeotermal i\u00e7in 10,5 dolar\/sent, biyok\u00fctle ve g\u00fcne\u015f i\u00e7in de 13,3 dolar\/sent te\u015fvik veriliyor. Te\u015fvikler, yerli ekipman kullan\u0131m\u0131na g\u00f6re de\u011fi\u015fiklik g\u00f6sterebiliyor. Bu \u00e7er\u00e7evede verilen al\u0131m garantisi, elektrik \u00fcretim santralinin devreye girdi\u011fi tarihten itibaren 10 y\u0131l, yerli aksam deste\u011fi ise 5 y\u0131l boyunca sa\u011flan\u0131yor.<\/h1>\n<p>Di\u011fer yandan, <strong>YEKDEM mekanizmas\u0131<\/strong> i\u00e7in ba\u015fvurular\u0131n bu y\u0131l sonu itibar\u0131yla sona erece\u011fi ve <strong>2 Kas\u0131m 2020<\/strong>&#8216;e kadar en az bir <strong>elektrik \u00fcretim \u00fcnitesi<\/strong> devreye al\u0131nan santrallerin te\u015fvikten yararlanabilece\u011fi a\u00e7\u0131klan\u0131rken bu s\u00fcre,<strong> yeni tip koronavir\u00fcs salg\u0131n\u0131<\/strong> nedeniyle <strong>30 Haziran 2021<\/strong>&#8216;e <img loading=\"lazy\" class=\"alignright wp-image-124373\" src=\"https:\/\/www.enerjigazetesi.ist\/wp-content\/uploads\/2020\/12\/ercomert-yenilenebilir-enerji-toplam-kapasitenin-yuzde-50-sini-gecti.jpg\" alt=\"\" width=\"320\" height=\"240\" srcset=\"https:\/\/www.enerjigazetesi.ist\/wp-content\/uploads\/2020\/12\/ercomert-yenilenebilir-enerji-toplam-kapasitenin-yuzde-50-sini-gecti.jpg 651w, https:\/\/www.enerjigazetesi.ist\/wp-content\/uploads\/2020\/12\/ercomert-yenilenebilir-enerji-toplam-kapasitenin-yuzde-50-sini-gecti-300x225.jpg 300w, https:\/\/www.enerjigazetesi.ist\/wp-content\/uploads\/2020\/12\/ercomert-yenilenebilir-enerji-toplam-kapasitenin-yuzde-50-sini-gecti-500x375.jpg 500w, https:\/\/www.enerjigazetesi.ist\/wp-content\/uploads\/2020\/12\/ercomert-yenilenebilir-enerji-toplam-kapasitenin-yuzde-50-sini-gecti-67x50.jpg 67w\" sizes=\"(max-width: 320px) 100vw, 320px\" \/>kadar uzat\u0131ld\u0131.<\/p>\n<p>Yat\u0131r\u0131mc\u0131lar\u0131n devam eden projelerini en k\u0131sa s\u00fcrede bitirmeye yo\u011funla\u015fmas\u0131yla yenilenebilir enerjide devreye giren kapasite kas\u0131mda <strong>4 bin 200 megavat\u0131<\/strong> a\u015farak rekor seviyeye ula\u015ft\u0131. S\u00f6z konusu kapasitenin yakla\u015f\u0131k <strong>2 bin 500<\/strong> megavat\u0131n\u0131 hidroelektrik,<strong> 912<\/strong> megavat\u0131n\u0131 r\u00fczgar, <strong>500<\/strong> megavat\u0131n\u0131 g\u00fcne\u015f, <strong>184<\/strong> megavat\u0131n\u0131 biyok\u00fctle ve <strong>128<\/strong> megavat\u0131n\u0131 jeotermal santralleri meydana getirdi.<\/p>\n<p><strong>YEKDEM<\/strong> kapsam\u0131nda <strong>30 Haziran 2021<\/strong>&#8216;e kadar devreye giren santrallerin te\u015fvik hakk\u0131 <strong>1 Ocak 2022<\/strong>&#8216;de ba\u015flayacak ve <strong>31 Aral\u0131k 2030<\/strong>&#8216;da sona erecek.<\/p>\n<p><strong>Hidroelektrik Santrallar\u0131 Sanayi \u0130\u015fadamlar\u0131 Derne\u011fi (HES\u0130AD)<\/strong> Y\u00f6netim Kurulu \u00dcyesi<strong> Taner Erc\u00f6mert<\/strong>, yapt\u0131\u011f\u0131 a\u00e7\u0131klamada,<strong> 31 Aral\u0131k 2020<\/strong>&#8216;ye kadar devreye girecek santrallerin mevcut <strong>d\u00f6viz bazl\u0131 fiyatlar<\/strong>dan <strong>10 y\u0131l s\u00fcreyle<\/strong> faydalanacak olmas\u0131n\u0131n yat\u0131r\u0131mlar\u0131n h\u0131z\u0131n\u0131 art\u0131rd\u0131\u011f\u0131n\u0131 ifade etti.<\/p>\n<p>Erc\u00f6mert, <strong>1 Ocak-30 Haziran<\/strong> aras\u0131nda ilk defa devreye girecek santrallerin<strong> mevcut fiyatlardan \u00fcretim yapma s\u00fcresi<\/strong>nin <strong>31 Aral\u0131k 2030<\/strong>&#8216;da tamamlanmas\u0131n\u0131n yat\u0131r\u0131mc\u0131lara h\u0131z verdi\u011fini ve bunun <strong>enerji sekt\u00f6r\u00fcne canl\u0131l\u0131k<\/strong> getirdi\u011fini dile getirdi.<\/p>\n<p>Erc\u00f6mert, <strong>30 Haziran&#8217;dan sonra<\/strong> devreye girecek santraller i\u00e7in <strong>te\u015fvik mekanizmas\u0131<\/strong>n\u0131n hen\u00fcz belli olmamas\u0131n\u0131n da yat\u0131r\u0131mc\u0131lar\u0131n portf\u00f6ylerini en k\u0131sa s\u00fcrede tamamlama gayretine girmelerine neden oldu\u011funu belirterek, &#8220;<em>\u00dclkemiz bundan kazan\u00e7l\u0131 \u00e7\u0131kt\u0131. Bu ay itibar\u0131yla devreye al\u0131nan <strong>yenilenebilir enerji kurulu g\u00fcc\u00fc<\/strong> rekor seviyede ger\u00e7ekle\u015fti. Bu art\u0131\u015f, \u00fclkemizin son y\u0131llardaki en b\u00fcy\u00fck <strong>yenilenebilir enerji<\/strong> ata\u011f\u0131d\u0131r. \u00dclkemizin yenilenebilir enerji kurulu g\u00fcc\u00fc toplam kapasitesinin <strong>% 50<\/strong>&#8216;sini ge\u00e7ti. G\u00fcn\u00fcm\u00fcz itibar\u0131yla yenilenebilir enerji kurulu g\u00fcc\u00fcm\u00fcz <strong>48 bin 500 megavata<\/strong> ula\u015ft\u0131. Bu kapasitenin <strong>2021<\/strong>&#8216;in ilk yar\u0131s\u0131nda <strong>50 bin megavat\u0131<\/strong> ge\u00e7mesini bekliyoruz. Bug\u00fcn itibar\u0131yla <strong>95 bin megavat\u0131n<\/strong> \u00fczerine \u00e7\u0131kan toplam kurulu g\u00fcc\u00fcm\u00fczde ise art\u0131k ilk hedef 100 bin megavat\u0131n a\u015f\u0131lmas\u0131. <strong>Yerli aksam te\u015fvi\u011fi<\/strong> kapsam\u0131nda bir\u00e7ok santralde <strong>t\u00fcrbinler<\/strong> ve <strong>ekipmanlar\u0131n<\/strong> yerli olarak imal edilmesiyle milli sanayimiz de kazand\u0131.&#8221; <\/em>ifadelerini kulland\u0131.<\/p>","protected":false},"excerpt":{"rendered":"<p>Sorry, this entry is only available in Turkish. For the sake of viewer convenience, the content is shown below in the alternative language. You may click the link to switch the active language. Yat\u0131r\u0131mc\u0131lara y\u00f6nelik son kez uygulanacak olan 10 y\u0131l s\u00fcreli d\u00f6viz bazl\u0131 yenilenebilir enerji te\u015fvi\u011finden faydalanmak i\u00e7in projelerin h\u0131zland\u0131r\u0131lmas\u0131yla kas\u0131m sonu itibar\u0131yla devreye [&hellip;]<\/p>\n","protected":false},"author":1,"featured_media":124373,"comment_status":"open","ping_status":"open","sticky":false,"template":"","format":"standard","meta":[],"categories":[51,53,47],"tags":[5070,52259,26043,50998,26044,82968,82972,82970,82971,45615,54979,29410,82967,56176,10881,82969,61731,51994],"views":117,"_links":{"self":[{"href":"https:\/\/www.enerjigazetesi.ist\/en\/wp-json\/wp\/v2\/posts\/124369"}],"collection":[{"href":"https:\/\/www.enerjigazetesi.ist\/en\/wp-json\/wp\/v2\/posts"}],"about":[{"href":"https:\/\/www.enerjigazetesi.ist\/en\/wp-json\/wp\/v2\/types\/post"}],"author":[{"embeddable":true,"href":"https:\/\/www.enerjigazetesi.ist\/en\/wp-json\/wp\/v2\/users\/1"}],"replies":[{"embeddable":true,"href":"https:\/\/www.enerjigazetesi.ist\/en\/wp-json\/wp\/v2\/comments?post=124369"}],"version-history":[{"count":2,"href":"https:\/\/www.enerjigazetesi.ist\/en\/wp-json\/wp\/v2\/posts\/124369\/revisions"}],"predecessor-version":[{"id":124371,"href":"https:\/\/www.enerjigazetesi.ist\/en\/wp-json\/wp\/v2\/posts\/124369\/revisions\/124371"}],"wp:featuredmedia":[{"embeddable":true,"href":"https:\/\/www.enerjigazetesi.ist\/en\/wp-json\/wp\/v2\/media\/124373"}],"wp:attachment":[{"href":"https:\/\/www.enerjigazetesi.ist\/en\/wp-json\/wp\/v2\/media?parent=124369"}],"wp:term":[{"taxonomy":"category","embeddable":true,"href":"https:\/\/www.enerjigazetesi.ist\/en\/wp-json\/wp\/v2\/categories?post=124369"},{"taxonomy":"post_tag","embeddable":true,"href":"https:\/\/www.enerjigazetesi.ist\/en\/wp-json\/wp\/v2\/tags?post=124369"}],"curies":[{"name":"wp","href":"https:\/\/api.w.org\/{rel}","templated":true}]}}