{"id":12426,"date":"2013-06-27T16:38:11","date_gmt":"2013-06-27T13:38:11","guid":{"rendered":"https:\/\/www.enerjigazetesi.ist\/?p=12426"},"modified":"2013-06-27T16:38:11","modified_gmt":"2013-06-27T13:38:11","slug":"agrida-biyogaz-tesisleri-tanitimi-yapildi","status":"publish","type":"post","link":"https:\/\/www.enerjigazetesi.ist\/en\/agrida-biyogaz-tesisleri-tanitimi-yapildi\/","title":{"rendered":"(Turkish) A\u011fr\u0131&#8217;da Biyogaz Tesisleri Tan\u0131t\u0131m\u0131 Yap\u0131ld\u0131"},"content":{"rendered":"<p class=\"qtranxs-available-languages-message qtranxs-available-languages-message-en\">Sorry, this entry is only available in <a href=\"https:\/\/www.enerjigazetesi.ist\/tr\/wp-json\/wp\/v2\/posts\/12426\" class=\"qtranxs-available-language-link qtranxs-available-language-link-tr\" title=\"Turkish\">Turkish<\/a>. For the sake of viewer convenience, the content is shown below in the alternative language. You may click the link to switch the active language.<\/p><p><strong>Naturakraft Enerji A\u015e ve A\u011fr\u0131 Belediyesi&#8217;nin ortakla\u015fa d\u00fczenledi\u011fi proje \u00e7er\u00e7evesinde A\u011fr\u0131&#8217;n\u0131n Fatih Mahallesi&#8217;nde temeli at\u0131lan biyogaz tesisinin tan\u0131t\u0131m-bilgilendirme toplant\u0131s\u0131 yap\u0131ld\u0131.<\/strong><\/p>\n<p>Bilgilendirme toplant\u0131s\u0131nda konu\u015fan Belediye Ba\u015fkan\u0131 Hasan Arslan, A\u011fr\u0131&#8217;da ilk defa b\u00f6yle bir tesisin kuruldu\u011funu ve bu tesisin, bir itibar\u0131n temeli, bir samimiyetin temeli oldu\u011funu s\u00f6yledi. Uzak \u00fclkelerden gelen insanlar\u0131n \u00e7ok rahat ve \u00f6zg\u00fcr bir \u015fekilde yat\u0131r\u0131m yapt\u0131klar\u0131n\u0131 belirten Arslan, A\u011fr\u0131&#8217;n\u0131n bu tarz eserlere ihtiyac\u0131 oldu\u011funu kaydetti. Arslan, &#8220;Bundan dolay\u0131 \u00e7ok mutluyuz. D\u00fc\u015f\u00fcnebiliyor musunuz ta Avusturya&#8217;dan Almanya&#8217;dan insanlara bir fikir veriyorsunuz ve bu fikir de ortak bir \u00e7al\u0131\u015fman\u0131n neticesinde tan\u0131mad\u0131klar\u0131 bilmedikleri bir co\u011frafyan\u0131n ve oran\u0131n da en \u00fccra noktas\u0131na gelip, bu riski g\u00f6ze al\u0131p bu biyogaz temelini atmalar\u0131ndan dolay\u0131 \u00e7ok te\u015fekk\u00fcr ediyoruz.<\/p>\n<p><a href=\"https:\/\/www.enerjigazetesi.ist\/wp-content\/uploads\/2013\/06\/agri-da-biyogaz-tesisi-tanitimi-yapildi.jpg\"><img loading=\"lazy\" class=\"alignleft size-medium wp-image-12427\" title=\"agri-da-biyogaz-tesisi-tanitimi-yapildi\" src=\"https:\/\/www.enerjigazetesi.ist\/wp-content\/uploads\/2013\/06\/agri-da-biyogaz-tesisi-tanitimi-yapildi-300x181.jpg\" alt=\"\" width=\"300\" height=\"181\" srcset=\"https:\/\/www.enerjigazetesi.ist\/wp-content\/uploads\/2013\/06\/agri-da-biyogaz-tesisi-tanitimi-yapildi-300x181.jpg 300w, https:\/\/www.enerjigazetesi.ist\/wp-content\/uploads\/2013\/06\/agri-da-biyogaz-tesisi-tanitimi-yapildi-80x48.jpg 80w, https:\/\/www.enerjigazetesi.ist\/wp-content\/uploads\/2013\/06\/agri-da-biyogaz-tesisi-tanitimi-yapildi.jpg 480w\" sizes=\"(max-width: 300px) 100vw, 300px\" \/><\/a>Bizim bu tarz eserlere neden ihtiyac\u0131m\u0131z var? A\u011fr\u0131&#8217;da yakla\u015f\u0131k 5 bin tane i\u015fsizimiz var. Bunlar hep gen\u00e7 karde\u015flerimiz. Bu tesisle birlikte A\u011fr\u0131&#8217;da 500 tane gencimize i\u015f imkan\u0131 olu\u015fturacak ve ikinci bir boyut ise psikolojik s\u0131k\u0131nt\u0131y\u0131 da gidermi\u015f oluyor. Ekolojik dengeye de \u00e7ok b\u00fcy\u00fck katk\u0131s\u0131 olacak. Malum A\u011fr\u0131&#8217;n\u0131n k\u0131\u015flar\u0131 \u00e7ok uzun ve serttir. Bu nedenle sebze ve meyvemiz ba\u015fka uzak illerden geliyor. Fakat bu tesisten \u00fcretilen enerji ile serac\u0131l\u0131k yap\u0131lacak. \u00c7ok uzak diyarlardan gelen sebze ve meyvemizi kendimiz \u00fcretece\u011fiz art\u0131k.&#8221; dedi.<\/p>\n<p>Naturakraft Enerji A\u015e Genel Direkt\u00f6r\u00fc Emin Karaman ise biyogaz tesisinin hem \u00e7evre hem de enerji projesi oldu\u011funu ve A\u011fr\u0131&#8217;n\u0131n daha temiz olmas\u0131 i\u00e7in, at\u0131klar\u0131 daha d\u00fczenli ve itinal\u0131 toplamak gerekti\u011fini ifade etti. Karaman, \u015funlar\u0131 s\u00f6yledi: &#8220;Organik at\u0131klar\u0131 art\u0131k burada toplayaca\u011f\u0131z. Kapal\u0131 bir ortamda fermentasyonu h\u0131zland\u0131ran, bir i\u015fleme tabi tutuyoruz.<\/p>\n<p>Bu i\u015flem esnas\u0131nda bir metan gaz\u0131 olu\u015fuyor. Bu gaz\u0131 kojenerasyon motorlar\u0131yla elektri\u011fe \u00e7evirip, elektrik hatt\u0131na aktar\u0131yoruz. \u00dclkemizin enerji ihtiyac\u0131na bir nebze de olsa fayda sa\u011flam\u0131\u015f oluyoruz. Akabinde olu\u015fan ham madde ile organik bir g\u00fcbre fabrikas\u0131n\u0131n ilk ad\u0131m\u0131n\u0131 at\u0131yoruz. Biyogaz tesisinden \u00e7\u0131kan ham maddeyi en yeni teknolojilerle zenginle\u015ftirip organik g\u00fcbre \u00fcretece\u011fiz. Yani bu vesileyle organik tar\u0131ma \u00f6n ayak olacak bir g\u00fcbre fabrikas\u0131 kurulabilecek.&#8221;<\/p>\n<p>T\u00f6rene Belediye ba\u015fkan\u0131 Hasan Arslan, \u0130l M\u00fcft\u00fcs\u00fc \u0130zani Turan, G\u0131da Tar\u0131m ve Hayvanc\u0131l\u0131k M\u00fcd\u00fcr\u00fc Murat Demirk\u0131ran, Teia\u015f M\u00fcd\u00fcr\u00fc Maruf Varol, kurum m\u00fcd\u00fcrleri ve davetliler kat\u0131ld\u0131.<\/p>\n<p>Kaynak: <a href=\"http:\/\/www.energyworld.com.tr\/root.vol?title=agri-39da-biyogaz-tesisleri-tanitimi-yapildi&amp;exec=page&amp;nid=550982\" target=\"_blank\">Energy World<\/a><\/p>","protected":false},"excerpt":{"rendered":"<p>Sorry, this entry is only available in Turkish. For the sake of viewer convenience, the content is shown below in the alternative language. You may click the link to switch the active language.Naturakraft Enerji A\u015e ve A\u011fr\u0131 Belediyesi&#8217;nin ortakla\u015fa d\u00fczenledi\u011fi proje \u00e7er\u00e7evesinde A\u011fr\u0131&#8217;n\u0131n Fatih Mahallesi&#8217;nde temeli at\u0131lan biyogaz tesisinin tan\u0131t\u0131m-bilgilendirme toplant\u0131s\u0131 yap\u0131ld\u0131. Bilgilendirme toplant\u0131s\u0131nda konu\u015fan [&hellip;]<\/p>\n","protected":false},"author":1,"featured_media":12427,"comment_status":"open","ping_status":"open","sticky":false,"template":"","format":"standard","meta":[],"categories":[53],"tags":[6358,640,641,19,63,67,165,6359],"views":1199,"_links":{"self":[{"href":"https:\/\/www.enerjigazetesi.ist\/en\/wp-json\/wp\/v2\/posts\/12426"}],"collection":[{"href":"https:\/\/www.enerjigazetesi.ist\/en\/wp-json\/wp\/v2\/posts"}],"about":[{"href":"https:\/\/www.enerjigazetesi.ist\/en\/wp-json\/wp\/v2\/types\/post"}],"author":[{"embeddable":true,"href":"https:\/\/www.enerjigazetesi.ist\/en\/wp-json\/wp\/v2\/users\/1"}],"replies":[{"embeddable":true,"href":"https:\/\/www.enerjigazetesi.ist\/en\/wp-json\/wp\/v2\/comments?post=12426"}],"version-history":[{"count":1,"href":"https:\/\/www.enerjigazetesi.ist\/en\/wp-json\/wp\/v2\/posts\/12426\/revisions"}],"predecessor-version":[{"id":12428,"href":"https:\/\/www.enerjigazetesi.ist\/en\/wp-json\/wp\/v2\/posts\/12426\/revisions\/12428"}],"wp:featuredmedia":[{"embeddable":true,"href":"https:\/\/www.enerjigazetesi.ist\/en\/wp-json\/wp\/v2\/media\/12427"}],"wp:attachment":[{"href":"https:\/\/www.enerjigazetesi.ist\/en\/wp-json\/wp\/v2\/media?parent=12426"}],"wp:term":[{"taxonomy":"category","embeddable":true,"href":"https:\/\/www.enerjigazetesi.ist\/en\/wp-json\/wp\/v2\/categories?post=12426"},{"taxonomy":"post_tag","embeddable":true,"href":"https:\/\/www.enerjigazetesi.ist\/en\/wp-json\/wp\/v2\/tags?post=12426"}],"curies":[{"name":"wp","href":"https:\/\/api.w.org\/{rel}","templated":true}]}}