{"id":124211,"date":"2020-11-27T11:26:39","date_gmt":"2020-11-27T08:26:39","guid":{"rendered":"https:\/\/www.enerjigazetesi.ist\/?p=124211"},"modified":"2020-11-27T12:27:27","modified_gmt":"2020-11-27T09:27:27","slug":"gece-kombi-kapatmak-tasarruf-saglamaz","status":"publish","type":"post","link":"https:\/\/www.enerjigazetesi.ist\/en\/gece-kombi-kapatmak-tasarruf-saglamaz\/","title":{"rendered":"(Turkish) &#8221;Gece Kombi Kapatmak Tasarruf Sa\u011flamaz&#8221;"},"content":{"rendered":"<p class=\"qtranxs-available-languages-message qtranxs-available-languages-message-en\">Sorry, this entry is only available in <a href=\"https:\/\/www.enerjigazetesi.ist\/tr\/wp-json\/wp\/v2\/posts\/124211\" class=\"qtranxs-available-language-link qtranxs-available-language-link-tr\" title=\"Turkish\">Turkish<\/a>. For the sake of viewer convenience, the content is shown below in the alternative language. You may click the link to switch the active language.<\/p><p><\/p>\n<h1><strong>Aile b\u00fct\u00e7esinin en \u00f6nemli gider kalemlerinden biri olan y\u00fcksek do\u011falgaz faturalar\u0131, al\u0131nacak baz\u0131 \u00f6nlemler ile azalt\u0131labilir. Do\u011fru bilinen yanl\u0131\u015flar\u0131n do\u011falgaz t\u00fcketimini art\u0131rd\u0131\u011f\u0131n\u0131 belirten \u00dc\u00e7ay M\u00fchendislik Genel Koordinat\u00f6r\u00fc \u00d6zg\u00fcr \u015eahin, \u201cArtan t\u00fcketim do\u011frudan faturalara yans\u0131yor ve faturalar y\u00fcksek geliyor. \u00d6denen y\u00fcksek tutarlara ra\u011fmen evler yeterince \u0131s\u0131t\u0131lam\u0131yor. Oysaki al\u0131nacak baz\u0131 tedbirler ile hem faturalar\u0131 d\u00fc\u015f\u00fcrmek hem de konforu y\u00fckseltmek m\u00fcmk\u00fcnd\u00fcr.\u201d dedi ve \u00f6nemli bilgiler payla\u015ft\u0131.<\/strong><\/h1>\n<p><strong>K\u0131\u015f mevsiminin gelmesiyle<\/strong> birlikte <strong>do\u011falgaz faturalar\u0131<\/strong> da artmaya ba\u015flad\u0131. <strong>500 binden fazla<\/strong> <img loading=\"lazy\" class=\"alignright wp-image-124213\" src=\"https:\/\/www.enerjigazetesi.ist\/wp-content\/uploads\/2020\/11\/gece-kombi-kapatmak-tasarruf-saglamaz-2.jpg\" alt=\"\" width=\"320\" height=\"222\" srcset=\"https:\/\/www.enerjigazetesi.ist\/wp-content\/uploads\/2020\/11\/gece-kombi-kapatmak-tasarruf-saglamaz-2.jpg 705w, https:\/\/www.enerjigazetesi.ist\/wp-content\/uploads\/2020\/11\/gece-kombi-kapatmak-tasarruf-saglamaz-2-300x208.jpg 300w, https:\/\/www.enerjigazetesi.ist\/wp-content\/uploads\/2020\/11\/gece-kombi-kapatmak-tasarruf-saglamaz-2-500x346.jpg 500w, https:\/\/www.enerjigazetesi.ist\/wp-content\/uploads\/2020\/11\/gece-kombi-kapatmak-tasarruf-saglamaz-2-72x50.jpg 72w\" sizes=\"(max-width: 320px) 100vw, 320px\" \/>evi do\u011falgaz ile tan\u0131\u015ft\u0131ran <strong>\u00dc\u00e7ay M\u00fchendislik<\/strong>\u2019in Genel Koordinat\u00f6r\u00fc <strong>\u00d6zg\u00fcr \u015eahin<\/strong>, \u0131s\u0131nma giderlerini azaltacak ve faturalar\u0131 d\u00fc\u015f\u00fcrecek pratik bilgiler payla\u015ft\u0131. Vatanda\u015flar\u0131n en \u00e7ok merak etti\u011fi <strong>\u201cKombi geceleri kapat\u0131lmal\u0131 m\u0131d\u0131r?\u201d<\/strong> sorusuna da a\u00e7\u0131kl\u0131k getirdi ve <span style=\"text-decoration: underline;\">\u015funlar\u0131 s\u00f6yledi:<\/span> <em>\u201cKombiyi kapat\u0131p sabah a\u00e7mak hi\u00e7bir \u015fekilde tasarruf sa\u011flamaz. Gece kombi kapat\u0131ld\u0131\u011f\u0131nda mekan\u0131n <strong>taban, tavan<\/strong> ve <strong>duvarlar\u0131<\/strong> sabaha kadar so\u011fur. <strong>Sabah mekan\u0131n \u0131s\u0131t\u0131lmas\u0131<\/strong> i\u00e7in kombinin derecesi art\u0131r\u0131l\u0131r ve kombi <strong>2 kat daha fazla<\/strong> \u00e7al\u0131\u015f\u0131r. B\u00f6ylece gece yap\u0131lan<strong> tasarruf<\/strong> bo\u015fa gider. Bu sebeple do\u011fru olan kombiyi gece k\u0131smakt\u0131r.\u201d<\/em><\/p>\n<h2><strong>DI\u015eARI \u00c7IKARKEN KOMB\u0130 KAPATILMALI MIDIR?<\/strong><\/h2>\n<p>Kombinin ayarlar\u0131 ile s\u0131k s\u0131k oynanmamas\u0131 gerekti\u011fini belirten \u00d6zg\u00fcr \u015eahin, \u201cHavalar\u0131n so\u011fumaya ba\u015flamas\u0131yla a\u00e7\u0131lan <strong>kombi havalar\u0131n \u0131s\u0131nmas\u0131yla<\/strong> kapat\u0131lmal\u0131d\u0131r. Bu uzun s\u00fcre\u00e7te <strong>kombinin kapat\u0131laca\u011f\u0131 zamanlar<\/strong> da vard\u0131r. 1 g\u00fcnden fazla d\u0131\u015far\u0131 \u00e7\u0131k\u0131lacaksa kombi kapat\u0131labilir. <strong>2 -3 saatli\u011fine<\/strong> d\u0131\u015far\u0131 \u00e7\u0131kan birisinin kombiyi kapatmas\u0131 yanl\u0131\u015f bir harekettir.\u201d dedi.<\/p>\n<h2><strong>\u201cKOMB\u0130 BAKIMI TASARRUFU ETK\u0130LER\u201d<\/strong><\/h2>\n<p><strong>Kombi <\/strong>ve<strong> radyat\u00f6r bak\u0131m\u0131<\/strong>n\u0131n da tasarrufu etkileyen fakt\u00f6rlerden biri oldu\u011funun alt\u0131n\u0131 \u00e7izen \u015eahin, \u201cKombi bak\u0131m\u0131 ve radyat\u00f6rlerin temizli\u011fi tasarrufu etkilemektedir. D\u00fczenli bak\u0131m\u0131 yap\u0131lmayan<strong> kombiler<\/strong> ve <strong>kombi tesisat\u0131<\/strong> rand\u0131manl\u0131 \u00e7al\u0131\u015fmad\u0131\u011f\u0131 gibi verimi de d\u00fc\u015f\u00fck olur. Periyodik bak\u0131mlar\u0131n yap\u0131lmas\u0131 <strong>kombinin verimini y\u00fckseltir<\/strong> ve <strong>tasarruf<\/strong> sa\u011flar. Ayr\u0131ca <strong>kombinin \u00f6mr\u00fcn\u00fc<\/strong> de uzat\u0131r. Bak\u0131ms\u0131z kombiler<strong> y\u00fcksek miktarda t\u00fcketim<\/strong> yaparken istenen fayday\u0131 da sa\u011flayamaz. Radyat\u00f6rler i\u00e7erisinde t\u0131kanmaya neden olan <strong>tortu<\/strong> ve <strong>kire\u00e7ler<\/strong> de temizlenmelidir. Temizlik yap\u0131lmayan peteklerde baz\u0131 b\u00f6lgelerde \u0131s\u0131nma ger\u00e7ekle\u015fmez. Bu da <strong>kalorifer sistemini<\/strong> daha fazla \u00e7al\u0131\u015fmaya te\u015fvik eder. T\u00fcm i\u015flemler yetkili servislerce yap\u0131lmal\u0131d\u0131r.\u201d bilgilerini payla\u015ft\u0131.<\/p>","protected":false},"excerpt":{"rendered":"<p>Sorry, this entry is only available in Turkish. For the sake of viewer convenience, the content is shown below in the alternative language. You may click the link to switch the active language. Aile b\u00fct\u00e7esinin en \u00f6nemli gider kalemlerinden biri olan y\u00fcksek do\u011falgaz faturalar\u0131, al\u0131nacak baz\u0131 \u00f6nlemler ile azalt\u0131labilir. Do\u011fru bilinen yanl\u0131\u015flar\u0131n do\u011falgaz t\u00fcketimini art\u0131rd\u0131\u011f\u0131n\u0131 [&hellip;]<\/p>\n","protected":false},"author":1,"featured_media":124214,"comment_status":"open","ping_status":"open","sticky":false,"template":"","format":"standard","meta":[],"categories":[46,53],"tags":[54036,59720,60162,52259,35423,82808,82810,82301,59670,82809],"views":186,"_links":{"self":[{"href":"https:\/\/www.enerjigazetesi.ist\/en\/wp-json\/wp\/v2\/posts\/124211"}],"collection":[{"href":"https:\/\/www.enerjigazetesi.ist\/en\/wp-json\/wp\/v2\/posts"}],"about":[{"href":"https:\/\/www.enerjigazetesi.ist\/en\/wp-json\/wp\/v2\/types\/post"}],"author":[{"embeddable":true,"href":"https:\/\/www.enerjigazetesi.ist\/en\/wp-json\/wp\/v2\/users\/1"}],"replies":[{"embeddable":true,"href":"https:\/\/www.enerjigazetesi.ist\/en\/wp-json\/wp\/v2\/comments?post=124211"}],"version-history":[{"count":0,"href":"https:\/\/www.enerjigazetesi.ist\/en\/wp-json\/wp\/v2\/posts\/124211\/revisions"}],"wp:featuredmedia":[{"embeddable":true,"href":"https:\/\/www.enerjigazetesi.ist\/en\/wp-json\/wp\/v2\/media\/124214"}],"wp:attachment":[{"href":"https:\/\/www.enerjigazetesi.ist\/en\/wp-json\/wp\/v2\/media?parent=124211"}],"wp:term":[{"taxonomy":"category","embeddable":true,"href":"https:\/\/www.enerjigazetesi.ist\/en\/wp-json\/wp\/v2\/categories?post=124211"},{"taxonomy":"post_tag","embeddable":true,"href":"https:\/\/www.enerjigazetesi.ist\/en\/wp-json\/wp\/v2\/tags?post=124211"}],"curies":[{"name":"wp","href":"https:\/\/api.w.org\/{rel}","templated":true}]}}