{"id":124169,"date":"2020-11-27T08:35:37","date_gmt":"2020-11-27T05:35:37","guid":{"rendered":"https:\/\/www.enerjigazetesi.ist\/?p=124169"},"modified":"2020-11-27T08:37:28","modified_gmt":"2020-11-27T05:37:28","slug":"asunim-afrika-kitasi-ndaki-en-buyuk-depolama-projesine-imza-atiyor","status":"publish","type":"post","link":"https:\/\/www.enerjigazetesi.ist\/en\/asunim-afrika-kitasi-ndaki-en-buyuk-depolama-projesine-imza-atiyor\/","title":{"rendered":"(Turkish) Asunim, Afrika K\u0131tas\u0131ndaki En B\u00fcy\u00fck Depolama Projesine \u0130mza At\u0131yor"},"content":{"rendered":"<p class=\"qtranxs-available-languages-message qtranxs-available-languages-message-en\">Sorry, this entry is only available in <a href=\"https:\/\/www.enerjigazetesi.ist\/tr\/wp-json\/wp\/v2\/posts\/124169\" class=\"qtranxs-available-language-link qtranxs-available-language-link-tr\" title=\"Turkish\">Turkish<\/a>. For the sake of viewer convenience, the content is shown below in the alternative language. You may click the link to switch the active language.<\/p><p><\/p>\n<h1><strong>G\u00fcne\u015f enerjisi sekt\u00f6r\u00fcnde uzun y\u0131llard\u0131r faaliyet g\u00f6steren ve uluslararas\u0131 alanda bir\u00e7ok ba\u015far\u0131l\u0131 projeye imza atan Asunim,\u00a0 Dubai\u2019de faaliyet g\u00f6steren \u0130-kWh \u015firketi ile birlikte; Sudan\u2019da kurulacak GES ve enerji depolama tesisi i\u00e7in, Elsewedy Electric T&amp;D (EETD) \u015firketi ile anla\u015fma sa\u011flad\u0131.<\/strong><\/h1>\n<p><strong><img loading=\"lazy\" class=\"alignright wp-image-124171\" src=\"https:\/\/www.enerjigazetesi.ist\/wp-content\/uploads\/2020\/11\/asunim-afrika-kitasi-ndaki-en-buyuk-depolama-projesine-imza-atiyor.jpg\" alt=\"\" width=\"320\" height=\"180\" srcset=\"https:\/\/www.enerjigazetesi.ist\/wp-content\/uploads\/2020\/11\/asunim-afrika-kitasi-ndaki-en-buyuk-depolama-projesine-imza-atiyor.jpg 868w, https:\/\/www.enerjigazetesi.ist\/wp-content\/uploads\/2020\/11\/asunim-afrika-kitasi-ndaki-en-buyuk-depolama-projesine-imza-atiyor-300x169.jpg 300w, https:\/\/www.enerjigazetesi.ist\/wp-content\/uploads\/2020\/11\/asunim-afrika-kitasi-ndaki-en-buyuk-depolama-projesine-imza-atiyor-768x432.jpg 768w, https:\/\/www.enerjigazetesi.ist\/wp-content\/uploads\/2020\/11\/asunim-afrika-kitasi-ndaki-en-buyuk-depolama-projesine-imza-atiyor-500x281.jpg 500w, https:\/\/www.enerjigazetesi.ist\/wp-content\/uploads\/2020\/11\/asunim-afrika-kitasi-ndaki-en-buyuk-depolama-projesine-imza-atiyor-80x45.jpg 80w\" sizes=\"(max-width: 320px) 100vw, 320px\" \/>Afrika k\u0131tas\u0131ndaki<\/strong> en b\u00fcy\u00fck <strong>depolama projeleri<\/strong>nden biri ve <strong>G\u00fcney Sudan<\/strong> i\u00e7in bir ilk olacak proje, <strong>20 MWp<\/strong>\u2019l\u0131k g\u00fcne\u015f enerji santrali ve <strong>35 MWh<\/strong>\u2018l\u0131k <strong>enerji depolama tesisi<\/strong>nden olu\u015fuyor.<\/p>\n<p><strong>Sudan<\/strong>&#8216;daki bu \u00f6nemli projenin;<em> proje boyutland\u0131rma, m\u00fchendislik, elektrik projesi, \u00fcr\u00fcn do\u011frulama ve yerinde denetim hizmetleri<\/em> Farkl\u0131 \u00fclkelerde 6 ofisi ve toplam <strong>1GW Solar referans\u0131<\/strong> bulunan Asunim\u2019in Dubai ofisi taraf\u0131ndan sa\u011flanacak.<\/p>\n<h2><strong>\u201cAfrika&#8217;n\u0131n en b\u00fcy\u00fck PV sistemlerinden biri olan proje, ayn\u0131 zamanda t\u00fcm b\u00f6lgeye enerji sa\u011flayacak\u201d<\/strong><\/h2>\n<p>Asunim Grup Direkt\u00f6r\u00fc <strong>Andreas Schuenhoff<\/strong>, \u201cAfrika&#8217;daki bu \u00e7ok \u00f6nemli projeye se\u00e7ilmekten onur duyuyoruz, konsorsiyum orta\u011f\u0131m\u0131z I-kWh ile m\u00fc\u015fterimiz <strong>EETD<\/strong> i\u00e7in birlikte \u00e7al\u0131\u015fmaktan da b\u00fcy\u00fck mutluluk duyuyoruz. Juba PV projesi bizim i\u00e7in sadece Afrika&#8217;n\u0131n en b\u00fcy\u00fck <strong>PV sistemleri<\/strong>nden biri oldu\u011fu i\u00e7in de\u011fil, ayn\u0131 zamanda t\u00fcm b\u00f6lgeye enerji sa\u011flayabilmesi ve g\u00fcne\u015f enerjisinin her bak\u0131mdan <strong>g\u00fcvenilir, maliyet avantajl\u0131<\/strong> oldu\u011funu g\u00f6stermesi a\u00e7\u0131s\u0131ndan son derece \u00f6nemli. En son teknoloji depolama sistemlerinin de bu projede kullan\u0131lmas\u0131 ayr\u0131ca \u00e7ok \u00f6nemli. Juba projesi ile <strong>%90<\/strong>\u2019\u0131n\u0131n elektri\u011fe eri\u015fimi olmayan <strong>G\u00fcney Sudan halk\u0131na<\/strong> elektrik sa\u011flamay\u0131 ve a\u011f\u0131rl\u0131kl\u0131 olarak petrole ba\u011f\u0131ml\u0131 olan elektrik \u00fcretim <strong>kapasitesine g\u00fcne\u015fi eklemeyi<\/strong> hedefliyoruz\u201d dedi.<\/p>\n<p>I-kWh Genel M\u00fcd\u00fcr\u00fc <strong>Aaron Astley<\/strong> \u015funlar\u0131 s\u00f6yledi: \u201cG\u00fcney Sudan&#8217;daki proje, b\u00f6lgedeki enerji depolama uygulamalar\u0131 i\u00e7in bir ilk olacak.\u00a0<strong>PV + Depolama projeleri<\/strong> a\u00e7\u0131s\u0131ndan yeni bir referans noktas\u0131 olu\u015fturacak olan bu projede, <strong>EETD<\/strong> ve <strong>Asunim<\/strong> gibi b\u00fcy\u00fck kurulu\u015flarla \u00e7al\u0131\u015fmaktan heyecan duyuyoruz. &#8221;<\/p>\n<p><strong>EETD<\/strong> Teknik Direkt\u00f6r\u00fc <strong>Mohamed Shiha<\/strong> ise, proje taraf\u0131ndan \u00fcretilen tahmini <strong>29 milyon kWh temiz enerji<\/strong>nin <strong>59.000&#8217;den<\/strong> fazla G\u00fcney Sudan evinin enerji ihtiyac\u0131n\u0131 kar\u015f\u0131layaca\u011f\u0131na ve projenin, y\u0131ll\u0131k <strong>10.900 ton CO2 emisyonunu<\/strong> \u00f6nleyece\u011fini belirtti.<\/p>\n<h2><strong>\u201cT\u00fcrkiye\u2019de de GES depolama uygulamalar\u0131na haz\u0131rlan\u0131yoruz\u201d<\/strong><\/h2>\n<p>Asunim Kurucu Orta\u011f\u0131 <strong>Umut G\u00fcrb\u00fcz<\/strong>,\u201cFotovoltaik santrallerin<strong> planlanmas\u0131<\/strong> ve <strong>kurulumundaki<\/strong> tecr\u00fcbemiz ile beraber gelece\u011fin teknolojisi olan <strong>depolama sistemleri<\/strong> ile d\u00fcnyada kurulan en b\u00fcy\u00fck sistemlerden bir tanesinde<strong> Asunim<\/strong> imzas\u0131 olaca\u011f\u0131 i\u00e7in mutluyuz. T\u00fcrkiye\u2019de de bu uygulamalar\u0131 hayata ge\u00e7irmek i\u00e7in \u00e7al\u0131\u015fmalar\u0131m\u0131z\u0131 ba\u015flatt\u0131k\u201d dedi.<\/p>","protected":false},"excerpt":{"rendered":"<p>Sorry, this entry is only available in Turkish. For the sake of viewer convenience, the content is shown below in the alternative language. You may click the link to switch the active language. G\u00fcne\u015f enerjisi sekt\u00f6r\u00fcnde uzun y\u0131llard\u0131r faaliyet g\u00f6steren ve uluslararas\u0131 alanda bir\u00e7ok ba\u015far\u0131l\u0131 projeye imza atan Asunim,\u00a0 Dubai\u2019de faaliyet g\u00f6steren \u0130-kWh \u015firketi ile [&hellip;]<\/p>\n","protected":false},"author":1,"featured_media":124171,"comment_status":"open","ping_status":"open","sticky":false,"template":"","format":"standard","meta":[],"categories":[51,53],"tags":[82764,54002,59291,82768,53114,82767,18204,52259,82769,53157,11938,82765,82770,82766,53419,53679,8494],"views":69,"_links":{"self":[{"href":"https:\/\/www.enerjigazetesi.ist\/en\/wp-json\/wp\/v2\/posts\/124169"}],"collection":[{"href":"https:\/\/www.enerjigazetesi.ist\/en\/wp-json\/wp\/v2\/posts"}],"about":[{"href":"https:\/\/www.enerjigazetesi.ist\/en\/wp-json\/wp\/v2\/types\/post"}],"author":[{"embeddable":true,"href":"https:\/\/www.enerjigazetesi.ist\/en\/wp-json\/wp\/v2\/users\/1"}],"replies":[{"embeddable":true,"href":"https:\/\/www.enerjigazetesi.ist\/en\/wp-json\/wp\/v2\/comments?post=124169"}],"version-history":[{"count":0,"href":"https:\/\/www.enerjigazetesi.ist\/en\/wp-json\/wp\/v2\/posts\/124169\/revisions"}],"wp:featuredmedia":[{"embeddable":true,"href":"https:\/\/www.enerjigazetesi.ist\/en\/wp-json\/wp\/v2\/media\/124171"}],"wp:attachment":[{"href":"https:\/\/www.enerjigazetesi.ist\/en\/wp-json\/wp\/v2\/media?parent=124169"}],"wp:term":[{"taxonomy":"category","embeddable":true,"href":"https:\/\/www.enerjigazetesi.ist\/en\/wp-json\/wp\/v2\/categories?post=124169"},{"taxonomy":"post_tag","embeddable":true,"href":"https:\/\/www.enerjigazetesi.ist\/en\/wp-json\/wp\/v2\/tags?post=124169"}],"curies":[{"name":"wp","href":"https:\/\/api.w.org\/{rel}","templated":true}]}}