{"id":12413,"date":"2013-06-27T11:07:15","date_gmt":"2013-06-27T08:07:15","guid":{"rendered":"https:\/\/www.enerjigazetesi.ist\/?p=12413"},"modified":"2013-06-27T11:29:42","modified_gmt":"2013-06-27T08:29:42","slug":"enerji-ticareti-uzmanlari-all-energy-turkey-fuar-ve-kongresi-ile-bulusacak","status":"publish","type":"post","link":"https:\/\/www.enerjigazetesi.ist\/en\/enerji-ticareti-uzmanlari-all-energy-turkey-fuar-ve-kongresi-ile-bulusacak\/","title":{"rendered":"(Turkish) Enerji Ticaretinin Taraflar\u0131 All Energy Turkey Fuar ve Kongresi \u0130le Bulu\u015facak&#8230;"},"content":{"rendered":"<p class=\"qtranxs-available-languages-message qtranxs-available-languages-message-en\">Sorry, this entry is only available in <a href=\"https:\/\/www.enerjigazetesi.ist\/tr\/wp-json\/wp\/v2\/posts\/12413\" class=\"qtranxs-available-language-link qtranxs-available-language-link-tr\" title=\"Turkish\">Turkish<\/a>. For the sake of viewer convenience, the content is shown below in the alternative language. You may click the link to switch the active language.<\/p><p><strong>Enerji ticaretinin t\u00fcm taraflar\u0131 ilk kez ger\u00e7ekle\u015ftirilecek All Energy Turkey fuar ve kongresinde bulu\u015facak.<\/strong><\/p>\n<p>\u0130stanbul Kongre ve Fuar Merkezinde <strong>11-12 Eyl\u00fcl 2013<\/strong> tarihlerinde ger\u00e7ekle\u015ftirilecek olan \u201cAll Energy Turkey\u201d kongre ve fuar\u0131, enerji piyasas\u0131 ve borsa ile ilgili her t\u00fcrl\u00fc konuyu ele alarak uluslararas\u0131 yat\u0131r\u0131mc\u0131lar, hizmet sa\u011flay\u0131c\u0131lar ve T\u00fcrk ortaklar i\u00e7in bulu\u015fma noktas\u0131 olu\u015fturmay\u0131 hedeflemektedir.(www.all-energy-turkey.com). Informa Exhibition, Konferanslar K\u0131demli Genel M\u00fcd\u00fcr Yard\u0131mc\u0131s\u0131, Christina Sternitzke \u201cBug\u00fcne kadar elde edilen ba\u015far\u0131lar i\u00e7in h\u00fck\u00fcmeti tebrik ediyor ve All Energy Turkey\u2019nin d\u00fczenleyicisi olarak kendimizi T\u00fcrk h\u00fck\u00fcmetinin enerji politikas\u0131 hedeflerini destekleyen bir ortak olarak g\u00f6r\u00fcyoruz\u201d dedi.<\/p>\n<p><strong>Fuar\u0131n ana konular\u0131: Teknolojiden \u00e7ok sat\u0131\u015f odakl\u0131<\/strong><\/p>\n<p>T\u00fcrkiye Enerji Borsas\u0131\u2019n\u0131n kurulmas\u0131 ile \u00f6n\u00fcm\u00fczdeki y\u0131llarda \u00e7ok \u00e7e\u015fitli hizmetlere talep b\u00fcy\u00fck \u00f6l\u00e7\u00fcde artacakt\u0131r.<\/p>\n<p>Enerji portf\u00f6y optimizasyonu, veri toplama ve de\u011ferlendirme ya da tahmin ve s\u00fcre\u00e7 modellemeleri gibi alanlarda hem etkin hem de d\u00fc\u015f\u00fck maliyetli y\u00f6netim ve bilgi teknolojileri \u00e7\u00f6z\u00fcmlerine gereksinim duyulacakt\u0131r.<br \/>\n\u201cAll Energy Turkey\u201d di\u011fer fuarlardan farkl\u0131 olarak \u00f6zellikle toptan sat\u0131\u015f, ticaret, sat\u0131\u015f ve pazarlama <a href=\"https:\/\/www.enerjigazetesi.ist\/wp-content\/uploads\/2013\/06\/all-energy-turkey-fuar-ve-kongresi1.jpg\"><img loading=\"lazy\" class=\"size-medium wp-image-12414 alignleft\" title=\"all-energy-turkey-fuar-ve-kongresi\" src=\"https:\/\/www.enerjigazetesi.ist\/wp-content\/uploads\/2013\/06\/all-energy-turkey-fuar-ve-kongresi1-300x157.jpg\" alt=\"\" width=\"300\" height=\"157\" srcset=\"https:\/\/www.enerjigazetesi.ist\/wp-content\/uploads\/2013\/06\/all-energy-turkey-fuar-ve-kongresi1-300x157.jpg 300w, https:\/\/www.enerjigazetesi.ist\/wp-content\/uploads\/2013\/06\/all-energy-turkey-fuar-ve-kongresi1-500x262.jpg 500w, https:\/\/www.enerjigazetesi.ist\/wp-content\/uploads\/2013\/06\/all-energy-turkey-fuar-ve-kongresi1-80x42.jpg 80w, https:\/\/www.enerjigazetesi.ist\/wp-content\/uploads\/2013\/06\/all-energy-turkey-fuar-ve-kongresi1.jpg 580w\" sizes=\"(max-width: 300px) 100vw, 300px\" \/><\/a>konular\u0131na odaklanmaktad\u0131r. B\u00f6ylece enerji sekt\u00f6r\u00fcnde yasal \u00e7er\u00e7eve, risk ve portf\u00f6y y\u00f6netimi, piyasa d\u00fczenlemeleri, toptan enerji ticaretinde fiyatlar ve piyasa tasar\u0131m\u0131 gibi operasyonel konulara de\u011finilmektedir.<\/p>\n<p>Ayr\u0131ca \u201cAll Energy Turkey\u201d, enerji ticaretinin temel unsurlar\u0131, Avrupa ve Orta Do\u011fu aras\u0131nda bir enerji k\u00f6pr\u00fcs\u00fc ve ticaret merkezi olarak T\u00fcrkiye\u2019nin rol\u00fc, EP\u0130A\u015e\u2019\u0131n kurulmas\u0131, b\u00f6lgesel enerji tedarik\u00e7ileri ile hizmet sa\u011flay\u0131c\u0131lar\u0131n\u0131n ili\u015fkisi ve elektrik ile gaz sekt\u00f6r\u00fcnde ilerleyen \u00f6zelle\u015ftirme s\u00fcre\u00e7leri konular\u0131n\u0131 ele almaktad\u0131r. Konu\u015fmac\u0131lar aras\u0131nda sekt\u00f6r uzmanlar\u0131ndan Sabanc\u0131 Holding Enerji Grubu Ba\u015fkan\u0131 Selahattin Hakman, RWE Turkey Holding CFO\u2019su Dr. Ralph J\u00e4ger ve Deloitte Dan\u0131\u015fmanl\u0131k Denetim Kurulu Ba\u015fkan\u0131 Sibel \u00c7etinkaya yer al\u0131yor.<\/p>\n<p>Enerji konusunda konferans, at\u00f6lye \u00e7al\u0131\u015fmalar\u0131, seminerlerden olu\u015fan uzmanl\u0131k e\u011fitimleri All Energy Turkey kongre ve fuar\u0131 ile s\u0131n\u0131rl\u0131 kalmay\u0131p, y\u0131l boyunca s\u00fcrd\u00fcr\u00fclecektir.<\/p>\n<p><strong>AET ortaklar\u0131 T\u00dcSIAD, ETD, Petrol Platformu, EFET<\/strong><\/p>\n<p>Avrupa ve Asya aras\u0131ndaki \u00f6nemli konumu ile T\u00fcrkiye h\u0131zla b\u00fcy\u00fcyen bir pazard\u0131r. Sternitzke bu konuda \u015f\u00f6yle diyor: \u201cT\u00fcrkiye\u2019nin \u0130stanbul\u2019u kendi enerji borsas\u0131 olan uluslararas\u0131 bir finans merkezi yapma kararl\u0131l\u0131\u011f\u0131n\u0131 takdir ediyoruz. End\u00fcstrinin, enerji piyasas\u0131 ve ticaretinde \u00e7ok \u00f6nemli bir taraf olmas\u0131 nedeniyle, biz organizat\u00f6rler i\u00e7in T\u00fcrkiye Sanayicileri ve \u0130\u015fadamlar\u0131 Derne\u011fi (T\u00dcS\u0130AD) ile yap\u0131lan i\u015f birli\u011fi \u00f6zellikle \u00e7ok \u00f6nemlidir. B\u00f6yle bir etkinli\u011fi ilk defa desteklemi\u015f olan T\u00dcS\u0130AD\u2019\u0131 ortak olarak kazanm\u0131\u015f olmaktan b\u00fcy\u00fck memnuniyet duyuyoruz\u201d.<\/p>\n<p>\u201cAll Energy Turkey\u2019nin di\u011fer ortaklar\u0131 aras\u0131nda Enerji Ticareti Derne\u011fi (ETD), Avrupa Enerji Ticareti Federasyonu (EFET), T\u00fcrk Petrol Platformu Derne\u011fi (PETFORM) yer al\u0131yor. Fuar kapsam\u0131nda dernekler, perakende ticarette sat\u0131\u015f ve rekabet konular\u0131nda \u00e7e\u015fitli at\u00f6lye \u00e7al\u0131\u015fmalar\u0131 ger\u00e7ekle\u015ftirecekler. ETD \u00fcyelerinin \u00f6zel y\u0131ll\u0131k toplant\u0131lar\u0131 kapsam\u0131nda \u201cIV. \u0130stanbul Enerji Ticareti \u00c7al\u0131\u015ftay\u0131\u201dn\u0131 AET \u00e7er\u00e7evesinde ger\u00e7ekle\u015ftirecek olmalar\u0131 bizim i\u00e7in b\u00fcy\u00fck bir onurdur.\u201d<\/p>\n<p>RWE Turkey CEO\u2019su Dr. Andreas Radmacher \u201c\u0130stanbul Enerji Ticareti \u00c7al\u0131\u015ftay\u0131 kapsam\u0131nda elektrik borsas\u0131n\u0131n geli\u015ftirilmesi i\u00e7in ba\u015far\u0131l\u0131 haz\u0131rl\u0131k ve desteklerinin ard\u0131ndan AET, \u00f6nemli bir fikir al\u0131\u015fveri\u015f platformu sunacakt\u0131r. Ulusal ve uluslararas\u0131 alanda faaliyet g\u00f6steren \u015firketlerin burada kendilerini tan\u0131tma ve T\u00fcrk \u015firketleri, dernekleri ve h\u00fck\u00fcmeti ile birlikte T\u00fcrk enerji piyasas\u0131n\u0131n serbestle\u015fmesini hayata ge\u00e7irme olanaklar\u0131 mevcuttur\u201d dedi.<\/p>\n<p>Yay\u0131nc\u0131: <a href=\"https:\/\/www.enerjigazetesi.ist\" target=\"_blank\">Enerji Gazetesi<\/a><\/p>","protected":false},"excerpt":{"rendered":"<p>Sorry, this entry is only available in Turkish. For the sake of viewer convenience, the content is shown below in the alternative language. You may click the link to switch the active language.Enerji ticaretinin t\u00fcm taraflar\u0131 ilk kez ger\u00e7ekle\u015ftirilecek All Energy Turkey fuar ve kongresinde bulu\u015facak. \u0130stanbul Kongre ve Fuar Merkezinde 11-12 Eyl\u00fcl 2013 tarihlerinde [&hellip;]<\/p>\n","protected":false},"author":1,"featured_media":12414,"comment_status":"open","ping_status":"open","sticky":false,"template":"","format":"standard","meta":[],"categories":[53],"tags":[6357,5735,63,112,67,2698,165,3444],"views":497,"_links":{"self":[{"href":"https:\/\/www.enerjigazetesi.ist\/en\/wp-json\/wp\/v2\/posts\/12413"}],"collection":[{"href":"https:\/\/www.enerjigazetesi.ist\/en\/wp-json\/wp\/v2\/posts"}],"about":[{"href":"https:\/\/www.enerjigazetesi.ist\/en\/wp-json\/wp\/v2\/types\/post"}],"author":[{"embeddable":true,"href":"https:\/\/www.enerjigazetesi.ist\/en\/wp-json\/wp\/v2\/users\/1"}],"replies":[{"embeddable":true,"href":"https:\/\/www.enerjigazetesi.ist\/en\/wp-json\/wp\/v2\/comments?post=12413"}],"version-history":[{"count":11,"href":"https:\/\/www.enerjigazetesi.ist\/en\/wp-json\/wp\/v2\/posts\/12413\/revisions"}],"predecessor-version":[{"id":12425,"href":"https:\/\/www.enerjigazetesi.ist\/en\/wp-json\/wp\/v2\/posts\/12413\/revisions\/12425"}],"wp:featuredmedia":[{"embeddable":true,"href":"https:\/\/www.enerjigazetesi.ist\/en\/wp-json\/wp\/v2\/media\/12414"}],"wp:attachment":[{"href":"https:\/\/www.enerjigazetesi.ist\/en\/wp-json\/wp\/v2\/media?parent=12413"}],"wp:term":[{"taxonomy":"category","embeddable":true,"href":"https:\/\/www.enerjigazetesi.ist\/en\/wp-json\/wp\/v2\/categories?post=12413"},{"taxonomy":"post_tag","embeddable":true,"href":"https:\/\/www.enerjigazetesi.ist\/en\/wp-json\/wp\/v2\/tags?post=12413"}],"curies":[{"name":"wp","href":"https:\/\/api.w.org\/{rel}","templated":true}]}}